{"id":106836,"date":"2025-12-07T20:03:13","date_gmt":"2025-12-07T20:03:13","guid":{"rendered":"https:\/\/www.europesays.com\/no\/106836\/"},"modified":"2025-12-07T20:03:13","modified_gmt":"2025-12-07T20:03:13","slug":"fiendtlig-holdning-til-europa","status":"publish","type":"post","link":"https:\/\/www.europesays.com\/no\/106836\/","title":{"rendered":"\u2013 Fiendtlig holdning til Europa"},"content":{"rendered":"\n<ul class=\"_list_o9xde_3 _list_64s2r_85 _unordered_o9xde_106 text-sans-m\">\n<li class=\"_item_o9xde_30\">USA advarer i et nytt strategidokument om at Europa risikerer utslettelse innen 20 \u00e5r p\u00e5 grunn av innvandringspolitikk og fallende f\u00f8dselsrater.<\/li>\n<li class=\"_item_o9xde_30\">USA-eksperter uttrykker bekymring over Trumps likegyldighet til demokratiske verdier.<\/li>\n<li class=\"_item_o9xde_30\">Professor Hilmar Mjelde sier den nesten fiendtlige holdningen til Europa er sl\u00e5ende.<\/li>\n<\/ul>\n<p>Vis mer <\/p>\n<p class=\"_paragraph_o9xde_4 _paragraph_xtcu6_10 layout-component text-serif-m layout-normal text-serif-m layout-padded\">I <a href=\"https:\/\/www.vg.no\/tag\/usa?utm_source=vg-article&amp;utm_medium=auto-tagger&amp;utm_campaign=XMw9QB\" class=\"_link_o9xde_39\" rel=\"nofollow noopener\" target=\"_blank\">USAs<\/a> nye strategi for nasjonal sikkerhet, som kom denne uken, advarer USA mot faren for \u00absivilisasjonsutslettelse\u00bb i Europa.<\/p>\n<p class=\"_paragraph_o9xde_4 _paragraph_xtcu6_10 layout-component text-serif-m layout-normal text-serif-m layout-padded\">Det advares mot at kontinentet v\u00e5rt kan v\u00e6re ugjenkjennelig innen 20 \u00e5r, hvis utviklingen fortsetter med dagens innvandringspolitikk, fallende f\u00f8dselsrater og \u00abtap av nasjonal identitet og selvtillit\u00bb.<\/p>\n<p class=\"_paragraph_o9xde_4 _paragraph_xtcu6_10 layout-component text-serif-m layout-normal text-serif-m layout-padded\"><strong class=\"_strong_o9xde_25\">USA oppmuntrer til \u00e5 fremme en \u00ab\u00e5ndelig gjenreisning\u00bb.<\/strong><\/p>\n<p class=\"_paragraph_o9xde_4 _paragraph_xtcu6_10 layout-component text-serif-m layout-normal text-serif-m layout-padded\">Norges utenriksminister Espen Barth Eide (Ap) <a href=\"https:\/\/www.vg.no\/nyheter\/i\/WvLveQ\/eide-om-usas-sikkerhetsstrategi-kraftig-kost\" data-track-element-type=\"Link\" data-track-id=\"link:WvLveQ\" class=\"_link_o9xde_39\" rel=\"nofollow noopener\" target=\"_blank\">kaller det kraftig kost<\/a>, og sier at Norge og resten av Europa ikke kjenner seg igjen.<\/p>\n<p><img decoding=\"async\" alt=\"Bilde av Espen Barth Eide\" class=\"_image_ygndg_42\" height=\"27\" itemprop=\"image\" loading=\"lazy\"  src=\"https:\/\/www.europesays.com\/no\/wp-content\/uploads\/2025\/12\/9be2770f-5177-4345-a9a4-7bded96fed7a\"  width=\"40\"\/><strong class=\"_name_ygndg_51 title-serif-xs\">Espen Barth Eide<\/strong><\/p>\n<p class=\"_paragraph_o9xde_4 text-sans-m _description_ygndg_56\">Norges utenriksminister<\/p>\n<p class=\"_paragraph_o9xde_4 _paragraph_xtcu6_10 layout-component text-serif-m layout-normal text-serif-m layout-padded\">Men i Russland er de langt mer positive til den nye strategien: <\/p>\n<p class=\"_paragraph_o9xde_4 _paragraph_xtcu6_10 layout-component text-serif-m layout-normal text-serif-m layout-padded\">\u2013 De justeringene vi ser, vil jeg si, er i stor grad forenelig med v\u00e5r visjon, sier Kreml-talsperson Dmitrij Peskov i en uttalelse s\u00f8ndag. <\/p>\n<p class=\"_paragraph_o9xde_4 _paragraph_xtcu6_10 layout-component text-serif-m layout-normal text-serif-m layout-padded\">Trump-administrasjonen beskriver sine europeiske allierte som svake og at USA vil gj\u00f8re seg mer dominerende p\u00e5 den vestlige halvkule.<\/p>\n<p>Den sterkestes rett<\/p>\n<p class=\"_paragraph_o9xde_4 _paragraph_xtcu6_10 layout-component text-serif-m layout-normal text-serif-m layout-padded\"><strong class=\"_strong_o9xde_25\">\u2013 Den nesten fiendtlige holdningen til Europa er mest sl\u00e5ende. USA kan bli en motstander heller enn en alliert i fremtidige internasjonale konflikter. <\/strong><\/p>\n<p class=\"_paragraph_o9xde_4 _paragraph_xtcu6_10 layout-component text-serif-m layout-normal text-serif-m layout-padded\">Det sier Hilmar Mjelde, som er professor i statsvitenskap ved H\u00f8gskolen p\u00e5 Vestlandet. <\/p>\n<p><img decoding=\"async\" alt=\"Bilde av Professor og USA-ekspert\" class=\"_image_ygndg_42\" height=\"40\" itemprop=\"image\" loading=\"lazy\"  src=\"https:\/\/www.europesays.com\/no\/wp-content\/uploads\/2025\/12\/3a0bbb9b-a9a7-4e79-bcff-d96533199f39\"  width=\"40\"\/><strong class=\"_name_ygndg_51 title-serif-xs\">Professor og USA-ekspert<\/strong><\/p>\n<p class=\"_paragraph_o9xde_4 text-sans-m _description_ygndg_56\">Hilmar Mjelde <\/p>\n<p class=\"_paragraph_o9xde_4 _paragraph_xtcu6_10 layout-component text-serif-m layout-normal text-serif-m layout-padded\">Han ser en tydelig retning i USAs strategi: <\/p>\n<p class=\"_paragraph_o9xde_4 _paragraph_xtcu6_10 layout-component text-serif-m layout-normal text-serif-m layout-padded\">\u2013 S\u00e5 lenge Trump eller VanceVanceUSAs visepresident J.D. Vance er president, er dette USAs kurs fremover. Trump ser verdens sterke menn som USAs naturlige allierte, ikke europeere, sier Mjelde. <\/p>\n<p class=\"_paragraph_o9xde_4 _paragraph_xtcu6_10 layout-component text-serif-m layout-normal text-serif-m layout-padded\">\u2013 For Trump er det den sterkestes rett som gjelder, der Trump, PutinPutinRusslands president Vladimir Putin og XiXiKinas president Xi Jinping gj\u00f8r som de vil i sine n\u00e6romr\u00e5der. De svake g\u00e5r under, som strategien sier kan skje med Europa. <\/p>\n<p><img alt=\"EU-kommisjonens leder Ursula von der\u00a0Leyen og Donald Trump under et m\u00f8te i New York i september.  Foto: Evan Vucci \/ AP \/ NTB\" class=\"_image_qp4xg_65 layout-component layout-normal\" data-fullscreen- data-track-element-type=\"Article image fullscreen\" data-track-name=\"ImageFullscreen\" decoding=\"async\" loading=\"lazy\" height=\"4000\" itemprop=\"image\"  src=\"https:\/\/www.europesays.com\/no\/wp-content\/uploads\/2025\/12\/adb52a93-6391-4de6-83d7-3e7efcabfe8d\"  style=\"object-position:0% 0%\" width=\"6000\"\/>EU-kommisjonens leder Ursula von der\u00a0Leyen og Donald Trump under et m\u00f8te i New York i september.  Foto: Evan Vucci \/ AP \/ NTB<\/p>\n<p class=\"_paragraph_o9xde_4 _paragraph_xtcu6_10 layout-component text-serif-m layout-normal text-serif-m layout-padded\"><strong class=\"_strong_o9xde_25\">Mjelde hevder at den liberale verdensorden, kjennetegnet av demokrati, internasjonal lov og orden og vestlig samarbeid, st\u00e5r for fall, dersom dette blir USAs linje fremover. <\/strong><\/p>\n<p class=\"_paragraph_o9xde_4 _paragraph_xtcu6_10 layout-component text-serif-m layout-normal text-serif-m layout-padded\">\u2013 Vi b\u00f8r v\u00e6re mest bekymret for NATOs fremtid. Trump kom veldig n\u00e6r \u00e5 ta USA ut av NATO i 2018, og kan finne p\u00e5 \u00e5 gj\u00f8re det n\u00e5r som helst, sier han. <\/p>\n<p class=\"_paragraph_o9xde_4 _paragraph_xtcu6_10 layout-component text-serif-m layout-normal text-serif-m layout-padded\"><strong class=\"_strong_o9xde_25\">Stoltenberg om Trump-feide<\/strong>: <a href=\"https:\/\/www.vg.no\/nyheter\/i\/VzWkgl\/stoltenberg-om-trump-feide-vi-karret-oss-vekk-fra-kanten-av-stupet\" data-track-element-type=\"Link\" data-track-id=\"link:VzWkgl\" class=\"_link_o9xde_39\" rel=\"nofollow noopener\" target=\"_blank\">\u00abVi karret oss vekk fra kanten av stupet\u00bb<\/a><\/p>\n<p class=\"_paragraph_o9xde_4 _paragraph_xtcu6_10 layout-component text-serif-m layout-normal text-serif-m layout-padded\">\u2013 Hvor stor betydning skal vi tillegge slike strategidokumenter?<\/p>\n<p class=\"_paragraph_o9xde_4 _paragraph_xtcu6_10 layout-component text-serif-m layout-normal text-serif-m layout-padded\">\u2013 Ofte blir det med tanken og forsettet. Presidentene har som regel hendene fulle med alskens uforutsette kriser som de m\u00e5 prioritere foran sin egen strategi, sier Mjelde. <\/p>\n<p class=\"_paragraph_o9xde_4 _paragraph_xtcu6_10 layout-component text-serif-m layout-normal text-serif-m layout-padded\"><strong class=\"_strong_o9xde_25\">Men han mener Trumps presidentskap er unikt. <\/strong><\/p>\n<p class=\"_paragraph_o9xde_4 _paragraph_xtcu6_10 layout-component text-serif-m layout-normal text-serif-m layout-padded\">\u2013 Republikanerne for \u00f8vrig er fortsatt et Reagan-Bush-parti i utenrikspolitikk. S\u00e5 det er ikke gitt at strategien blir USAs linje etter Trump. <\/p>\n<p>Ikke overrasket<\/p>\n<p class=\"_paragraph_o9xde_4 _paragraph_xtcu6_10 layout-component text-serif-m layout-normal text-serif-m layout-padded\">\u2013 Det mest overraskende med dette, er at det ikke er overraskende, sier TV 2s USA-kommentator Eirik Bergesen. <\/p>\n<p class=\"_paragraph_o9xde_4 _paragraph_xtcu6_10 layout-component text-serif-m layout-normal text-serif-m layout-padded\">Den store overraskelsen mener han nemlig kom da visepresident Vance sa det samme <a href=\"https:\/\/www.vg.no\/nyheter\/i\/4BQERg\/vance-paa-sikkerhetskonferansen-ingen-stoerre-utfordring-enn-masseimmigrasjon\" data-track-element-type=\"Link\" data-track-id=\"link:4BQERg\" class=\"_link_o9xde_39\" rel=\"nofollow noopener\" target=\"_blank\">p\u00e5 sikkerhetskonferansen i M\u00fcnchen i februar<\/a>. <\/p>\n<p><img decoding=\"async\" alt=\"Bilde av Eirik Bergesen\" class=\"_image_ygndg_42\" height=\"30\" itemprop=\"image\" loading=\"lazy\"  src=\"https:\/\/www.europesays.com\/no\/wp-content\/uploads\/2025\/12\/62d1d038-a04c-4968-8818-aa3fcf09e647\"  width=\"40\"\/><strong class=\"_name_ygndg_51 title-serif-xs\">Eirik Bergesen<\/strong><\/p>\n<p class=\"_paragraph_o9xde_4 text-sans-m _description_ygndg_56\">TV 2s USA-kommentator <\/p>\n<p class=\"_paragraph_o9xde_4 _paragraph_xtcu6_10 layout-component text-serif-m layout-normal text-serif-m layout-padded\">\u2013 Verden kan leve med \u00abAmerica First\u00bb\u00abAmerica First\u00bbhttps:\/\/folkogforsvar.no\/leksikon\/america-first-politikk\/, men ikke \u00abAmerica Only\u00bb. Det kan trolig ikke USA heller, men et verdibasert vestlig demokrati som tjener alle ser ikke ut til \u00e5 finne forst\u00e5else hos Trump, sier Bergesen. <\/p>\n<p class=\"_paragraph_o9xde_4 _paragraph_xtcu6_10 layout-component text-serif-m layout-normal text-serif-m layout-padded\">Han peker p\u00e5 at strategien tar utgangspunkt i at USA n\u00e5 oppfattes som sterkt og respektert verden over. <\/p>\n<p class=\"_paragraph_o9xde_4 _paragraph_xtcu6_10 layout-component text-serif-m layout-normal text-serif-m layout-padded\">\u2013 Det er bare \u00e5 \u00e5pne en hvilken som helst vestlig avis i helgen, og lese omtalen av Trumps FIFA-fredspris, for \u00e5 rive ned det selvbildet, sier Bergesen.<\/p>\n<p class=\"_paragraph_o9xde_4 _paragraph_xtcu6_10 layout-component text-serif-m layout-normal text-serif-m layout-padded\"><strong class=\"_strong_o9xde_25\">VGs kommentator om FIFA-prisen:<\/strong> <a href=\"https:\/\/www.vg.no\/nyheter\/i\/lngGGL\/flaut-for-fotballen\" data-track-element-type=\"Link\" data-track-id=\"link:lngGGL\" class=\"_link_o9xde_39\" rel=\"nofollow noopener\" target=\"_blank\">\u00abFlaut for fotballen\u00bb<\/a><\/p>\n<p class=\"_paragraph_o9xde_4 _paragraph_xtcu6_10 layout-component text-serif-m layout-normal text-serif-m layout-padded\">Han understreker at strategien st\u00e5r i dramatisk kontrast til at USA har brukt 80 \u00e5r p\u00e5 \u00e5 bygge opp globalt demokrati for \u00e5 tjene verdensfreden og verdenshandelen. <\/p>\n<p>Alle mot alle<\/p>\n<p class=\"_paragraph_o9xde_4 _paragraph_xtcu6_10 layout-component text-serif-m layout-normal text-serif-m layout-padded\">\u2013 Det minner om Monroe-doktrinenMonroe-doktrinenhttps:\/\/snl.no\/Monroe-doktrinen. En alles kamp mot alle, hvor makt har rett, passer store land. Og det passer d\u00e5rlig for sm\u00e5, \u00e5pne land som Norge, som er avhengig av sikkerhetssamarbeid og handel, sier USA-eksperten, som ogs\u00e5 er programleder i podkasten Det Store Bildet. <\/p>\n<p class=\"_paragraph_o9xde_4 _paragraph_xtcu6_10 layout-component text-serif-m layout-normal text-serif-m layout-padded\">Han mener det \u00e5 hevde at det er Europa som driver med \u00abundertrykkelse av demokratiske prosesser\u00bb er fantasifullt, men klarer \u00e5 finne noe positivt i strategien: <\/p>\n<p class=\"_paragraph_o9xde_4 _paragraph_xtcu6_10 layout-component text-serif-m layout-normal text-serif-m layout-padded\">\u2013 Den sl\u00e5r fast at USA fortsatt er avhengig av et sterkt Europa. Det er nok fornuftig for europeiske ledere \u00e5 legge vekt p\u00e5 dette, sier Bergesen. <\/p>\n<p class=\"_paragraph_o9xde_4 _paragraph_xtcu6_10 layout-component text-serif-m layout-normal text-serif-m layout-padded\">\u2013 Trumps direkthet har ogs\u00e5 fremtvunget en erkjennelse i Europa om at vi m\u00e5 ta mer ansvar for v\u00e5r egen sikkerhet.<\/p>\n<p> \u2013 Bekymringsfullt<\/p>\n<p class=\"_paragraph_o9xde_4 _paragraph_xtcu6_10 layout-component text-serif-m layout-normal text-serif-m layout-padded\">USA-kjenner og Civita-r\u00e5dgiver Eirik L\u00f8kke er ogs\u00e5 blant dem som har lest strategidokumentet.<\/p>\n<p class=\"_paragraph_o9xde_4 _paragraph_xtcu6_10 layout-component text-serif-m layout-normal text-serif-m layout-padded\">\u2013 For oss som er opptatt av liberale og demokratiske verdier, er det bekymringsfullt \u00e5 se Trumps likegyldighet til demokratiske verdier. For ham spiller det liten rolle om USA samarbeider med demokrati eller diktatur. Business er viktigst, sier L\u00f8kke.<\/p>\n<p><img decoding=\"async\" alt=\"Bilde av USA-ekspert\" class=\"_image_ygndg_42\" height=\"32\" itemprop=\"image\" loading=\"lazy\"  src=\"https:\/\/www.europesays.com\/no\/wp-content\/uploads\/2025\/12\/52b9095f-1e37-471f-ba66-fa004a37bb02\"  width=\"40\"\/><strong class=\"_name_ygndg_51 title-serif-xs\">USA-ekspert<\/strong><\/p>\n<p class=\"_paragraph_o9xde_4 text-sans-m _description_ygndg_56\">Eirik L\u00f8kke <\/p>\n<p class=\"_paragraph_o9xde_4 _paragraph_xtcu6_10 layout-component text-serif-m layout-normal text-serif-m layout-padded\"><strong class=\"_strong_o9xde_25\">Han synes det er p\u00e5fallende at Russland har v\u00e6rt ute og sagt at USAs strategi korresponderer med Russlands syn, der verden domineres mer av stormaktene.<\/strong><\/p>\n<p class=\"_paragraph_o9xde_4 _paragraph_xtcu6_10 layout-component text-serif-m layout-normal text-serif-m layout-padded\">\u2013 Det er ogs\u00e5 signaler om at USA vil orientere seg mer mot sin egen region fremover. Alts\u00e5 Latin-Amerika fremfor Europa. Og det er en tydelig linje i dokumentet at USAs rolle som verdenspoliti er over, sier USA-eksperten.<\/p>\n<p class=\"_paragraph_o9xde_4 _paragraph_xtcu6_10 layout-component text-serif-m layout-normal text-serif-m layout-padded\">Han peker p\u00e5 Leonard Cohens sitat fra l\u00e5ten The Future fra 1992, som kan v\u00e6re mer aktuell enn noensinne: <\/p>\n<p class=\"_paragraph_o9xde_4 _paragraph_xtcu6_10 layout-component text-serif-m layout-normal text-serif-m layout-padded\"><strong class=\"_strong_o9xde_25\">\u2013 \u00abYou&#8217;re not going to like what comes after America.\u00bb<\/strong><\/p>\n","protected":false},"excerpt":{"rendered":"USA advarer i et nytt strategidokument om at Europa risikerer utslettelse innen 20 \u00e5r p\u00e5 grunn av innvandringspolitikk&hellip;\n","protected":false},"author":2,"featured_media":106837,"comment_status":"","ping_status":"","sticky":false,"template":"","format":"standard","meta":{"footnotes":""},"categories":[5],"tags":[20,21,55,24,25,15,19,5636,22,23,17,18,13,30,28,29,14,16,1219,26,27,50],"class_list":{"0":"post-106836","1":"post","2":"type-post","3":"status-publish","4":"format-standard","5":"has-post-thumbnail","7":"category-overskrifter","8":"tag-breaking-news","9":"tag-breakingnews","10":"tag-donald-trump","11":"tag-featured-news","12":"tag-featurednews","13":"tag-headlines","14":"tag-hovedoppslag","15":"tag-innvandringspolitikk","16":"tag-latest-news","17":"tag-latestnews","18":"tag-main-news","19":"tag-mainnews","20":"tag-news","21":"tag-no","22":"tag-norge","23":"tag-norway","24":"tag-nyheter","25":"tag-overskrifter","26":"tag-sikkerhet","27":"tag-top-stories","28":"tag-topstories","29":"tag-usa"},"share_on_mastodon":{"url":"https:\/\/pubeurope.com\/@no\/115680078011734714","error":""},"_links":{"self":[{"href":"https:\/\/www.europesays.com\/no\/wp-json\/wp\/v2\/posts\/106836","targetHints":{"allow":["GET"]}}],"collection":[{"href":"https:\/\/www.europesays.com\/no\/wp-json\/wp\/v2\/posts"}],"about":[{"href":"https:\/\/www.europesays.com\/no\/wp-json\/wp\/v2\/types\/post"}],"author":[{"embeddable":true,"href":"https:\/\/www.europesays.com\/no\/wp-json\/wp\/v2\/users\/2"}],"replies":[{"embeddable":true,"href":"https:\/\/www.europesays.com\/no\/wp-json\/wp\/v2\/comments?post=106836"}],"version-history":[{"count":0,"href":"https:\/\/www.europesays.com\/no\/wp-json\/wp\/v2\/posts\/106836\/revisions"}],"wp:featuredmedia":[{"embeddable":true,"href":"https:\/\/www.europesays.com\/no\/wp-json\/wp\/v2\/media\/106837"}],"wp:attachment":[{"href":"https:\/\/www.europesays.com\/no\/wp-json\/wp\/v2\/media?parent=106836"}],"wp:term":[{"taxonomy":"category","embeddable":true,"href":"https:\/\/www.europesays.com\/no\/wp-json\/wp\/v2\/categories?post=106836"},{"taxonomy":"post_tag","embeddable":true,"href":"https:\/\/www.europesays.com\/no\/wp-json\/wp\/v2\/tags?post=106836"}],"curies":[{"name":"wp","href":"https:\/\/api.w.org\/{rel}","templated":true}]}}