{"id":106838,"date":"2025-12-07T20:04:10","date_gmt":"2025-12-07T20:04:10","guid":{"rendered":"https:\/\/www.europesays.com\/no\/106838\/"},"modified":"2025-12-07T20:04:10","modified_gmt":"2025-12-07T20:04:10","slug":"thea-louise-stjernesund-klatret-i-storslalamen-i-tremblant-julia-scheib-fra-osterrike-vant","status":"publish","type":"post","link":"https:\/\/www.europesays.com\/no\/106838\/","title":{"rendered":"Thea Louise Stjernesund klatret i storslal\u00e5men i Tremblant \u2013 Julia Scheib fra \u00d8sterrike vant"},"content":{"rendered":"\n<p class=\"_lead_o9xde_2 _lead_xtcu6_50 layout-component text-serif-m layout-normal text-serif-l layout-component layout-wide layout-padded _wide_17hqh_1 layout-padded\">Thea Louise Stjernesund (29) fant ikke toppfarten, men tok seg inn blant de ti beste og ble nummer \u00e5tte i storslal\u00e5mrennet i kanadiske Tremblant.<\/p>\n<p> <img class=\"_image_qp4xg_65 layout-component layout-wide\" data-fullscreen- data-track-element-type=\"Article image fullscreen\" data-track-name=\"ImageFullscreen\" fetchpriority=\"high\" decoding=\"sync\" loading=\"eager\" height=\"102\" itemprop=\"image\"  src=\"https:\/\/www.europesays.com\/no\/wp-content\/uploads\/2025\/12\/cf204e85472cb856137443514214d7a7.jpg\"  style=\"object-position:50% 50%;aspect-ratio:1.75;height:auto;object-fit:cover;width:100%\" width=\"102\"\/>  <\/p>\n<ul aria-hidden=\"true\" class=\"_images_ntbth_112\">\n<li><a class=\"_link_ntbth_117\" href=\"https:\/\/www.vg.no\/forfatter\/ntb\" style=\"z-index:1\" title=\"NTB\" rel=\"nofollow noopener\" target=\"_blank\"><img alt=\"Bilde av NTB\" class=\"_image_ntbth_93\" fetchpriority=\"low\" loading=\"lazy\" decoding=\"async\" itemprop=\"image\"  src=\"https:\/\/www.europesays.com\/no\/wp-content\/uploads\/2025\/12\/1765137849_841_c33980b0-5d07-4027-84a1-813f90a7c8d6\"  width=\"480\"\/><\/a><\/li>\n<\/ul>\n<p> Oppdatert s\u00f8ndag 7. desember kl. 20:30     <\/p>\n<p class=\"_paragraph_o9xde_4 _paragraph_xtcu6_10 layout-component text-serif-m layout-normal text-serif-m layout-padded\">Stjernesund var et stykke bak teten og utenfor topp ti etter 1. omgang. Det skilte 1,36 sekunder opp til lederen.<\/p>\n<p class=\"_paragraph_o9xde_4 _paragraph_xtcu6_10 layout-component text-serif-m layout-normal text-serif-m layout-padded\">I finaleomgangen viste hun gode takter fra start, men mistet deretter mye fart. Bak henne slet flere profiler, og Stjernesund endte opp med \u00e5 klatre flere plasser til 8.-plass. Julia Scheib (\u00d8sterrike) vant og hadde 2,06 sekunder ned til Stjernesund.<\/p>\n<p class=\"_paragraph_o9xde_4 _paragraph_xtcu6_10 layout-component text-serif-m layout-normal text-serif-m layout-padded\">\u2013 Det er en av de svakeste kj\u00f8ringene s\u00e5 langt av Stjernesund. Det var ikke dette vi dr\u00f8mte om, sa Viaplay-kommentator Henrik Jonassen.<\/p>\n<p><img alt=\"PALLEN: Sara Hector (t.v.), Julia Scheib og Alice Robinson.  Foto: Eric Bolte \/ Reuters \/ NTB\" class=\"_image_qp4xg_65 layout-component layout-normal\" data-fullscreen- data-track-element-type=\"Article image fullscreen\" data-track-name=\"ImageFullscreen\" decoding=\"async\" loading=\"lazy\" height=\"4797\" itemprop=\"image\"  src=\"https:\/\/www.europesays.com\/no\/wp-content\/uploads\/2025\/12\/2ad5a321-3e22-4a95-8fe0-d5c552fa5d95\"  style=\"object-position:0% 0%\" width=\"6545\"\/>PALLEN: Sara Hector (t.v.), Julia Scheib og Alice Robinson.  Foto: Eric Bolte \/ Reuters \/ NTB<\/p>\n<p class=\"_paragraph_o9xde_4 _paragraph_xtcu6_10 layout-component text-serif-m layout-normal text-serif-m layout-padded\">Men flere fikk alts\u00e5 tr\u00f8bbel.<\/p>\n<p class=\"_paragraph_o9xde_4 _paragraph_xtcu6_10 layout-component text-serif-m layout-normal text-serif-m layout-padded\">Stjernesund kjempet om pallen i l\u00f8rdagens storslal\u00e5mrenn, men kj\u00f8rte ut i finaleomgangen. 29-\u00e5ringen ble nummer tre i et storslal\u00e5mrenn i USA i november.<\/p>\n<p class=\"_paragraph_o9xde_4 _paragraph_xtcu6_10 layout-component text-serif-m layout-normal text-serif-m layout-padded\">Mina F\u00fcrst Holtmann ble nummer 17 s\u00f8ndag og var 2,56 sekunder bak vinneren.<\/p>\n<p class=\"_paragraph_o9xde_4 _paragraph_xtcu6_10 layout-component text-serif-m layout-normal text-serif-m layout-padded\">Madeleine Sylvester-Davik endte p\u00e5 21.-plass (3,54 bak).<\/p>\n<p class=\"_paragraph_o9xde_4 _paragraph_xtcu6_10 layout-component text-serif-m layout-normal text-serif-m layout-padded\">Neste teknikkrennen kommer i franske Courchevel 16. desember. F\u00f8r det skal fartskj\u00f8rerne konkurrere i St. Moritz.<\/p>\n","protected":false},"excerpt":{"rendered":"Thea Louise Stjernesund (29) fant ikke toppfarten, men tok seg inn blant de ti beste og ble nummer&hellip;\n","protected":false},"author":2,"featured_media":106839,"comment_status":"","ping_status":"","sticky":false,"template":"","format":"standard","meta":{"footnotes":""},"categories":[59],"tags":[249,12773,30,28,29,83,82,9804],"class_list":{"0":"post-106838","1":"post","2":"type-post","3":"status-publish","4":"format-standard","5":"has-post-thumbnail","7":"category-sport","8":"tag-alpint","9":"tag-mina-furst-holtmann","10":"tag-no","11":"tag-norge","12":"tag-norway","13":"tag-sport","14":"tag-sports","15":"tag-thea-louise-stjernesund"},"share_on_mastodon":{"url":"https:\/\/pubeurope.com\/@no\/115680082059061663","error":""},"_links":{"self":[{"href":"https:\/\/www.europesays.com\/no\/wp-json\/wp\/v2\/posts\/106838","targetHints":{"allow":["GET"]}}],"collection":[{"href":"https:\/\/www.europesays.com\/no\/wp-json\/wp\/v2\/posts"}],"about":[{"href":"https:\/\/www.europesays.com\/no\/wp-json\/wp\/v2\/types\/post"}],"author":[{"embeddable":true,"href":"https:\/\/www.europesays.com\/no\/wp-json\/wp\/v2\/users\/2"}],"replies":[{"embeddable":true,"href":"https:\/\/www.europesays.com\/no\/wp-json\/wp\/v2\/comments?post=106838"}],"version-history":[{"count":0,"href":"https:\/\/www.europesays.com\/no\/wp-json\/wp\/v2\/posts\/106838\/revisions"}],"wp:featuredmedia":[{"embeddable":true,"href":"https:\/\/www.europesays.com\/no\/wp-json\/wp\/v2\/media\/106839"}],"wp:attachment":[{"href":"https:\/\/www.europesays.com\/no\/wp-json\/wp\/v2\/media?parent=106838"}],"wp:term":[{"taxonomy":"category","embeddable":true,"href":"https:\/\/www.europesays.com\/no\/wp-json\/wp\/v2\/categories?post=106838"},{"taxonomy":"post_tag","embeddable":true,"href":"https:\/\/www.europesays.com\/no\/wp-json\/wp\/v2\/tags?post=106838"}],"curies":[{"name":"wp","href":"https:\/\/api.w.org\/{rel}","templated":true}]}}