{"id":106842,"date":"2025-12-07T20:10:13","date_gmt":"2025-12-07T20:10:13","guid":{"rendered":"https:\/\/www.europesays.com\/no\/106842\/"},"modified":"2025-12-07T20:10:13","modified_gmt":"2025-12-07T20:10:13","slug":"gidder-ikke-dra-pa-visninger-e24","status":"publish","type":"post","link":"https:\/\/www.europesays.com\/no\/106842\/","title":{"rendered":"\u2013 Gidder ikke dra p\u00e5 visninger \u2013 E24"},"content":{"rendered":"<p class=\"fullWidthDesktop hyperion-css-71ztg2\" data-test-tag=\"lead-text\">Boligprisene ventes \u00e5 stige sterkt p\u00e5 ny\u00e5ret. Sjef\u00f8konom ber f\u00f8rstegangskj\u00f8pere vurdere \u00e5 handle raskt. <\/p>\n<p><img decoding=\"async\" class=\"image-asset hyperion-css-u06ts1\" data-test-tag=\"image-asset\" src=\"https:\/\/www.europesays.com\/no\/wp-content\/uploads\/2025\/12\/2f86254b-d5a4-4fb5-bfd2-d284b514fca6\"  alt=\"\"  loading=\"eager\" fetchpriority=\"high\" style=\"aspect-ratio:1900 \/ 1267\"\/> Foto: H\u00e5kon Mosvold Larsen \/ NTBPublisert: <\/p>\n<p>For mindre enn 3 timer siden<\/p>\n<p>Oppdatert for mindre enn 2 timer siden<\/p>\n<ul class=\"hyperion-css-pte5x0\">\n<li aria-label=\"link\" class=\"narrow-button hyperion-css-1sz7d3n\">Kopier lenke<\/li>\n<li aria-label=\"link\" class=\"wide-button hyperion-css-1sz7d3n\">Kopier lenke<\/li>\n<li aria-label=\"facebook\" class=\"narrow-button hyperion-css-1sz7d3n\">Del p\u00e5 Facebook<\/li>\n<li aria-label=\"facebook\" class=\"wide-button hyperion-css-1sz7d3n\">Del p\u00e5 Facebook<\/li>\n<li aria-label=\"email\" class=\"narrow-button hyperion-css-1sz7d3n\">Del med e-post<\/li>\n<li aria-label=\"email\" class=\"wide-button hyperion-css-1sz7d3n\">Del med e-post<\/li>\n<\/ul>\n<p class=\"hyperion-css-1lemvax\">\u2013 Jeg tror vi kan f\u00e5 en ganske sterk boligprisvekst i januar og februar, men s\u00e5 pleier den \u00e5 avta.<\/p>\n<p class=\"hyperion-css-1lemvax\">Det sier sjef\u00f8konom i Prognosesenteret Nejra Macic til E24. Hun tror likevel ikke at veksten i boligpriser blir like sterk som januar og februar i \u00e5r.<\/p>\n<p><a data-test-tag=\"teaser-small:link-internal\" href=\"https:\/\/e24.no\/karriere-og-ledelse\/i\/wr6W1L\/stor-oversikt-dette-tjente-de-2000-best-betalte-legene-i-2024\" class=\"imagePosition-top inline hyperion-css-6238vu\" rel=\"nofollow noopener\" target=\"\" aria-label=\"Stor oversikt: Dette tjente de 2.000 best betalte legene i 2024\"><\/p>\n<p>Les p\u00e5 E24+<\/p>\n<p>Stor oversikt: Dette tjente de 2.000 best betalte legene i 2024<\/p>\n<p><\/a><\/p>\n<p class=\"hyperion-css-1lemvax\">Den uvanlig sterke prisveksten skyldtes mest sannsynlig at egenkapitalkravet ble redusert fra femten til ti prosent fra 1. januar, mener hun.<\/p>\n<p class=\"hyperion-css-1lemvax\">\u2013 Det ser ut til \u00e5 ha hatt sterkest effekt p\u00e5 veldig kort sikt, rett etter innf\u00f8ringen. Og i og med at vi ikke har noen s\u00e5nne endringer n\u00e5, s\u00e5 tror jeg ikke vi f\u00e5r like sterk prosentvis vekst som det var i januar i fjor, men mer tilbake til en normal januarm\u00e5ned, forklarer Macic.<\/p>\n<p><img decoding=\"async\" class=\"image-asset hyperion-css-n6kkq1\" data-test-tag=\"image-asset\" src=\"https:\/\/www.europesays.com\/no\/wp-content\/uploads\/2025\/12\/67d8b74d-fdcd-4abe-b2e7-e6ae13ff3d77\"  alt=\"\"  fetchpriority=\"auto\" style=\"aspect-ratio:1900 \/ 1267\"\/>Nejra Macic<\/p>\n<p class=\"hyperion-css-1lemvax\">Sjef\u00f8konom i Prognosesenteret.<\/p>\n<p class=\"hyperion-css-1lemvax\">I oktober falt boligprisene 0,2 prosent, men steg 0,7 prosent juster for sesongvariasjoner. S\u00e5 langt i \u00e5r er prisene opp 6,1 prosent. <\/p>\n<p class=\"hyperion-css-1lemvax\">Normalt faller boligprisene gjennom h\u00f8sten, men i \u00e5r har nedgangen v\u00e6rt mindre enn tidligere. Sjef\u00f8konomen peker p\u00e5 rentekutt. <\/p>\n<p class=\"hyperion-css-1lemvax\">\u2013 Selv om det ikke er all verden, s\u00e5 hjelper det jo at boligl\u00e5nsrentene kommer seg litt ned, og i kombinasjon med at vi har ganske sterk reall\u00f8nnsvekst i \u00e5r. Og at arbeidsledigheten fortsatt er lav, tror jeg har f\u00f8rt til at denne h\u00f8sten her har v\u00e6rt mer positiv enn det som er vanlig.<\/p>\n<p><a data-test-tag=\"teaser-small:link-internal\" href=\"https:\/\/e24.no\/karriere-og-ledelse\/i\/43janV\/275-eiendomsmeglere-tjente-over-to-millioner-i-2024\" class=\"imagePosition-top inline hyperion-css-6238vu\" rel=\"nofollow noopener\" target=\"\" aria-label=\"275 eiendomsmeglere tjente over to millioner i 2024 \"><\/p>\n<p>Les p\u00e5 E24+<\/p>\n<p>275 eiendomsmeglere tjente over to millioner i 2024 <\/p>\n<p><\/a>God kj\u00f8psmulighet<\/p>\n<p class=\"hyperion-css-1lemvax\">Macic mener at det kan v\u00e6re lurt for f\u00f8rstegangskj\u00f8pere \u00e5 ta seg en tur p\u00e5 visning i desember, f\u00f8r prisene stiger i januar og februar.<\/p>\n<p class=\"hyperion-css-1lemvax\">\u2013 Desember er jo alltid en fin m\u00e5ned \u00e5 kj\u00f8pe, for da er det veldig mange andre som ikke gidder \u00e5 dra p\u00e5 visninger og setter bort boligkj\u00f8psprosjektet sitt til januar, og s\u00e5 hopper alle p\u00e5 det toget igjen. <\/p>\n<p class=\"hyperion-css-1lemvax\">\u2013 S\u00e5 hvis man har tid og lyst til \u00e5 bruke desember p\u00e5 \u00e5 g\u00e5 p\u00e5 visninger og v\u00e6re med i budrunder, s\u00e5 er det alltid en bedre m\u00e5ned \u00e5 kj\u00f8pe i enn januar, sier hun.<\/p>\n<p class=\"hyperion-css-1lemvax\">Likevel er det vanligvis flere boliger p\u00e5 markedet i januar, noe som kan v\u00e6re en fordel. <\/p>\n<p class=\"hyperion-css-1lemvax\">\u2013 Du har mer \u00e5 velge mellom i januar, for da legges det ut flere boliger til salgs, s\u00e5 det er kanskje litt h\u00f8yere sannsynlighet for \u00e5 finne akkurat det objektet du har lyst p\u00e5 i januar enn i desember. Men du m\u00f8ter definitivt mer konkurranse enn det du gj\u00f8r i desember, sier sjef\u00f8konomen. <\/p>\n<p><a data-test-tag=\"teaser-small:link-internal\" href=\"https:\/\/e24.no\/karriere-og-ledelse\/i\/3pkQAP\/stor-oversikt-dette-tjente-656-partnere-i-ey-pwc-kpmg-deloitte-og-bdo-i-2024\" class=\"imagePosition-top inline hyperion-css-6238vu\" rel=\"nofollow noopener\" target=\"\" aria-label=\"Stor oversikt: Dette tjente 656 partnere i EY, PwC, KPMG, Deloitte og BDO i 2024\"><\/p>\n<p>Les p\u00e5 E24+<\/p>\n<p>Stor oversikt: Dette tjente 656 partnere i EY, PwC, KPMG, Deloitte og BDO i 2024<\/p>\n<p><\/a>F\u00e5 nye boliger<\/p>\n<p class=\"hyperion-css-1lemvax\">Det er krisestemning i byggebransjen, og nylig rykket LO og NHO ut med en advarsel. Bakgrunnen er at det bygges historisk f\u00e5 boliger. <\/p>\n<p class=\"hyperion-css-1lemvax\">\u2013 Det er akutt. Det er akutt, sa NHO-sjef Ole Erik Almlid <a data-test-tag=\"internal-link\" href=\"https:\/\/e24.no\/norsk-oekonomi\/i\/aJ1Q6L\/lo-og-nho-vil-ha-boliggrep-det-er-akutt\" class=\"hyperion-css-1rezu2g\" rel=\"nofollow noopener\" target=\"\" aria-label=\"til E24\">til E24<\/a>.<\/p>\n<p class=\"hyperion-css-1lemvax\">Igangsatte boliger var i oktober 44 prosent under det beregnede \u00e5rlige boligbehovet, if\u00f8lge Prognosesenteret. I 2024 n\u00e5dde byggeaktiviteten det svakeste niv\u00e5et siden 1946.<\/p>\n<p class=\"hyperion-css-1lemvax\">Lav boligbygging f\u00f8rer til et svakere tilbud og kan isolert sett bidra til \u00e5 presse opp prisene. <\/p>\n<p class=\"hyperion-css-1lemvax\">Sjef\u00f8konom Nejra Macic sier at hun forventer h\u00f8yere byggeaktivitet neste \u00e5r.<\/p>\n<p class=\"hyperion-css-1lemvax\">\u2013 Vi mener at bunnen ble n\u00e5dd i 2024, og at boligbyggingen kommer til \u00e5 gradvis \u00f8ke frem til 2028. Etter det tror vi at vi kan f\u00e5 en utflating eller svakt fallende igangsetting drevet av lavere demografisk boligbehov. <\/p>\n<p class=\"hyperion-css-1lemvax\">Det er imidlertid boliger som ikke vil n\u00e5 markedet f\u00f8r om rundt to \u00e5r. <\/p>\n<p class=\"hyperion-css-1lemvax\">\u2013 Med mindre det kommer en skikkelig utleiebolig-boom igjen til neste \u00e5r, s\u00e5nn som den vi har hatt i \u00e5r, s\u00e5 vil det samlede boligtilbudet v\u00e6re ganske lavt i 2026, og det kommer til \u00e5 presse prisene oppover. Spesielt i Oslo kommer det til \u00e5 bli ferdigstilt f\u00e5 boliger, sier hun. <\/p>\n<p><a data-test-tag=\"teaser-small:link-internal\" href=\"https:\/\/e24.no\/naeringsliv\/i\/43jWAo\/dette-tjente-forvalterne-i-2024\" class=\"imagePosition-top inline hyperion-css-6238vu\" rel=\"nofollow noopener\" target=\"\" aria-label=\"Dette tjente forvalterne i 2024\"><\/p>\n<p>Les p\u00e5 E24+<\/p>\n<p>Dette tjente forvalterne i 2024<\/p>\n<p><\/a><a data-test-tag=\"teaser-small:link-internal\" href=\"https:\/\/e24.no\/karriere-og-ledelse\/i\/zO5XpK\/dette-tjente-partnerne-i-mckinsey-bcg-og-bain-i-2024\" class=\"imagePosition-top inline hyperion-css-6238vu\" rel=\"nofollow noopener\" target=\"\" aria-label=\"Dette tjente partnerne i McKinsey, BCG og Bain i 2024\"><\/p>\n<p>Les p\u00e5 E24+<\/p>\n<p>Dette tjente partnerne i McKinsey, BCG og Bain i 2024<\/p>\n<p><\/a><\/p>\n","protected":false},"excerpt":{"rendered":"Boligprisene ventes \u00e5 stige sterkt p\u00e5 ny\u00e5ret. Sjef\u00f8konom ber f\u00f8rstegangskj\u00f8pere vurdere \u00e5 handle raskt. Foto: H\u00e5kon Mosvold Larsen&hellip;\n","protected":false},"author":2,"featured_media":106843,"comment_status":"","ping_status":"","sticky":false,"template":"","format":"standard","meta":{"footnotes":""},"categories":[10],"tags":[20,21,24,25,15,22,23,13,30,28,29,14,16,26,27],"class_list":{"0":"post-106842","1":"post","2":"type-post","3":"status-publish","4":"format-standard","5":"has-post-thumbnail","7":"category-norge","8":"tag-breaking-news","9":"tag-breakingnews","10":"tag-featured-news","11":"tag-featurednews","12":"tag-headlines","13":"tag-latest-news","14":"tag-latestnews","15":"tag-news","16":"tag-no","17":"tag-norge","18":"tag-norway","19":"tag-nyheter","20":"tag-overskrifter","21":"tag-top-stories","22":"tag-topstories"},"share_on_mastodon":{"url":"https:\/\/pubeurope.com\/@no\/115680105702324006","error":""},"_links":{"self":[{"href":"https:\/\/www.europesays.com\/no\/wp-json\/wp\/v2\/posts\/106842","targetHints":{"allow":["GET"]}}],"collection":[{"href":"https:\/\/www.europesays.com\/no\/wp-json\/wp\/v2\/posts"}],"about":[{"href":"https:\/\/www.europesays.com\/no\/wp-json\/wp\/v2\/types\/post"}],"author":[{"embeddable":true,"href":"https:\/\/www.europesays.com\/no\/wp-json\/wp\/v2\/users\/2"}],"replies":[{"embeddable":true,"href":"https:\/\/www.europesays.com\/no\/wp-json\/wp\/v2\/comments?post=106842"}],"version-history":[{"count":0,"href":"https:\/\/www.europesays.com\/no\/wp-json\/wp\/v2\/posts\/106842\/revisions"}],"wp:featuredmedia":[{"embeddable":true,"href":"https:\/\/www.europesays.com\/no\/wp-json\/wp\/v2\/media\/106843"}],"wp:attachment":[{"href":"https:\/\/www.europesays.com\/no\/wp-json\/wp\/v2\/media?parent=106842"}],"wp:term":[{"taxonomy":"category","embeddable":true,"href":"https:\/\/www.europesays.com\/no\/wp-json\/wp\/v2\/categories?post=106842"},{"taxonomy":"post_tag","embeddable":true,"href":"https:\/\/www.europesays.com\/no\/wp-json\/wp\/v2\/tags?post=106842"}],"curies":[{"name":"wp","href":"https:\/\/api.w.org\/{rel}","templated":true}]}}