{"id":106848,"date":"2025-12-07T20:17:15","date_gmt":"2025-12-07T20:17:15","guid":{"rendered":"https:\/\/www.europesays.com\/no\/106848\/"},"modified":"2025-12-07T20:17:15","modified_gmt":"2025-12-07T20:17:15","slug":"treningsprofil-dmitry-nuyanzin-dode-etter-ekstrem-matutfordring","status":"publish","type":"post","link":"https:\/\/www.europesays.com\/no\/106848\/","title":{"rendered":"Treningsprofil Dmitry Nuyanzin d\u00f8de etter ekstrem matutfordring"},"content":{"rendered":"<p>30 \u00e5r gamle Dmitry Nuyanzin fra den russiske byen Orenburg skulle promotere sitt nye treningsprogram ved f\u00f8rst \u00e5 legge p\u00e5 seg over 20 kilo \u2013 for s\u00e5 \u00e5 g\u00e5 ned igjen.<\/p>\n<p>N\u00e5 er f\u00f8lgerne i sjokk etter treningsprofilens d\u00f8dsfall.\u00a0<\/p>\n<p>Gikk opp 13 kilo p\u00e5 en m\u00e5ned<\/p>\n<p>Treningsprofilen lovet \u00e5 betale 100 dollar, om lag 1000 kroner, til alle som klarte \u00e5 g\u00e5 ned 10 prosent av kroppsvekten ved \u00e5 f\u00f8lge programmet hans innen nytt\u00e5r, melder <a href=\"https:\/\/people.com\/fitness-coach-30-dies-from-binge-eating-challenge-11858134\" rel=\"nofollow noopener\" target=\"_blank\">People<\/a>.<\/p>\n<p>18. november delte han at han veide rundt 105 kilo, etter \u00e5 ha g\u00e5tt opp 13 kilo p\u00e5 en m\u00e5ned. Dette er ogs\u00e5 den siste oppdateringen p\u00e5 <a href=\"https:\/\/www.instagram.com\/p\/DPl5LtJCvVI\/\" target=\"_blank\" rel=\"nofollow noopener\">profilens Instagram<\/a>.\u00a0<\/p>\n<p>If\u00f8lge People\u00a0fortalte Nuyanzin at han spiste mat full av kolesterol for \u00e5 g\u00e5 opp i vekt:<\/p>\n<p class=\"bold m-bold\" data-lab-font_weight=\"bold\">\u2013 Til frokost spiser jeg en tallerken bakverk og en halv kake. Til lunsj pleier jeg \u00e5 spise 800 gram dumplings med majones, har han uttalt, gjengitt av People.<\/p>\n<p>Han fortalte videre at han jevnlig spiste chips i l\u00f8pet av dagen, og til middag spiste han en burger og to sm\u00e5 pizzaer.<\/p>\n<p>Hjertestans mens han sov<\/p>\n<p>Nuyanzin begynte etter hvert \u00e5 f\u00f8le seg uvel og avlyste trenings\u00f8ktene sine. Han fortalte venner at han skulle til legen, og samme natt d\u00f8de 30-\u00e5ringen av hjertestans mens han sov.<\/p>\n<p class=\"bold m-bold\" data-lab-font_weight=\"bold\">Nuyanzin hadde over 43.000 f\u00f8lgere p\u00e5 Instagram, som uttrykker sorg i kommentarfeltene hans.<\/p>\n<p>    <a class=\"article__link\" data-ga-active-label=\"\" data-ga-active-label-animation=\"\" href=\"https:\/\/www.tv2.no\/underholdning\/varsel-mot-sophie-elise-produkt-alvorlig\/18192537\/\" rel=\"nofollow noopener\" target=\"_blank\"><\/p>\n<p>    <img class=\"image__img lazyload\" itemprop=\"image\" title=\"\" alt=\"\" width=\"978\" height=\"411\" bad-src=\"https:\/\/www.europesays.com\/no\/wp-content\/uploads\/2025\/12\/18244352.webp\" fetchpriority=\"auto\" \/><\/p>\n<p>\n            Varsel mot Sophie Elise-produkt: \u2013 Alvorlig\n        <\/p>\n<p>    <\/a><\/p>\n<p data-lab-font_weight=\"\">\u2013 Jeg nekter \u00e5 tro dette, <a href=\"https:\/\/www.instagram.com\/p\/DRNACBWjK4D\/\" rel=\"nofollow noopener\" target=\"_blank\">skriver en f\u00f8lger<\/a>.<\/p>\n<p>\u2013 Han var virkelig den beste. Man gikk ikke bare til han for \u00e5 trene og f\u00e5 bra kropp, men for godt hum\u00f8r. For et utrolig tap, mener en annen.<\/p>\n<p>\u2013 Det finnes ingen ord, skriver en tredje.<\/p>\n<p>Ekspert: D\u00f8r ikke av kalorier p\u00e5 kort sikt<\/p>\n<p> J\u00f8ran Hjelmes\u00e6th jobber som seksjonsoverlege p\u00e5 Hormon, overvekt og ern\u00e6ringsavdelingen ved Sykehuset i Vestfold. Han mener det er liten sannsynlighet for at det er selve utfordringen og kaloriene som\u00a0har tatt livet av treningsprofilen.\u00a0<\/p>\n<p>    <a class=\"article__link\" data-ga-active-label=\"\" data-ga-active-label-animation=\"\" href=\"https:\/\/www.tv2.no\/nyheter\/innenriks\/advarer-mot-muterte-virus-i-jula-kan-bli-heftig\/18307334\/\" rel=\"nofollow noopener\" target=\"_blank\"><\/p>\n<p>    <img class=\"image__img lazyload\" itemprop=\"image\" title=\"\" alt=\"\" width=\"978\" height=\"411\" bad-src=\"https:\/\/www.europesays.com\/no\/wp-content\/uploads\/2025\/12\/15380510.webp\" fetchpriority=\"auto\" \/><\/p>\n<p>\n            Advarer mot muterte virus i jula: \u2013 Kan bli heftig\n        <\/p>\n<p>    <\/a><\/p>\n<p class=\"bold m-bold\" data-lab-font_weight=\"bold\">\u2013 Det h\u00f8res ut som at har hadde en underliggende sykdom han ikke visste at han hadde, s\u00e5 har denne usunne \u00f8velsen kanskje v\u00e6rt utl\u00f8sende. Det er ingen grunn for folk \u00e5 tro eller frykte at n\u00e5r man g\u00e5r opp i vekt, s\u00e5 d\u00f8r du akutt av det. Det gj\u00f8r man ikke, forteller han og understreker:\u00a0<\/p>\n<p>        <img class=\"image__img lazyload\" itemprop=\"image\" title=\"Foto: Magnus N\u00f8kland\/ TV 2\" alt=\"SYKDOM: Et h\u00f8yt inntak av kalorier kan f\u00f8re til kronisk d\u00f8delig sykdom, men ikke akutt, sier professoren. Foto: Magnus N\u00f8kland\/ TV 2\" width=\"675\" height=\"453\" bad-src=\"https:\/\/www.europesays.com\/no\/wp-content\/uploads\/2025\/12\/18357166.webp\" fetchpriority=\"auto\" \/><\/p>\n<p>      SYKDOM: Et h\u00f8yt inntak av kalorier kan f\u00f8re til kronisk d\u00f8delig sykdom, men ikke akutt, sier professoren.<br \/>\n         Foto: Magnus N\u00f8kland\/ TV 2<\/p>\n<p>\u2013 Kalorid\u00f8den er kronisk og kommer over tid. Hvis du spiser for mye, g\u00e5r opp i vekt og f\u00e5r fedme s\u00e5 utvikler det seg en rekke uheldige tilstander i kroppen som p\u00e5 sikt kan skade hjertet. Men ikke p\u00e5 kort sikt, forteller han.\u00a0<\/p>\n<p><script async src=\"\/\/www.instagram.com\/embed.js\"><\/script><\/p>\n","protected":false},"excerpt":{"rendered":"30 \u00e5r gamle Dmitry Nuyanzin fra den russiske byen Orenburg skulle promotere sitt nye treningsprogram ved f\u00f8rst \u00e5&hellip;\n","protected":false},"author":2,"featured_media":106849,"comment_status":"","ping_status":"","sticky":false,"template":"","format":"standard","meta":{"footnotes":""},"categories":[10],"tags":[20,21,24,25,15,22,23,13,30,28,29,14,16,26,27],"class_list":{"0":"post-106848","1":"post","2":"type-post","3":"status-publish","4":"format-standard","5":"has-post-thumbnail","7":"category-norge","8":"tag-breaking-news","9":"tag-breakingnews","10":"tag-featured-news","11":"tag-featurednews","12":"tag-headlines","13":"tag-latest-news","14":"tag-latestnews","15":"tag-news","16":"tag-no","17":"tag-norge","18":"tag-norway","19":"tag-nyheter","20":"tag-overskrifter","21":"tag-top-stories","22":"tag-topstories"},"share_on_mastodon":{"url":"https:\/\/pubeurope.com\/@no\/115680132753384184","error":""},"_links":{"self":[{"href":"https:\/\/www.europesays.com\/no\/wp-json\/wp\/v2\/posts\/106848","targetHints":{"allow":["GET"]}}],"collection":[{"href":"https:\/\/www.europesays.com\/no\/wp-json\/wp\/v2\/posts"}],"about":[{"href":"https:\/\/www.europesays.com\/no\/wp-json\/wp\/v2\/types\/post"}],"author":[{"embeddable":true,"href":"https:\/\/www.europesays.com\/no\/wp-json\/wp\/v2\/users\/2"}],"replies":[{"embeddable":true,"href":"https:\/\/www.europesays.com\/no\/wp-json\/wp\/v2\/comments?post=106848"}],"version-history":[{"count":0,"href":"https:\/\/www.europesays.com\/no\/wp-json\/wp\/v2\/posts\/106848\/revisions"}],"wp:featuredmedia":[{"embeddable":true,"href":"https:\/\/www.europesays.com\/no\/wp-json\/wp\/v2\/media\/106849"}],"wp:attachment":[{"href":"https:\/\/www.europesays.com\/no\/wp-json\/wp\/v2\/media?parent=106848"}],"wp:term":[{"taxonomy":"category","embeddable":true,"href":"https:\/\/www.europesays.com\/no\/wp-json\/wp\/v2\/categories?post=106848"},{"taxonomy":"post_tag","embeddable":true,"href":"https:\/\/www.europesays.com\/no\/wp-json\/wp\/v2\/tags?post=106848"}],"curies":[{"name":"wp","href":"https:\/\/api.w.org\/{rel}","templated":true}]}}