{"id":106850,"date":"2025-12-07T20:18:09","date_gmt":"2025-12-07T20:18:09","guid":{"rendered":"https:\/\/www.europesays.com\/no\/106850\/"},"modified":"2025-12-07T20:18:09","modified_gmt":"2025-12-07T20:18:09","slug":"meteorolog-om-julevaer-i-sor-har-lite-gode-nyheter","status":"publish","type":"post","link":"https:\/\/www.europesays.com\/no\/106850\/","title":{"rendered":"Meteorolog om julev\u00e6r i s\u00f8r: \u2013 Har lite gode nyheter"},"content":{"rendered":"<p>\u2013 Jeg har lite gode nyheter, sier vakthavende meteorolog Roar Teigen i StormGeo til TV 2 om utsiktene for en hvit jul i S\u00f8r-Norge.<\/p>\n<p>\u2013 Det blir enda mildere i S\u00f8r-Norge enn det har v\u00e6rt. Julesn\u00f8en kan vi lete lenge etter, sier Teigen.<\/p>\n<p>Varm luft fra Atlanterhavet er \u00e5rsaken til mildv\u00e6ret, som forel\u00f8pig har bremset mulighetene for sn\u00f8 i f\u00f8rjulstiden s\u00f8rp\u00e5 i landet.<\/p>\n<p>\u2013 Det er perioder med regn, og det er mildt, sier Teigen om v\u00e6ret s\u00f8r for Trondheim de neste ukene.<\/p>\n<p>Det er kun i Troms og Finnmark at meteorologen n\u00e6rmest kan garantere sn\u00f8 til jul.<\/p>\n<p>\u2013 Vi kan h\u00e5pe at det snur i l\u00f8pet av den siste uken f\u00f8r jul. Men jeg er alt annet enn optimist for et v\u00e6romslag i S\u00f8r-Norge, sier meteorologen.<\/p>\n<p>\u2013 Det er kanskje 25 prosent sjanse for hvit jul i hovedstaden. S\u00e5 det er et visst h\u00e5p om at det kan snu, sier Teigen.<\/p>\n<p><img decoding=\"async\" src=\"data:image\/gif;base64,R0lGODlhEAAJAIAAAP\/\/\/wAAACH5BAEAAAAALAAAAAAQAAkAAAIKhI+py+0Po5yUFQA7\" alt=\"\"\/> <\/p>\n<p>  <strong>Foto:<\/strong> Lise \u00c5serud \/ NTB<\/p>\n","protected":false},"excerpt":{"rendered":"\u2013 Jeg har lite gode nyheter, sier vakthavende meteorolog Roar Teigen i StormGeo til TV 2 om utsiktene&hellip;\n","protected":false},"author":2,"featured_media":106851,"comment_status":"","ping_status":"","sticky":false,"template":"","format":"standard","meta":{"footnotes":""},"categories":[5],"tags":[20,21,24,25,15,19,22,23,17,18,13,30,28,29,14,16,26,27],"class_list":{"0":"post-106850","1":"post","2":"type-post","3":"status-publish","4":"format-standard","5":"has-post-thumbnail","7":"category-overskrifter","8":"tag-breaking-news","9":"tag-breakingnews","10":"tag-featured-news","11":"tag-featurednews","12":"tag-headlines","13":"tag-hovedoppslag","14":"tag-latest-news","15":"tag-latestnews","16":"tag-main-news","17":"tag-mainnews","18":"tag-news","19":"tag-no","20":"tag-norge","21":"tag-norway","22":"tag-nyheter","23":"tag-overskrifter","24":"tag-top-stories","25":"tag-topstories"},"share_on_mastodon":{"url":"https:\/\/pubeurope.com\/@no\/115680136721373192","error":""},"_links":{"self":[{"href":"https:\/\/www.europesays.com\/no\/wp-json\/wp\/v2\/posts\/106850","targetHints":{"allow":["GET"]}}],"collection":[{"href":"https:\/\/www.europesays.com\/no\/wp-json\/wp\/v2\/posts"}],"about":[{"href":"https:\/\/www.europesays.com\/no\/wp-json\/wp\/v2\/types\/post"}],"author":[{"embeddable":true,"href":"https:\/\/www.europesays.com\/no\/wp-json\/wp\/v2\/users\/2"}],"replies":[{"embeddable":true,"href":"https:\/\/www.europesays.com\/no\/wp-json\/wp\/v2\/comments?post=106850"}],"version-history":[{"count":0,"href":"https:\/\/www.europesays.com\/no\/wp-json\/wp\/v2\/posts\/106850\/revisions"}],"wp:featuredmedia":[{"embeddable":true,"href":"https:\/\/www.europesays.com\/no\/wp-json\/wp\/v2\/media\/106851"}],"wp:attachment":[{"href":"https:\/\/www.europesays.com\/no\/wp-json\/wp\/v2\/media?parent=106850"}],"wp:term":[{"taxonomy":"category","embeddable":true,"href":"https:\/\/www.europesays.com\/no\/wp-json\/wp\/v2\/categories?post=106850"},{"taxonomy":"post_tag","embeddable":true,"href":"https:\/\/www.europesays.com\/no\/wp-json\/wp\/v2\/tags?post=106850"}],"curies":[{"name":"wp","href":"https:\/\/api.w.org\/{rel}","templated":true}]}}