{"id":106855,"date":"2025-12-07T20:26:43","date_gmt":"2025-12-07T20:26:43","guid":{"rendered":"https:\/\/www.europesays.com\/no\/106855\/"},"modified":"2025-12-07T20:26:43","modified_gmt":"2025-12-07T20:26:43","slug":"har-gjort-noen-grep-i-ar","status":"publish","type":"post","link":"https:\/\/www.europesays.com\/no\/106855\/","title":{"rendered":"\u2013 Har gjort noen grep i \u00e5r"},"content":{"rendered":"<p>\n        Det settes inn seks ekstra busser daglig i tilknytning til arrangementet.<br \/>\n        Illustrasjonsfoto: Ingri Valen Egeland\n    <\/p>\n<p>    \u2013 To hovedgrunner til at vi har gjort dette, if\u00f8lge arrang\u00f8ren.<\/p>\n<p>        Kortversjon<\/p>\n<ul lang=\"nb-NO\">\n<li>Julemarkedet p\u00e5 Norsk Folkemuseum starter l\u00f8rdag med gratis inngang for OBOS-medlemmer.<\/li>\n<li>Forh\u00e5ndsbestilte billetter er n\u00f8dvendig for \u00e5 delta p\u00e5 OBOS-l\u00f8rdagen, som allerede er \u00abutsolgt\u00bb.<\/li>\n<li>Ekstra busser og ferge er satt opp for \u00e5 h\u00e5ndtere trafikken til Bygd\u00f8y samtlige fire markedsdager, helgene 6.\u20137. desember og 13.\u201314. desember.<\/li>\n<li>Totalt 40.000 bes\u00f8kte julemarkedet p\u00e5 fire dager i fjor.<\/li>\n<\/ul>\n<p>Desember er <a href=\"https:\/\/www.vartoslo.no\/jul-oslo\/her-er-sesongens-julemarkeder-i-oslo\/1046579\" target=\"_blank\" rel=\"nofollow noopener\">tid for julemarkeder<\/a>. L\u00f8rdag er det duket for<br \/>\nsesongens f\u00f8rste utgave av Norsk Folkemuseums tradisjonsrike og popul\u00e6re<br \/>\njulemarked p\u00e5 Bygd\u00f8y som hvert \u00e5r trekker til seg titusenvis av folk.<\/p>\n<p>Med gratis inngang for OBOS-medlemmer er den f\u00f8rste av fire<br \/>\nmarkedsdager ekstra popul\u00e6r og har vanligvis skapt s\u00e6rlig stor p\u00e5gang. <\/p>\n<p>        <a itemprop=\"url\" target=\"_blank\" class=\"\" href=\"https:\/\/www.vartoslo.no\/jul-oslo\/her-er-sesongens-julemarkeder-i-oslo\/1046579\" data-k5a-url=\"https:\/\/www.vartoslo.no\/a\/1046579\" rel=\"nofollow noopener\"><\/p>\n<p>            Her er sesongens julemarkeder i Oslo<\/p>\n<p>        <\/a><\/p>\n<p>8000 billetter <\/p>\n<p>\u2013 Det har variert litt fra \u00e5r til \u00e5r hvilke julemarkedsdager det<br \/>\nhar v\u00e6rt flest mennesker, dette er p\u00e5virket av v\u00e6ret. Men p\u00e5 OBOS-dagen har det<br \/>\nalltid v\u00e6rt mange uansett v\u00e6r, sier presse- og kommunikasjonsr\u00e5dgiver Anniken<br \/>\nMihle i Stiftelsen<br \/>\nNorsk Folkemuseum til V\u00e5rtOslo.<\/p>\n<p>                <img decoding=\"async\" src=\"https:\/\/www.europesays.com\/no\/wp-content\/uploads\/2025\/12\/1060176.webp\" width=\"480\" height=\"332\" title=\"Juletre p\u00e5 torget p\u00e5 Norsk Folkemuseum p\u00e5 Bygd\u00f8y.\" alt=\"\" loading=\"lazy\" style=\"\"\/><\/p>\n<p>\n            Juletre p\u00e5 torget p\u00e5 Norsk Folkemuseum p\u00e5 Bygd\u00f8y.<br \/>\n            Foto: Stian Nybru \/ Norsk Folkemuseum\n        <\/p>\n<p>Til forskjell fra tidligere \u00e5r, er det p\u00e5 OBOS-l\u00f8rdagen 6.<br \/>\ndesember kun de som har bestilt billett p\u00e5 forh\u00e5nd som f\u00e5r slippe inn.<\/p>\n<p>\u2013 OBOS har f\u00e5tt 8000 gratisbilletter til sine medlemmer.<br \/>\nBillettene ble borte p\u00e5 et blunk, derfor er l\u00f8rdagen allerede utsolgt, fortsetter<br \/>\nhun.<\/p>\n<p>        <a itemprop=\"url\" target=\"_blank\" class=\"\" href=\"https:\/\/www.vartoslo.no\/anbefalt-bydel-sagene-cosmopolite\/skulle-pa-eksklusivt-oslo-besok-ble-avlyst\/1057903\" data-k5a-url=\"https:\/\/www.vartoslo.no\/a\/1057903\" rel=\"nofollow noopener\"><\/p>\n<p>            Skulle p\u00e5 eksklusivt Oslo-bes\u00f8k \u2013 n\u00e5 er det avlyst<\/p>\n<p>        <\/a><\/p>\n<p>\u2013 Utfordrende <\/p>\n<p>\u2013 Det er to hovedgrunner til at vi har gjort noen grep i \u00e5r.<br \/>\nDet ene er at vi \u00f8nsker at gjestene v\u00e5re skal ha en best mulig opplevelse, og<br \/>\ndet andre er av sikkerhetshensyn, forklarer Mihle.<\/p>\n<p>\u2013 Trafikksituasjonen p\u00e5 Bygd\u00f8y er utfordrende ved store<br \/>\narrangementer, fordi det bare er \u00e9n vei inn p\u00e5 halv\u00f8ya, og politiet har derfor<br \/>\nbedt oss om \u00e5 ta noen grep p\u00e5 grunn av dette. Tiltakene er gjort i godt og n\u00e6rt<br \/>\nsamarbeid med politiet, p\u00e5peker hun videre.<\/p>\n<p>I tillegg til denne l\u00f8rdagen mellom klokken 10.00 og 16.00,<br \/>\ner det julemarked p\u00e5 Norsk Folkemuseum ogs\u00e5 s\u00f8ndag 7. desember, l\u00f8rdag 13.<br \/>\ndesember og s\u00f8ndag 14. desember i samme tidsrom.<\/p>\n<p>        <a itemprop=\"url\" target=\"_blank\" class=\"\" href=\"https:\/\/www.vartoslo.no\/jul-julekaker-krumkaker\/hele-norge-elsker-krumkaker-men-oslofolk-har-en-annen-favoritt\/1060050\" data-k5a-url=\"https:\/\/www.vartoslo.no\/a\/1060050\" rel=\"nofollow noopener\"><\/p>\n<p>            \u00abHele Norge\u00bb elsker krumkaker, men oslofolk har en annen favoritt<\/p>\n<p>        <\/a><\/p>\n<p>Ferge og spredning av folk<\/p>\n<p>\u2013 Vi har blant annet utvidet \u00e5pningstiden p\u00e5 julemarkedet, og<br \/>\ndet er mulig \u00e5 komme til julemarkedet med b\u00e5t fra R\u00e5dhusbrygga til Dronningen,<br \/>\nda Bygd\u00f8yfergen har satt opp avganger hele dagen begge julemarkedshelgene, forteller<br \/>\nMihle og legger til:<\/p>\n<p>\u2013 Det er plass til veldig mange gjester p\u00e5 Norsk<br \/>\nFolkemuseum, men vi har i \u00e5r gjort noen tiltak for \u00e5 spre folk mer utover i<br \/>\nFriluftsmuseet, og vi tror det vil gi bes\u00f8kende en enda hyggeligere opplevelse.<\/p>\n<p class=\"font-weight-normal m-font-weight-normal\" data-lab-font_weight=\"font-weight-normal\">Arrang\u00f8ren oppfordrer publikum til \u00e5 benytte seg av<br \/>\nkollektivtransport og understreker at det er begrensede parkeringsmuligheter\u00a0ved<br \/>\nhovedinngangen til museet, Kongsg\u00e5rden, Huk, Bygd\u00f8y skole og ved<br \/>\nVikingtidsmuseet.<\/p>\n<p>        <a itemprop=\"url\" target=\"_blank\" class=\"\" href=\"https:\/\/www.vartoslo.no\/anbefalt-bydel-frogner-bygdo-vel\/endelig-far-bygdoy-sin-etterlengtede-sykkelvei-men-museene-frykter-trafikkaos-i-byggeperioden-gi-oss-en-ny-fergerute-1\/922559\" data-k5a-url=\"https:\/\/www.vartoslo.no\/a\/922559\" rel=\"nofollow noopener\"><\/p>\n<p>            Endelig f\u00e5r Bygd\u00f8y sin etterlengtede sykkelvei, men museene frykter trafikkaos i byggeperioden: \u2013 Gi oss en ny fergerute<\/p>\n<p>        <\/a><\/p>\n<p>Seks ekstra busser<\/p>\n<p>Ruter har satt inn flere tiltak for \u00e5 m\u00f8te p\u00e5gangen,<br \/>\nopplyser pressevakt Karoline Berg i Ruter til V\u00e5rtOslo.<\/p>\n<p>Blant annet settes det inn seks ekstra busser alle fire dager<br \/>\nfra et kvarter f\u00f8r markedet starter p\u00e5 Bygd\u00f8y til en halvtime etter at det er<br \/>\nferdig.<\/p>\n<p>Disse g\u00e5r fra Tollboden direkte til Folkemuseet og fra<br \/>\nFolkemuseet tilbake til Tollboden. De ekstra bussene snur ved parkeringsplassen og<br \/>\ntar p\u00e5 passasjerer i sidegata.<\/p>\n<p>Ordin\u00e6re rutebusser p\u00e5 linje 30 stopper p\u00e5 vanlig holdeplass.<br \/>\nHoldeplassen Kongsg\u00e5rden, mot Huk, flyttes p\u00e5 sin side til etter krysset<br \/>\nStr\u00f8mborgveien i tidsrommet mellom klokken 08.00 til 17.00.<\/p>\n<p>\u2013 Mellom Huk og Folkemuseet kan du reise gratis med bussen.<br \/>\nDette er en avtale mellom Ruter og Folkemuseet, if\u00f8lge Berg.<\/p>\n<p>        <a itemprop=\"url\" target=\"_blank\" class=\"\" href=\"https:\/\/www.vartoslo.no\/anbefalt-anne-lindboe-frelsesarmeen\/her-tennes-julegrana-pa-universitetsplassen-sa-danset-oslofolk-hand-i-hand-rundt-juletreet-en-flott-tradisjon\/1051643\" data-k5a-url=\"https:\/\/www.vartoslo.no\/a\/1051643\" rel=\"nofollow noopener\"><\/p>\n<p>            Her tennes julegrana p\u00e5 Universitetsplassen. S\u00e5 danset oslofolk h\u00e5nd i h\u00e5nd rundt juletreet: \u2013 En flott tradisjon<\/p>\n<p>        <\/a><\/p>\n<p>Nissefokus<\/p>\n<p>I fjor fant hele 40.000 mennesker veien til julemarkedet som<br \/>\nbyr p\u00e5 over hundre markedsboder, juleverksted, aktiviteter, konserter og bredt innblikk<br \/>\ni juletradisjoner i gamle stuer.<\/p>\n<p>                <img decoding=\"async\" src=\"https:\/\/www.europesays.com\/no\/wp-content\/uploads\/2025\/12\/1060178.webp\" width=\"480\" height=\"274\" title=\"Markedsboder innimellom gamle hus p\u00e5 Norsk Folkemuseum under et tidligere julemarked.\" alt=\"\" loading=\"lazy\" style=\"\"\/><\/p>\n<p>\n            Markedsboder innimellom gamle hus p\u00e5 Norsk Folkemuseum under et tidligere julemarked.<br \/>\n            Foto: Stian Nybru \/ Norsk Folkemuseum\n        <\/p>\n<p>\u00abI \u00e5r f\u00e5r nisser ekstra oppmerksomhet p\u00e5. Som alltid har vi<br \/>\net eget nissetun hvor rampenisser r\u00e5der, og barna blir utfordret med<br \/>\nkonkurranser og annen moro. I tillegg er nisser tema for \u00e5rets juleutstilling,<br \/>\nog begge dager er det julek\u00e5serier som dykker ned i nissenes historie. F\u00f8rste<br \/>\nhelg med forsker og forfatter Ane Ohrvik, og den andre helgen er det v\u00e5r egen<br \/>\njulekonservator, Geir Thomas Ris\u00e5sen, som forteller om nissenes historie, fra<br \/>\nfj\u00f8snisse til julenisse\u00bb, heter det i Norsk Folkemuseums beskrivelse av eget<br \/>\nmarked i \u00e5r.<\/p>\n<p>\u2013 Vi gleder oss n\u00e5 til \u00e5 ta imot alle gjestene v\u00e5re.<br \/>\nDette er \u00e5rets store begivenhet p\u00e5 Folkemuseet, og det er en stor glede \u00e5 v\u00e6re<br \/>\nmed \u00e5 gi folk julestemning, understreker Norsk Folkemuseums presse- og<br \/>\nkommunikasjonsr\u00e5dgiver Mihle avslutningsvis.<\/p>\n<p>        <a itemprop=\"url\" target=\"_blank\" class=\"\" href=\"https:\/\/www.vartoslo.no\/anbefalt-bydel-gamle-oslo-gamlebyen\/gamlebyen-lanserer-levende-julekalender-helt-fantastisk-at-sa-mange-vil-spille-for-naboene-sine-sier-initiativtaker-nora\/1047250\" data-k5a-url=\"https:\/\/www.vartoslo.no\/a\/1047250\" rel=\"nofollow noopener\"><\/p>\n<p>            Gamlebyen med egen levende julekalender i \u00e5r: \u2013 Helt fantastisk at s\u00e5 mange vil spille for naboene sine, sier initiativtaker Nora<\/p>\n<p>        <\/a><\/p>\n","protected":false},"excerpt":{"rendered":"Det settes inn seks ekstra busser daglig i tilknytning til arrangementet. Illustrasjonsfoto: Ingri Valen Egeland \u2013 To hovedgrunner&hellip;\n","protected":false},"author":2,"featured_media":106856,"comment_status":"","ping_status":"","sticky":false,"template":"","format":"standard","meta":{"footnotes":""},"categories":[5],"tags":[20,21,24,25,15,19,22,23,17,18,13,30,28,29,14,16,26,27],"class_list":{"0":"post-106855","1":"post","2":"type-post","3":"status-publish","4":"format-standard","5":"has-post-thumbnail","7":"category-overskrifter","8":"tag-breaking-news","9":"tag-breakingnews","10":"tag-featured-news","11":"tag-featurednews","12":"tag-headlines","13":"tag-hovedoppslag","14":"tag-latest-news","15":"tag-latestnews","16":"tag-main-news","17":"tag-mainnews","18":"tag-news","19":"tag-no","20":"tag-norge","21":"tag-norway","22":"tag-nyheter","23":"tag-overskrifter","24":"tag-top-stories","25":"tag-topstories"},"share_on_mastodon":{"url":"https:\/\/pubeurope.com\/@no\/115680168229495730","error":""},"_links":{"self":[{"href":"https:\/\/www.europesays.com\/no\/wp-json\/wp\/v2\/posts\/106855","targetHints":{"allow":["GET"]}}],"collection":[{"href":"https:\/\/www.europesays.com\/no\/wp-json\/wp\/v2\/posts"}],"about":[{"href":"https:\/\/www.europesays.com\/no\/wp-json\/wp\/v2\/types\/post"}],"author":[{"embeddable":true,"href":"https:\/\/www.europesays.com\/no\/wp-json\/wp\/v2\/users\/2"}],"replies":[{"embeddable":true,"href":"https:\/\/www.europesays.com\/no\/wp-json\/wp\/v2\/comments?post=106855"}],"version-history":[{"count":0,"href":"https:\/\/www.europesays.com\/no\/wp-json\/wp\/v2\/posts\/106855\/revisions"}],"wp:featuredmedia":[{"embeddable":true,"href":"https:\/\/www.europesays.com\/no\/wp-json\/wp\/v2\/media\/106856"}],"wp:attachment":[{"href":"https:\/\/www.europesays.com\/no\/wp-json\/wp\/v2\/media?parent=106855"}],"wp:term":[{"taxonomy":"category","embeddable":true,"href":"https:\/\/www.europesays.com\/no\/wp-json\/wp\/v2\/categories?post=106855"},{"taxonomy":"post_tag","embeddable":true,"href":"https:\/\/www.europesays.com\/no\/wp-json\/wp\/v2\/tags?post=106855"}],"curies":[{"name":"wp","href":"https:\/\/api.w.org\/{rel}","templated":true}]}}