{"id":106859,"date":"2025-12-07T20:28:15","date_gmt":"2025-12-07T20:28:15","guid":{"rendered":"https:\/\/www.europesays.com\/no\/106859\/"},"modified":"2025-12-07T20:28:15","modified_gmt":"2025-12-07T20:28:15","slug":"anders-hatlo-apner-opp-om-frykten-for-alvorlig-sykdom","status":"publish","type":"post","link":"https:\/\/www.europesays.com\/no\/106859\/","title":{"rendered":"Anders Hatlo \u00e5pner opp om frykten for alvorlig sykdom"},"content":{"rendered":"<p class=\"kicker \" style=\"\">Anders Hatlo:\u00a0<\/p>\n<p>  Skuespilleren har mistet n\u00e6r familie til sykdom, og forteller n\u00e5 at han frykter for \u00e5 rammes selv.<\/p>\n<p>\n    REDD: Anders Hatlo er redd for \u00e5 rammes av sykdom i en alder hvor det skal lite til f\u00f8r alt endres drastisk. Foto: Tor Lindseth\n  <\/p>\n<p>I et intervju med Dagbladet Magasinet \u00e5pner skuespiller Anders Hatlo (78) seg om sin frykt for alvorlig sykdom.\u00a0<\/p>\n<p>    <a itemprop=\"url\" href=\"https:\/\/www.seher.no\/kjendis\/har-vaert-sunt-for-forholdet\/82765698\" rel=\"nofollow noopener\" target=\"_blank\"><\/p>\n<p>      <img loading=\"lazy\" decoding=\"async\" src=\"https:\/\/www.europesays.com\/no\/wp-content\/uploads\/2025\/12\/82765961.webp\" width=\"980\" height=\"441\" title=\"- Har v\u00e6rt sunt for forholdet\" alt=\"\" class=\"lazyload\" style=\"--aspect-ratio-image: 2.22; \"\/><\/p>\n<p>        &#8211; Har v\u00e6rt sunt for forholdet<\/p>\n<p>    <\/a><\/p>\n<p>&#8211; Kantene slipes med alderen, forteller han i intervjuet og reflekterer rundt hvor skj\u00f8rt livet er:<\/p>\n<p>          <img loading=\"lazy\" decoding=\"async\" src=\"https:\/\/www.europesays.com\/no\/wp-content\/uploads\/2025\/12\/83562296.webp\" width=\"686\" height=\"392\" title=\"LEGENDE: Hatlo er en norsk skuespillerlegende. Han debuterte ved Oslo Nye teater i 1971, og hadde sin avskjedsforestilling i 2019. Foto: Andreas Fadum\" alt=\"\" class=\"\" style=\"--aspect-ratio-image: 1.75; \"\/><\/p>\n<p>\n          LEGENDE: Hatlo er en norsk skuespillerlegende. Han debuterte ved Oslo Nye teater i 1971, og hadde sin avskjedsforestilling i 2019. Foto: Andreas Fadum\n      <\/p>\n<p>&#8211; Jeg er i en fase i livet hvor alt kan skje, jeg er litt redd for alvorlig sykdom. Det er s\u00e5 lite som skal til f\u00f8r livet endrer seg drastisk, forteller Hatlo.\u00a0<\/p>\n<p>Den prisbel\u00f8nte skuespilleren har selv kjent p\u00e5 kroppen hvor skj\u00f8rt og uforutsigbart livet kan v\u00e6re.<\/p>\n<p>        LUKSUS: Marius Borg H\u00f8iby skal n\u00e5 disponere en leilighet p\u00e5 beste Oslo vestkant. Men hvem tar regningen? Foto: Andreas Fadum \/ Tor Lindseth \/ @princerehan27 \/ Instagram \/ NTB \/\/ Reporter: Caroline Vagle \/\/ Klipp: Elise Violeta Ness Aksnes<\/p>\n<p>Hatlo var bare 20 \u00e5r gammel da faren hans d\u00f8de av blodpropp. Det var ham selv som fant faren hjemme i gangen. Noen \u00e5r senere mistet han sin eldre bror.<\/p>\n<p>    <a itemprop=\"url\" href=\"https:\/\/www.seher.no\/kjendis\/fant-lykken-med-sin-als-dode-brors-kone\/79393834\" rel=\"nofollow noopener\" target=\"_blank\"><\/p>\n<p>      <img loading=\"lazy\" decoding=\"async\" src=\"https:\/\/www.europesays.com\/no\/wp-content\/uploads\/2025\/12\/79393850.webp\" width=\"147\" height=\"98\" title=\"Fant lykken med sin ALS-d\u00f8de brors kone\" alt=\"\" class=\"lazyload\" style=\"--aspect-ratio-image: 1.50; \"\/><\/p>\n<p>        Fant lykken med sin ALS-d\u00f8de brors kone<\/p>\n<p>    <\/a><\/p>\n<p>Ogs\u00e5 i senere tid har han f\u00e5tt kjenne p\u00e5 frykten over \u00e5 skulle miste sine n\u00e6rmeste. Noen \u00e5r tilbake fikk <a href=\"https:\/\/www.seher.no\/kjendis\/fant-lykken-med-sin-als-dode-brors-kone\/79393834\" target=\"_blank\" rel=\"nofollow noopener\">konen hans May-Lis (78) hjertestans<\/a>, og m\u00e5tte operere inn en pacemaker. Under inngrepet ble en av lungene hennes punktert som f\u00f8lge av en komplikasjon. Hun er heldigvis i live i dag, og de to er enn\u00e5 godt gift.<\/p>\n<p>Da Hatlo fylte 75 \u00e5r i 2022, gjorde han og kona et intervju med Se og H\u00f8r hvor de \u00e5pnet seg om hvordan de m\u00f8ttes. Hun var nemlig gift med hans eldre bror Trond, som tragisk gikk bort av muskelsykdommen ALS\u00a0da han bare var tretti \u00e5r gammel.<\/p>\n<p>        LURTE \u00abALLE\u00bb: Oskar Westerlin svarer p\u00e5 om han lurte media med vilje med Sveits-flyttingen. Reporter: Sanne Holt\/ Victoria L\u00f8vik. Video: Sanne Holt<\/p>\n<p>&#8211; Vi hadde hver v\u00e5r sorg, og det var sorgen som f\u00f8rte oss sammen, fortalte Hatlo.<\/p>\n<p> &#8211; Det var trygt og godt \u00e5 snakke med Anders. Jeg f\u00f8lte en slags s\u00f8skenkj\u00e6rlighet. Vi var \u00e5pne med hverandre om hva vi tenkte og f\u00f8lte, fulgte May-Lis opp.<\/p>\n<p>    <a itemprop=\"url\" href=\"https:\/\/www.seher.no\/kjendis\/pappa-stotter-fhm-bilder\/64906824\" rel=\"nofollow noopener\" target=\"_blank\"><\/p>\n<p>      <img loading=\"lazy\" decoding=\"async\" src=\"https:\/\/www.europesays.com\/no\/wp-content\/uploads\/2025\/12\/64906839.webp\" width=\"147\" height=\"100\" title=\"Pappa st\u00f8tter FHM-bilder\" alt=\"\" class=\"lazyload\" style=\"--aspect-ratio-image: 1.47; \"\/><\/p>\n<p>        Pappa st\u00f8tter FHM-bilder<\/p>\n<p>    <\/a><\/p>\n<p> \u00c5ret etter, i 1975, ble de to kj\u00e6rester. 21 \u00e5r og \u00e9n datter senere, giftet de seg.<\/p>\n<p>          <img loading=\"lazy\" decoding=\"async\" src=\"https:\/\/www.europesays.com\/no\/wp-content\/uploads\/2025\/12\/79393849.webp\" width=\"686\" height=\"392\" title=\"TREKL\u00d8VER: Hege Hatlo med br\u00f8drene Christian og Einar i fars 75-\u00e5rs dag. Foto: Tor Lindseth\" alt=\"\" class=\"\" style=\"--aspect-ratio-image: 1.75; \"\/><\/p>\n<p>\n          TREKL\u00d8VER: Hege Hatlo med br\u00f8drene Christian og Einar i fars 75-\u00e5rs dag. Foto: Tor Lindseth\n      <\/p>\n<p> Trond og May-Lis fikk to s\u00f8nner sammen, Christian og Einar. De var bare tre og seks \u00e5r gamle da faren mistet livet til muskelsykdommen. Sammen fikk Anders og May-Lis datteren Hege. <a href=\"https:\/\/www.seher.no\/kjendis\/pappa-stotter-fhm-bilder\/64906824\" target=\"_blank\" rel=\"nofollow noopener\">Hun representerte Norge i Miss Universe konkurransen<\/a> da hun var 21 \u00e5r gammel.<\/p>\n","protected":false},"excerpt":{"rendered":"Anders Hatlo:\u00a0 Skuespilleren har mistet n\u00e6r familie til sykdom, og forteller n\u00e5 at han frykter for \u00e5 rammes&hellip;\n","protected":false},"author":2,"featured_media":106860,"comment_status":"","ping_status":"","sticky":false,"template":"","format":"standard","meta":{"footnotes":""},"categories":[58],"tags":[8087,71,479,2543,30,28,29,72],"class_list":{"0":"post-106859","1":"post","2":"type-post","3":"status-publish","4":"format-standard","5":"has-post-thumbnail","7":"category-underholdning","8":"tag-anders-hatlo","9":"tag-entertainment","10":"tag-kjendis","11":"tag-kjendisdesken","12":"tag-no","13":"tag-norge","14":"tag-norway","15":"tag-underholdning"},"share_on_mastodon":{"url":"https:\/\/pubeurope.com\/@no\/115680176269474186","error":""},"_links":{"self":[{"href":"https:\/\/www.europesays.com\/no\/wp-json\/wp\/v2\/posts\/106859","targetHints":{"allow":["GET"]}}],"collection":[{"href":"https:\/\/www.europesays.com\/no\/wp-json\/wp\/v2\/posts"}],"about":[{"href":"https:\/\/www.europesays.com\/no\/wp-json\/wp\/v2\/types\/post"}],"author":[{"embeddable":true,"href":"https:\/\/www.europesays.com\/no\/wp-json\/wp\/v2\/users\/2"}],"replies":[{"embeddable":true,"href":"https:\/\/www.europesays.com\/no\/wp-json\/wp\/v2\/comments?post=106859"}],"version-history":[{"count":0,"href":"https:\/\/www.europesays.com\/no\/wp-json\/wp\/v2\/posts\/106859\/revisions"}],"wp:featuredmedia":[{"embeddable":true,"href":"https:\/\/www.europesays.com\/no\/wp-json\/wp\/v2\/media\/106860"}],"wp:attachment":[{"href":"https:\/\/www.europesays.com\/no\/wp-json\/wp\/v2\/media?parent=106859"}],"wp:term":[{"taxonomy":"category","embeddable":true,"href":"https:\/\/www.europesays.com\/no\/wp-json\/wp\/v2\/categories?post=106859"},{"taxonomy":"post_tag","embeddable":true,"href":"https:\/\/www.europesays.com\/no\/wp-json\/wp\/v2\/tags?post=106859"}],"curies":[{"name":"wp","href":"https:\/\/api.w.org\/{rel}","templated":true}]}}