{"id":106861,"date":"2025-12-07T20:32:20","date_gmt":"2025-12-07T20:32:20","guid":{"rendered":"https:\/\/www.europesays.com\/no\/106861\/"},"modified":"2025-12-07T20:32:20","modified_gmt":"2025-12-07T20:32:20","slug":"nordmenn-pagrepet-av-ice-rammes-av-nytt-trump-grep","status":"publish","type":"post","link":"https:\/\/www.europesays.com\/no\/106861\/","title":{"rendered":"Nordmenn p\u00e5grepet av ICE: Rammes av nytt Trump-grep"},"content":{"rendered":"\n<ul class=\"_list_o9xde_3 _list_64s2r_85 _unordered_o9xde_106 text-sans-m\">\n<li class=\"_item_o9xde_30\">Norske Benjamin Krohn-Hansen har bodd i USA siden han var ni, men risikerer n\u00e5 deportasjon grunnet en bagatellmessig tabbe.<\/li>\n<li class=\"_item_o9xde_30\">Norske Hanne Bredal Engan ble p\u00e5grepet av ICE da hun skulle s\u00f8ke familiegjenforening med sin amerikanske mann.<\/li>\n<li class=\"_item_o9xde_30\">Hanne satt fengslet i \u00e5tte dager. N\u00e5 er begge de norske 24-\u00e5ringene underlagt digital overv\u00e5king via arm- og fotlenke.<\/li>\n<\/ul>\n<p>Vis mer <\/p>\n<p class=\"_paragraph_o9xde_4 _paragraph_xtcu6_10 layout-component text-serif-m layout-normal text-serif-m layout-padded\"><strong class=\"_strong_o9xde_25\">Den f\u00f8rste <a href=\"https:\/\/www.vg.no\/tag\/usa?utm_source=vg-article&amp;utm_medium=auto-tagger&amp;utm_campaign=K8vp8M\" class=\"_link_o9xde_39\" rel=\"nofollow noopener\" target=\"_blank\">USA<\/a>-reisen<\/strong> hans gikk til sagnomsuste Death Valley, kjent for verdens h\u00f8yeste temperaturer.<\/p>\n<p class=\"_paragraph_o9xde_4 _paragraph_xtcu6_10 layout-component text-serif-m layout-normal text-serif-m layout-padded\">P\u00e5 bildet smiler ni \u00e5r gamle Benjamin Krohn-Hansen mot kamera, med cowboyhatt og nye boots, sammen med moren Stine og den amerikanske stefaren James.<\/p>\n<p class=\"_paragraph_o9xde_4 _paragraph_xtcu6_10 layout-component text-serif-m layout-normal text-serif-m layout-padded\">Han har bodd her siden, og femten \u00e5r senere er USA blitt den unge nordmannens hjemland.<\/p>\n<p class=\"_paragraph_o9xde_4 _paragraph_xtcu6_10 layout-component text-serif-m layout-normal text-serif-m layout-padded\"><strong class=\"_strong_o9xde_25\">Inntil nylig s\u00e5 fremtidsutsiktene like gylne ut som solnedgangen i San Diego, helt s\u00f8r i California p\u00e5 den amerikanske vestkysten.<\/strong><\/p>\n<p class=\"_paragraph_o9xde_4 _paragraph_xtcu6_10 layout-component text-serif-m layout-normal text-serif-m layout-padded\">N\u00e5 kan et \u00f8yeblikks ubetenksomhet for flere \u00e5r siden bety kroken p\u00e5 d\u00f8ren.<\/p>\n<p><img alt=\"\" class=\"_image_qp4xg_65 layout-component layout-fullwidth\" data-fullscreen- data-track-element-type=\"Article image fullscreen\" data-track-name=\"ImageFullscreen\" decoding=\"async\" loading=\"lazy\" height=\"2051\" itemprop=\"image\"  src=\"https:\/\/www.europesays.com\/no\/wp-content\/uploads\/2025\/12\/55ce4d95-3ba4-4f42-91e9-bc7984387543\"  style=\"object-position:0% 0%\" width=\"1883\"\/><\/p>\n<p class=\"_paragraph_o9xde_4 _paragraph_xtcu6_10 layout-component text-serif-m layout-normal text-serif-m layout-padded\"><strong class=\"_strong_o9xde_25\">\u2013 Dr\u00f8mmen har v\u00e6rt<\/strong> \u00e5 jobbe og bo i USA. Det er her jeg har studert og har et profesjonelt milj\u00f8, og det er her jeg har nesten alle vennene mine, forteller Benjamin.<\/p>\n<p class=\"_paragraph_o9xde_4 _paragraph_xtcu6_10 layout-component text-serif-m layout-normal text-serif-m layout-padded\">Men noe rundt den venstre armen minner Benjamin p\u00e5 at alt kan endre seg f\u00f8r man vet ordet av det.<\/p>\n<p class=\"_paragraph_o9xde_4 _paragraph_xtcu6_10 layout-component text-serif-m layout-normal text-serif-m layout-padded\"><strong class=\"_strong_o9xde_25\">Det ser ut som en smartklokke, men er en digital armlenke koblet opp til det amerikanske immigrasjonspolitiet ICEICEU.S. Immigration and Customs Enforcement.<\/strong><\/p>\n<p class=\"_paragraph_o9xde_4 _paragraph_xtcu6_10 layout-component text-serif-m layout-normal text-serif-m layout-padded\">\u2013 Jeg f\u00f8ler meg veldig utrygg, n\u00e5 som jeg vet at noen jobber for \u00e5 f\u00e5 meg ut av landet. Trump-regjeringens holdning skremmer meg, forteller han.<\/p>\n<p><img alt=\"\" class=\"_image_qp4xg_65 layout-component layout-fullwidth\" data-fullscreen- data-track-element-type=\"Article image fullscreen\" data-track-name=\"ImageFullscreen\" decoding=\"async\" loading=\"lazy\" height=\"3201\" itemprop=\"image\"  src=\"https:\/\/www.europesays.com\/no\/wp-content\/uploads\/2025\/12\/f1945e55-46a9-45e7-8e0e-6e9d5e899679\"  style=\"object-position:0% 0%\" width=\"4800\"\/><\/p>\n<p class=\"_paragraph_o9xde_4 _paragraph_xtcu6_10 layout-component text-serif-m layout-normal text-serif-m layout-padded\"><strong class=\"_strong_o9xde_25\">Benjamin er ikke den eneste <\/strong>norske som har kommet i tr\u00f8bbel med ICE de siste ukene.<\/p>\n<p class=\"_paragraph_o9xde_4 _paragraph_xtcu6_10 layout-component text-serif-m layout-normal text-serif-m layout-padded\">Hanne Bredal Engan (24) ble p\u00e5grepet da hun skulle inn til <a href=\"https:\/\/www.vg.no\/nyheter\/i\/zO56A1\/norske-hanne-i-amerikansk-varetekt-i-usa-et-levende-mareritt\" data-track-element-type=\"Link\" data-track-id=\"link:zO56A1\" class=\"_link_o9xde_39\" rel=\"nofollow noopener\" target=\"_blank\">intervju for \u00e5 f\u00e5 nytt visum<\/a> som ektefelle til amerikanske Joshua Daguman.<\/p>\n<p class=\"_paragraph_o9xde_4 _paragraph_xtcu6_10 layout-component text-serif-m layout-normal text-serif-m layout-padded\"><strong class=\"_strong_o9xde_25\">\u2013 Jeg trodde intervjuet gikk bra, og fikk totalt sjokk da bev\u00e6pnede ICE-agenter f\u00f8rte meg vekk. <\/strong><\/p>\n<p class=\"_paragraph_o9xde_4 _paragraph_xtcu6_10 layout-component text-serif-m layout-normal text-serif-m layout-padded\">Etter \u00e5tte dager i varetektsfengsel, der hun fikk mangelfull medisinsk oppf\u00f8lging, <a href=\"https:\/\/www.vg.no\/nyheter\/i\/L4pqKp\/norsk-kvinne-loeslatt-fra-varetekt-i-usa\" data-track-element-type=\"Link\" data-track-id=\"link:L4pqKp\" class=\"_link_o9xde_39\" rel=\"nofollow noopener\" target=\"_blank\">slapp hun ut mot kausjon<\/a>.<\/p>\n<p class=\"_paragraph_o9xde_4 _paragraph_xtcu6_10 layout-component text-serif-m layout-normal text-serif-m layout-padded\">\u2013 Jeg sliter fortsatt med \u00e5 sove. Jeg v\u00e5kner opp og tror jeg er tilbake i den kalde cellen, forteller hun da VG treffer paret i San Diego.<\/p>\n<p><img alt=\"\" class=\"_image_qp4xg_65 layout-component layout-fullwidth\" data-fullscreen- data-track-element-type=\"Article image fullscreen\" data-track-name=\"ImageFullscreen\" decoding=\"async\" loading=\"lazy\" height=\"3200\" itemprop=\"image\"  src=\"https:\/\/www.europesays.com\/no\/wp-content\/uploads\/2025\/12\/038eacca-a2c0-40b7-9dc2-f8ce58eb41e2\"  style=\"object-position:0% 0%\" width=\"4800\"\/><\/p>\n<p class=\"_paragraph_o9xde_4 _paragraph_xtcu6_10 layout-component text-serif-m layout-normal text-serif-m layout-padded\"><strong class=\"_strong_o9xde_25\">Som den eneste fangen<\/strong> fra Vest-Europa, blant prim\u00e6rt migranter fra Latin-Amerika, fikk Hanne mange rare blikk fra de andre p\u00e5grepne.<\/p>\n<p class=\"_paragraph_o9xde_4 _paragraph_xtcu6_10 layout-component text-serif-m layout-normal text-serif-m layout-padded\">Samtidig ble hun stadig d\u00e5rligere.<\/p>\n<p class=\"_paragraph_o9xde_4 _paragraph_xtcu6_10 layout-component text-serif-m layout-normal text-serif-m layout-padded\">Hun v\u00e5get ikke spise, fordi ICE-betjentene ikke ville gi henne insulin f\u00f8r maten, noe hun trenger fordi hun har diabetes type 1diabetes type 1Diabetes type 1\u00a0(D1) i Norge er en\u00a0autoimmun sykdom der immunforsvaret \u00f8delegger insulinproduserende celler, noe som krever livslang insulinbehandling (spr\u00f8yter eller pumpe) for \u00e5 kontrollere h\u00f8yt blodsukker.. <\/p>\n<p class=\"_paragraph_o9xde_4 _paragraph_xtcu6_10 layout-component text-serif-m layout-normal text-serif-m layout-padded\">F\u00f8rst etter flere dager fikk hun insulin, men da kun om morgen og kveld. <\/p>\n<p class=\"_paragraph_o9xde_4 _paragraph_xtcu6_10 layout-component text-serif-m layout-normal text-serif-m layout-padded\"><strong class=\"_strong_o9xde_25\">For at vaktene skulle kunne overv\u00e5ke tilstanden hennes, ble hun flyttet til en kn\u00f8ttliten isolasjonscelle.<\/strong><\/p>\n<p class=\"_paragraph_o9xde_4 _paragraph_xtcu6_10 layout-component text-serif-m layout-normal text-serif-m layout-padded\">\u2013 Det gjorde alt mye, mye verre. Det var et mareritt i v\u00e5ken tilstand.<\/p>\n<p><img alt=\"\" class=\"_image_qp4xg_65 layout-component layout-fullwidth\" data-fullscreen- data-track-element-type=\"Article image fullscreen\" data-track-name=\"ImageFullscreen\" decoding=\"async\" loading=\"lazy\" height=\"3068\" itemprop=\"image\"  src=\"https:\/\/www.europesays.com\/no\/wp-content\/uploads\/2025\/12\/3b622556-f014-4004-81f4-4f51524bf04c\"  style=\"object-position:0% 0%\" width=\"2996\"\/><\/p>\n<p class=\"_paragraph_o9xde_4 _paragraph_xtcu6_10 layout-component text-serif-m layout-normal text-serif-m layout-padded _medium_xtcu6_25\">Men hvordan har de to norske statsborgerne tr\u00e5dt feil? <\/p>\n<p class=\"_paragraph_o9xde_4 _paragraph_xtcu6_10 layout-component text-serif-m layout-normal text-serif-m layout-padded _medium_xtcu6_25\">Og har de skylden selv, eller rammes de av politiske endringer?<\/p>\n<p class=\"_paragraph_o9xde_4 _paragraph_xtcu6_10 layout-component text-serif-m layout-normal text-serif-m layout-padded\"><strong class=\"_strong_o9xde_25\">\u2013 Dette er den dummeste saken<\/strong> jeg har hatt i mine 30 \u00e5r med immigrasjonsrett, sier advokat Kathrin S. Mautino, som representerer Benjamin.<\/p>\n<p class=\"_paragraph_o9xde_4 _paragraph_xtcu6_10 layout-component text-serif-m layout-normal text-serif-m layout-padded\">Hennes ord gjentas som et tiln\u00e6rmet ekko fra advokat Saman Nasseri, som representerer Hanne.<\/p>\n<p class=\"_paragraph_o9xde_4 _paragraph_xtcu6_10 layout-component text-serif-m layout-normal text-serif-m layout-padded\"><strong class=\"_strong_o9xde_25\">\u2013 Denne saken er like dum som den er meningsl\u00f8s, sier han.<\/strong><\/p>\n<p class=\"_paragraph_o9xde_4 _paragraph_xtcu6_10 layout-component text-serif-m layout-normal text-serif-m layout-padded\">Begge mener p\u00e5gripelsene handler om \u00e9n ting: <\/p>\n<p class=\"_paragraph_o9xde_4 _paragraph_xtcu6_10 layout-component text-serif-m layout-normal text-serif-m layout-padded\">At ICE skal kunne rapportere s\u00e5 h\u00f8ye p\u00e5gripelsestall som mulig.<\/p>\n<p class=\"_paragraph_o9xde_4 _paragraph_xtcu6_10 layout-component text-serif-m layout-normal text-serif-m layout-padded\">ICE og Sikkerhetsdepartementet har ikke besvart VGs sp\u00f8rsm\u00e5l om denne saken.<\/p>\n<p class=\"_paragraph_o9xde_4 _paragraph_xtcu6_10 layout-component text-serif-m layout-normal text-serif-m layout-padded\">De to advokatene peker mot samme mann som p\u00e5driveren:<\/p>\n<p class=\"_paragraph_o9xde_4 _paragraph_xtcu6_10 layout-component text-serif-m layout-normal text-serif-m layout-padded _medium_xtcu6_25\">President Donald Trump.<\/p>\n<p><img alt=\"Foto: Evan Vucci \/ AP \/ NTB\" class=\"_image_qp4xg_65 layout-component layout-normal\" data-fullscreen- data-track-element-type=\"Article image fullscreen\" data-track-name=\"ImageFullscreen\" decoding=\"async\" loading=\"lazy\" height=\"4000\" itemprop=\"image\"  src=\"https:\/\/www.europesays.com\/no\/wp-content\/uploads\/2025\/12\/cc9989aa-1ed0-4aa9-a579-892217b45004\"  style=\"object-position:0% 0%\" width=\"6000\"\/>Foto: Evan Vucci \/ AP \/ NTB<\/p>\n<p class=\"_paragraph_o9xde_4 _paragraph_xtcu6_10 layout-component text-serif-m layout-normal text-serif-m layout-padded\"><strong class=\"_strong_o9xde_25\">Trump gjorde ulovlig innvandring <\/strong>til hovedsak i valgkampen, og m\u00e5linger viser at det var en av sakene som ga ham seieren.<\/p>\n<p class=\"_paragraph_o9xde_4 _paragraph_xtcu6_10 layout-component text-serif-m layout-normal text-serif-m layout-padded\">Presidenten har lovet rekord i antall deportasjoner, og har mangedoblet antallet ICE-agenter.<\/p>\n<p class=\"_paragraph_o9xde_4 _paragraph_xtcu6_10 layout-component text-serif-m layout-normal text-serif-m layout-padded\">Det uttalte m\u00e5let har v\u00e6rt \u00e5 p\u00e5gripe migranter som har krysset grensen ulovlig og har beg\u00e5tt kriminelle handlinger i USA.<\/p>\n<p class=\"_paragraph_o9xde_4 _paragraph_xtcu6_10 layout-component text-serif-m layout-normal text-serif-m layout-padded\">De f\u00f8rste ukene var det mange <a href=\"https:\/\/www.vg.no\/nyheter\/i\/KMXMP7\/dette-er-de-kriminelle-trump-vil-kaste-ut-nabolaget-lever-i-frykt\" data-track-element-type=\"Link\" data-track-id=\"link:KMXMP7\" class=\"_link_o9xde_39\" rel=\"nofollow noopener\" target=\"_blank\">kriminelle som ble p\u00e5grepet<\/a>.<\/p>\n<p class=\"_paragraph_o9xde_4 _paragraph_xtcu6_10 layout-component text-serif-m layout-normal text-serif-m layout-padded\">Men selv om kriminelle migranter fortsatt blir p\u00e5grepet av ICE, viser nye tall at de n\u00e5 utgj\u00f8r et mindretall av dem som p\u00e5gripes.<\/p>\n<p><img alt=\"\" class=\"_image_qp4xg_65 layout-component layout-fullwidth\" data-fullscreen- data-track-element-type=\"Article image fullscreen\" data-track-name=\"ImageFullscreen\" decoding=\"async\" loading=\"lazy\" height=\"2174\" itemprop=\"image\"  src=\"https:\/\/www.europesays.com\/no\/wp-content\/uploads\/2025\/12\/f41bc2d0-d05a-4157-9a4b-dab3d2ce4a44\"  style=\"object-position:0% 0%\" width=\"3236\"\/><\/p>\n<p class=\"_paragraph_o9xde_4 _paragraph_xtcu6_10 layout-component text-serif-m layout-normal text-serif-m layout-padded\"><strong class=\"_strong_o9xde_25\">ICE har endret taktikk<\/strong> flere ganger ettersom agentene har flyttet fokus fra by til by: <\/p>\n<ul class=\"_list_o9xde_3 _list_xtcu6_9 _unordered_o9xde_106 layout-component text-serif-m layout-normal text-serif-m layout-padded\">\n<li class=\"_item_o9xde_30\">I New York har de <a href=\"https:\/\/www.vg.no\/nyheter\/i\/LMRE0R\/trump-regjeringen-migranter-paagrepet-etter-asylhoeringer-i-new-york\" data-track-element-type=\"Link\" data-track-id=\"link:LMRE0R\" class=\"_link_o9xde_39\" rel=\"nofollow noopener\" target=\"_blank\">p\u00e5grepet migranter som har meldt seg til asylh\u00f8ringer<\/a> i det f\u00f8derale rettsbygget.<\/li>\n<li class=\"_item_o9xde_30\">I Los Angeles har de sl\u00e5tt til mot omr\u00e5der der <a href=\"https:\/\/www.vg.no\/nyheter\/i\/pPRAoX\/fra-gnist-til-brann-slik-begynte-kaoset-i-la\" data-track-element-type=\"Link\" data-track-id=\"link:pPRAoX\" class=\"_link_o9xde_39\" rel=\"nofollow noopener\" target=\"_blank\">arbeidere med uavklart oppholdsstatus s\u00f8ker dagjobber<\/a>.<\/li>\n<li class=\"_item_o9xde_30\">I Chicago har ICE rettet seg mot <a href=\"https:\/\/www.vg.no\/nyheter\/i\/e7W5Gg\/byen-i-krig-med-ice\" data-track-element-type=\"Link\" data-track-id=\"link:e7W5Gg\" class=\"_link_o9xde_39\" rel=\"nofollow noopener\" target=\"_blank\">migranter som har bodd lenge i USA<\/a>, men har mistet arbeidstillatelsen.<\/li>\n<\/ul>\n<p class=\"_paragraph_o9xde_4 _paragraph_xtcu6_10 layout-component text-serif-m layout-normal text-serif-m layout-padded\">I San Diego mener advokater at ICE har tatt i bruk en ny taktikk: De p\u00e5griper personer som er inne til intervju for familiegjenforening.<\/p>\n<p><img alt=\"\" class=\"_image_qp4xg_65 layout-component layout-fullwidth\" data-fullscreen- data-track-element-type=\"Article image fullscreen\" data-track-name=\"ImageFullscreen\" decoding=\"async\" loading=\"lazy\" height=\"2000\" itemprop=\"image\"  src=\"https:\/\/www.europesays.com\/no\/wp-content\/uploads\/2025\/12\/68bc6d0c-63ac-401c-b522-0d08af1a7c09\"  style=\"object-position:0% 0%\" width=\"3000\"\/><\/p>\n<p class=\"_paragraph_o9xde_4 _paragraph_xtcu6_10 layout-component text-serif-m layout-normal text-serif-m layout-padded\"><strong class=\"_strong_o9xde_25\">Det har f\u00f8rt til<\/strong> at en rekke ektefeller av amerikanske statsborgere er blitt p\u00e5grepet de siste ukene, skriver <a href=\"https:\/\/www.nytimes.com\/2025\/11\/26\/us\/trump-green-card-interview-arrests.html\" class=\"_link_o9xde_39\" rel=\"nofollow noopener\" target=\"_blank\">New York Times<\/a>.<\/p>\n<p class=\"_paragraph_o9xde_4 _paragraph_xtcu6_10 layout-component text-serif-m layout-normal text-serif-m layout-padded\">Tidligere har det v\u00e6rt akseptert praksis at man tillater at visum eller s\u00e5kalte Green CardsGreen CardsEt &laquo;Green Card&raquo; er det uoffisielle navnet p\u00e5 et\u00a0Permanent Resident Card\u00a0i USA, et dokument som gir ikke-amerikanske statsborgere permanent rett til \u00e5 bo og jobbe i landet, med en mulig vei til statsborgerskap. g\u00e5r ut mens en s\u00f8knad om familiegjenforening behandles.<\/p>\n<p class=\"_paragraph_o9xde_4 _paragraph_xtcu6_10 layout-component text-serif-m layout-normal text-serif-m layout-padded\"><strong class=\"_strong_o9xde_25\">N\u00e5 kan den minste feil f\u00f8re til at man taues vekk i h\u00e5ndjern.<\/strong><\/p>\n<p class=\"_paragraph_o9xde_4 _paragraph_xtcu6_10 layout-component text-serif-m layout-normal text-serif-m layout-padded\">Bakteppet skal v\u00e6re at Donald Trump er rasende fordi p\u00e5gripelsestallene ikke er h\u00f8ye nok. <\/p>\n<p class=\"_paragraph_o9xde_4 _paragraph_xtcu6_10 layout-component text-serif-m layout-normal text-serif-m layout-padded\">Det skal v\u00e6re grunnen til ICE-sjefen i San Diego nylig fikk sparken.<\/p>\n<p><img alt=\"\" class=\"_image_qp4xg_65 layout-component layout-fullwidth\" data-fullscreen- data-track-element-type=\"Article image fullscreen\" data-track-name=\"ImageFullscreen\" decoding=\"async\" loading=\"lazy\" height=\"3200\" itemprop=\"image\"  src=\"https:\/\/www.europesays.com\/no\/wp-content\/uploads\/2025\/12\/a87be0c7-48d2-4b53-a6f2-5315c7f350ab\"  style=\"object-position:0% 0%\" width=\"3386\"\/><\/p>\n<p class=\"_paragraph_o9xde_4 _paragraph_xtcu6_10 layout-component text-serif-m layout-normal text-serif-m layout-padded\"><strong class=\"_strong_o9xde_25\">\u2013 Vi p\u00e5griper alle<\/strong>, fikk norske Benjamin beskjed om da han ble innkalt til ICE.<\/p>\n<p class=\"_paragraph_o9xde_4 _paragraph_xtcu6_10 layout-component text-serif-m layout-normal text-serif-m layout-padded\">Mange av p\u00e5gripelsene under den nye ICE-sjefen har endt i l\u00f8slatelse, men de teller like fullt inn i statistikken.<\/p>\n<p class=\"_paragraph_o9xde_4 _paragraph_xtcu6_10 layout-component text-serif-m layout-normal text-serif-m layout-padded\">Benjamin, som alts\u00e5 har bodd i USA siden han var ni \u00e5r gammel, har i alle \u00e5r beholdt sitt norske statsborgerskap. <\/p>\n<p class=\"_paragraph_o9xde_4 _paragraph_xtcu6_10 layout-component text-serif-m layout-normal text-serif-m layout-padded\"><strong class=\"_strong_o9xde_25\">Siden han har permanent Green Card i USA, har det v\u00e6rt enklest \u00e5 ha norsk pass for \u00e5 bes\u00f8ke faren i Norge.<\/strong><\/p>\n<p class=\"_paragraph_o9xde_4 _paragraph_xtcu6_10 layout-component text-serif-m layout-normal text-serif-m layout-padded\">Men da Norge \u00e5pnet for at man kan ha to statsborgerskap, s\u00f8kte Benjamin og moren Stine om amerikansk statsborgerskap.<\/p>\n<p><img alt=\"\" class=\"_image_qp4xg_65 layout-component layout-fullwidth\" data-fullscreen- data-track-element-type=\"Article image fullscreen\" data-track-name=\"ImageFullscreen\" decoding=\"async\" loading=\"lazy\" height=\"3199\" itemprop=\"image\"  src=\"https:\/\/www.europesays.com\/no\/wp-content\/uploads\/2025\/12\/1f707823-47d2-4105-b5fe-112db07d2df7\"  style=\"object-position:0% 0%\" width=\"4800\"\/><\/p>\n<p class=\"_paragraph_o9xde_4 _paragraph_xtcu6_10 layout-component text-serif-m layout-normal text-serif-m layout-padded\"><strong class=\"_strong_o9xde_25\">For Stine gikk prosessen greit<\/strong>, men Benjamin kan bli innhentet av en gammel tabbe.<\/p>\n<p class=\"_paragraph_o9xde_4 _paragraph_xtcu6_10 layout-component text-serif-m layout-normal text-serif-m layout-padded\">For litt over fem \u00e5r siden ble han, etter oppfordring, registrert som velger. Selv om Benjamin er residentresidentlangvarig beboer med oppholdstillatelse er det bare citizenscitizensstatsborgere som kan registreres som velgere i USA.<\/p>\n<p class=\"_paragraph_o9xde_4 _paragraph_xtcu6_10 layout-component text-serif-m layout-normal text-serif-m layout-padded\">\u2013 Jeg fant ut at jeg ikke var stemmeberettiget likevel, og unnlot \u00e5 stemme, forklarer han.<\/p>\n<p class=\"_paragraph_o9xde_4 _paragraph_xtcu6_10 layout-component text-serif-m layout-normal text-serif-m layout-padded\"><strong class=\"_strong_o9xde_25\">Da han fylte ut papirene for \u00e5 f\u00e5 statsborgerskap, opplyste han om tabben.<\/strong><\/p>\n<p class=\"_paragraph_o9xde_4 _paragraph_xtcu6_10 layout-component text-serif-m layout-normal text-serif-m layout-padded\">\u2013 Vanligvis ville dette v\u00e6rt en bagatellmessig feil, mener hans advokat, Kathrin S. Mautino.<\/p>\n<p><img alt=\"\" class=\"_image_qp4xg_65 layout-component layout-fullwidth\" data-fullscreen- data-track-element-type=\"Article image fullscreen\" data-track-name=\"ImageFullscreen\" decoding=\"async\" loading=\"lazy\" height=\"3200\" itemprop=\"image\"  src=\"https:\/\/www.europesays.com\/no\/wp-content\/uploads\/2025\/12\/55dcbb6b-593a-40e2-9d1c-59e2d679a689\"  style=\"object-position:0% 0%\" width=\"4800\"\/><\/p>\n<p class=\"_paragraph_o9xde_4 _paragraph_xtcu6_10 layout-component text-serif-m layout-normal text-serif-m layout-padded\"><strong class=\"_strong_o9xde_25\">Ved \u00e5 erkjenne og beklage<\/strong> feilen ville Benjamin inntil nylig trolig f\u00e5tt statsborgerskap da han skulle til h\u00f8ring i v\u00e5r. <\/p>\n<p class=\"_paragraph_o9xde_4 _paragraph_xtcu6_10 layout-component text-serif-m layout-normal text-serif-m layout-padded\">I stedet fikk han beskjed om at han m\u00e5tte forklare seg for en immigrasjonsdommer.<\/p>\n<p class=\"_paragraph_o9xde_4 _paragraph_xtcu6_10 layout-component text-serif-m layout-normal text-serif-m layout-padded\">Men da den h\u00f8ringen skulle holdes, var det ikke f\u00f8rt opp noen sak. I stedet fikk Benjamin beskjed om \u00e5 melde seg til ICE.<\/p>\n<p class=\"_paragraph_o9xde_4 _paragraph_xtcu6_10 layout-component text-serif-m layout-normal text-serif-m layout-padded\"><strong class=\"_strong_o9xde_25\">\u2013 De viste null interesse for \u00e5 h\u00f8re v\u00e5r side av saken, og anholdt meg digitalt p\u00e5 stedet, forklarer Benjamin.<\/strong><\/p>\n<p class=\"_paragraph_o9xde_4 _paragraph_xtcu6_10 layout-component text-serif-m layout-normal text-serif-m layout-padded\">Hver dag m\u00e5 han melde seg inn med en selfie i via armlenken. Via den kan ICE kan overv\u00e5ke ham med GPS.<\/p>\n<p><img alt=\"\" class=\"_image_qp4xg_65 layout-component layout-fullwidth\" data-fullscreen- data-track-element-type=\"Article image fullscreen\" data-track-name=\"ImageFullscreen\" decoding=\"async\" loading=\"lazy\" height=\"2533\" itemprop=\"image\"  src=\"https:\/\/www.europesays.com\/no\/wp-content\/uploads\/2025\/12\/df8c2593-fe2f-4ba9-9983-a3808126d00a\"  style=\"object-position:0% 0%\" width=\"2443\"\/><\/p>\n<p class=\"_paragraph_o9xde_4 _paragraph_xtcu6_10 layout-component text-serif-m layout-normal text-serif-m layout-padded\"><strong class=\"_strong_o9xde_25\">Benjamin har nettopp<\/strong> tatt en mastergrad ved prestisjeuniversitetet Berkeley, og planen var \u00e5 s\u00f8ke jobb i San Francisco, Boston eller Seattle.<\/p>\n<p class=\"_paragraph_o9xde_4 _paragraph_xtcu6_10 layout-component text-serif-m layout-normal text-serif-m layout-padded\">Men n\u00e5 er fremtiden satt p\u00e5 vent. <\/p>\n<p class=\"_paragraph_o9xde_4 _paragraph_xtcu6_10 layout-component text-serif-m layout-normal text-serif-m layout-padded\">\u2013 Det er veldig ubehagelig \u00e5 leve med uvissheten og overv\u00e5kningen, men jeg er tross alt heldig som ikke ble satt i varetekt, p\u00e5peker han.<\/p>\n<p class=\"_paragraph_o9xde_4 _paragraph_xtcu6_10 layout-component text-serif-m layout-normal text-serif-m layout-padded\"><strong class=\"_strong_o9xde_25\">S\u00e5 heldig var ikke Hanne Bredal Engan.<\/strong><\/p>\n<p class=\"_paragraph_o9xde_4 _paragraph_xtcu6_10 layout-component text-serif-m layout-normal text-serif-m layout-padded\">Fengselet der hun ble holdt ligger like ved grensen mot Mexico, og er strengt bevoktet. <\/p>\n<p class=\"_paragraph_o9xde_4 _paragraph_xtcu6_10 layout-component text-serif-m layout-normal text-serif-m layout-padded\">Da hun ble holdt i isolat, sendte hun desperate meldinger til mannen via en iPad som ICE kontrollerte.<\/p>\n<ul class=\"_gallery_1qa3s_23\" tabindex=\"0\">\n<li class=\"_item_1qa3s_37\" data-index=\"0\"><img decoding=\"async\" class=\"_image_foru8_23 _articleGallery_foru8_39\" data-fullscreen- width=\"1206\" height=\"2032\" itemprop=\"image\" loading=\"lazy\"  src=\"https:\/\/www.europesays.com\/no\/wp-content\/uploads\/2025\/12\/eca1125a-a4c7-48a1-91a7-37af718ffd59\"  style=\"object-position:50% 50%;aspect-ratio:var(--gallery-aspect-ratio, 16 \/ 9)\"\/><\/li>\n<li class=\"_item_1qa3s_37\" data-index=\"1\"><img decoding=\"async\" class=\"_image_foru8_23 _articleGallery_foru8_39\" data-fullscreen- width=\"1206\" height=\"1974\" itemprop=\"image\" loading=\"lazy\"  src=\"https:\/\/www.europesays.com\/no\/wp-content\/uploads\/2025\/12\/11938a3c-3eb3-474a-a5d5-c595ac1a86b4\"  style=\"object-position:50% 50%;aspect-ratio:var(--gallery-aspect-ratio, 16 \/ 9)\"\/><\/li>\n<\/ul>\n<p class=\"_paragraph_o9xde_4 _paragraph_xtcu6_10 layout-component text-serif-m layout-normal text-serif-m layout-padded\">\u2013 Jeg var i t\u00e5rer p\u00e5 utsiden, mens hun var i ferd med \u00e5 miste besinnelsen p\u00e5 innsiden. Jeg hadde lovet at alt ville g\u00e5 bra med visumet, s\u00e5 jeg f\u00f8lte meg skyldig, forteller Joshua.<\/p>\n<p class=\"_paragraph_o9xde_4 _paragraph_xtcu6_10 layout-component text-serif-m layout-normal text-serif-m layout-padded\">\u2013 Jeg brukte alle mine kontakter, en tidligere ordf\u00f8rer, det norske konsulatet, venner som jobber i grensevakten. Takk og lov for advokaten. Det hadde aldri l\u00f8st seg uten ham, fortsetter han.<\/p>\n<p class=\"_paragraph_o9xde_4 _paragraph_xtcu6_10 layout-component text-serif-m layout-normal text-serif-m layout-padded\">Etter \u00e5 ha brukt n\u00e6r 60.000 kroner p\u00e5 advokat og kausjon, er Hanne l\u00f8slatt. Hun m\u00e5 bruke fotlenke fra ICE, er underlagt husarrest og meldeplikt.<\/p>\n<p><img alt=\"\" class=\"_image_qp4xg_65 layout-component layout-fullwidth\" data-fullscreen- data-track-element-type=\"Article image fullscreen\" data-track-name=\"ImageFullscreen\" decoding=\"async\" loading=\"lazy\" height=\"3199\" itemprop=\"image\"  src=\"https:\/\/www.europesays.com\/no\/wp-content\/uploads\/2025\/12\/71138b8f-d868-4d74-b968-b60e8ebd633b\"  style=\"object-position:0% 0%\" width=\"4800\"\/><\/p>\n<p class=\"_paragraph_o9xde_4 _paragraph_xtcu6_10 layout-component text-serif-m layout-normal text-serif-m layout-padded\"><strong class=\"_strong_o9xde_25\">Da hun var ten\u00e5ring i Bod\u00f8<\/strong>, lengtet Hanne etter solen. Hun hadde en tante som bodde i USA. Det var det som dro henne hit.<\/p>\n<p class=\"_paragraph_o9xde_4 _paragraph_xtcu6_10 layout-component text-serif-m layout-normal text-serif-m layout-padded\">Etter \u00e5 ha studert her, fikk Hanne arbeidsvisum, som hun hadde da hun traff Joshua.<\/p>\n<p class=\"_paragraph_o9xde_4 _paragraph_xtcu6_10 layout-component text-serif-m layout-normal text-serif-m layout-padded\">\u2013 Vi m\u00f8ttes p\u00e5 volleyballbanen. Hun var s\u00e5 god til \u00e5 spille, det var det jeg f\u00f8rst la merke til, forteller Joshua, som eier en volleyballklubb.<\/p>\n<p class=\"_paragraph_o9xde_4 _paragraph_xtcu6_10 layout-component text-serif-m layout-normal text-serif-m layout-padded\">P\u00e5 bilder av bryllupsreisen til Hawaii str\u00e5ler de. Men kimen til alle problemene var allerede plantet:<\/p>\n<p class=\"_paragraph_o9xde_4 _paragraph_xtcu6_10 layout-component text-serif-m layout-normal text-serif-m layout-padded\">Da hun giftet seg hadde Hanne v\u00e6rt 87 dager lenger i USA enn visumet varte.<\/p>\n<p><img alt=\"\" class=\"_image_qp4xg_65 layout-component layout-fullwidth\" data-fullscreen- data-track-element-type=\"Article image fullscreen\" data-track-name=\"ImageFullscreen\" decoding=\"async\" loading=\"lazy\" height=\"2663\" itemprop=\"image\"  src=\"https:\/\/www.europesays.com\/no\/wp-content\/uploads\/2025\/12\/adfb6ec6-29fd-479b-aa93-00da848086d8\"  style=\"object-position:0% 0%\" width=\"2316\"\/><\/p>\n<p class=\"_paragraph_o9xde_4 _paragraph_xtcu6_10 layout-component text-serif-m layout-normal text-serif-m layout-padded\"><strong class=\"_strong_o9xde_25\">Paret sier de handlet i god tro<\/strong> om at visumfeilen ville bli oversett da hun s\u00f8kte om familiegjenforening.<\/p>\n<p class=\"_paragraph_o9xde_4 _paragraph_xtcu6_10 layout-component text-serif-m layout-normal text-serif-m layout-padded\">Men de nye og strengere tolkningene av reglene gjorde seg gjeldende.<\/p>\n<p class=\"_paragraph_o9xde_4 _paragraph_xtcu6_10 layout-component text-serif-m layout-normal text-serif-m layout-padded\">\u2013 Dette handler ene og alene om at ICE pr\u00f8ver \u00e5 oppfylle Trumps krav om 3000 p\u00e5gripelser daglig. Hanne vil f\u00e5 oppholdstillatelse, men det kan ta tid, sier advokat Nasseri.<\/p>\n<p class=\"_paragraph_o9xde_4 _paragraph_xtcu6_10 layout-component text-serif-m layout-normal text-serif-m layout-padded\">Amerikanske immigrasjonsmyndigheter er overlesset av saker, og behandlingstiden varierer fra ett til tre \u00e5r.<\/p>\n<p class=\"_paragraph_o9xde_4 _paragraph_xtcu6_10 layout-component text-serif-m layout-normal text-serif-m layout-padded\">Hvor lenge de to nordmennenes saker vil trekke ut i tid, er helt uvisst, forklarer advokaten.<\/p>\n<p><img alt=\"\" class=\"_image_qp4xg_65 layout-component layout-fullwidth\" data-fullscreen- data-track-element-type=\"Article image fullscreen\" data-track-name=\"ImageFullscreen\" decoding=\"async\" loading=\"lazy\" height=\"3200\" itemprop=\"image\"  src=\"https:\/\/www.europesays.com\/no\/wp-content\/uploads\/2025\/12\/4f49bb8a-e5e8-4e41-83ca-6197c0886c1a\"  style=\"object-position:0% 0%\" width=\"4800\"\/><\/p>\n<p class=\"_paragraph_o9xde_4 _paragraph_xtcu6_10 layout-component text-serif-m layout-normal text-serif-m layout-padded\"><strong class=\"_strong_o9xde_25\">VG opps\u00f8kte ICE-kontoret<\/strong> i San Diego, samtidig som demonstranter holdt en lavm\u00e6lt protest p\u00e5 utsiden.<\/p>\n<p class=\"_paragraph_o9xde_4 _paragraph_xtcu6_10 layout-component text-serif-m layout-normal text-serif-m layout-padded\">Etter en times venting, fikk vi treffe deres kommunikasjonssjef. <\/p>\n<p class=\"_paragraph_o9xde_4 _paragraph_xtcu6_10 layout-component text-serif-m layout-normal text-serif-m layout-padded\">Hun bekreftet at hun var godt kjent med saken til Hanne, lovet \u00e5 g\u00e5 gjennom saken til Benjamin, og svare p\u00e5 skriftlige sp\u00f8rsm\u00e5l.<\/p>\n<p><img alt=\"\" class=\"_image_qp4xg_65 layout-component layout-fullwidth\" data-fullscreen- data-track-element-type=\"Article image fullscreen\" data-track-name=\"ImageFullscreen\" decoding=\"async\" loading=\"lazy\" height=\"3200\" itemprop=\"image\"  src=\"https:\/\/www.europesays.com\/no\/wp-content\/uploads\/2025\/12\/9d696aad-cf30-4c13-bd87-68025e3e0127\"  style=\"object-position:0% 0%\" width=\"4800\"\/><\/p>\n<p class=\"_paragraph_o9xde_4 _paragraph_xtcu6_10 layout-component text-serif-m layout-normal text-serif-m layout-padded\"><strong class=\"_strong_o9xde_25\">Vi spurte<\/strong> hvorfor de to fortsatt er p\u00e5lagt digital overv\u00e5kning; hvorfor de ble p\u00e5grepet n\u00e5r begge har p\u00e5g\u00e5ende s\u00f8knader om forlenget oppholdsstatus; og om de harde forholdene i varetektsfengselet der Hanne satt i \u00e5tte d\u00f8gn.<\/p>\n<p class=\"_paragraph_o9xde_4 _paragraph_xtcu6_10 layout-component text-serif-m layout-normal text-serif-m layout-padded\">Et d\u00f8gn senere kom svaret: En henvisning til \u00e5 sende sp\u00f8rsm\u00e5lene videre til SikkerhetsdepartementetSikkerhetsdepartementetDepartment of Homeland Security, som har det overordnete ansvaret for ICE.. <\/p>\n<p class=\"_paragraph_o9xde_4 _paragraph_xtcu6_10 layout-component text-serif-m layout-normal text-serif-m layout-padded\">Departementet har ikke svart p\u00e5 VGs gjentatte henvendelser.<\/p>\n<p><img alt=\"\" class=\"_image_qp4xg_65 layout-component layout-fullwidth\" data-fullscreen- data-track-element-type=\"Article image fullscreen\" data-track-name=\"ImageFullscreen\" decoding=\"async\" loading=\"lazy\" height=\"3200\" itemprop=\"image\"  src=\"https:\/\/www.europesays.com\/no\/wp-content\/uploads\/2025\/12\/f23258ae-5c6e-4237-b1bb-a51ace62ea5f\"  style=\"object-position:0% 0%\" width=\"4800\"\/><\/p>\n<p class=\"_paragraph_o9xde_4 _paragraph_xtcu6_10 layout-component text-serif-m layout-normal text-serif-m layout-padded\"><strong class=\"_strong_o9xde_25\">Benjamin og Hanne<\/strong> p\u00e5peker at de tross alt er heldigere enn de fleste p\u00e5grepne migrantene i USA.<\/p>\n<p class=\"_paragraph_o9xde_4 _paragraph_xtcu6_10 layout-component text-serif-m layout-normal text-serif-m layout-padded\">\u2013 I verste fall flytter jeg til Norge, der faren min bor, og s\u00f8ker jobb der, sier Benjamin.<\/p>\n<p class=\"_paragraph_o9xde_4 _paragraph_xtcu6_10 layout-component text-serif-m layout-normal text-serif-m layout-padded\"><strong class=\"_strong_o9xde_25\">Hanne h\u00e5per USA-livet ikke er over, forklarer hun, mens mannen Joshua er klokkeklar:<\/strong><\/p>\n<p class=\"_paragraph_o9xde_4 _paragraph_xtcu6_10 layout-component text-serif-m layout-normal text-serif-m layout-padded\">\u2013 Vi \u00f8nsker \u00e5 bli boende her, men hvis det ikke g\u00e5r, s\u00e5 f\u00f8lger jeg Hanne og kj\u00e6rligheten til Norge.<\/p>\n<p><img alt=\"\" class=\"_image_qp4xg_65 layout-component layout-fullwidth\" data-fullscreen- data-track-element-type=\"Article image fullscreen\" data-track-name=\"ImageFullscreen\" decoding=\"async\" loading=\"lazy\" height=\"3200\" itemprop=\"image\"  src=\"https:\/\/www.europesays.com\/no\/wp-content\/uploads\/2025\/12\/c10e3080-5eb0-4562-ab82-e014c35863ef\"  style=\"object-position:0% 0%\" width=\"4800\"\/> Slik svarer UD: <\/p>\n<p class=\"_paragraph_o9xde_4 _paragraph_xtcu6_10 layout-component text-serif-m layout-normal text-serif-m layout-padded\">VG har spurt den norske ambassaden i Washington D.C. om de er bekymret over at norske statsborgere blir p\u00e5grepet av ICE og risikerer deportasjon i st\u00f8rre grad enn tidligere, om de er kjent med flere saker, og hvilken hjelp norske borgere kan f\u00e5. Utenriksdepartementet har sendt dette svaret:<\/p>\n<p class=\"_paragraph_o9xde_4 _paragraph_xtcu6_10 layout-component text-serif-m layout-normal text-serif-m layout-padded\">N\u00e5r norske borgere fengsles i utlandet tilbyr utenrikstjenesten konsul\u00e6r bistand i tr\u00e5d med vanlig praksis. Eksempler p\u00e5 konsul\u00e6r bistand som blir gitt i saker hvor norske borgere blir arrestert i utlandet kan v\u00e6re \u00e5 gi r\u00e5d, bist\u00e5 i kontakt med lokale myndigheter, hjelp til \u00e5 skaffe advokat, varsle p\u00e5r\u00f8rende og gi ulike former for praktisk hjelp s\u00e5 langt dette er mulig.<\/p>\n<p class=\"_paragraph_o9xde_4 _paragraph_xtcu6_10 layout-component text-serif-m layout-normal text-serif-m layout-padded\">UDs r\u00e5d til alle som reiser utenlands er \u00e5 sette seg inn i hvilke regler som gjelder for inn- og utreise og situasjonen generelt i landet du skal reise til. V\u00e5r erfaring er at de fleste utenlandsreiser til norske borgere forl\u00f8per uten st\u00f8rre problemer.<\/p>\n<p class=\"_paragraph_o9xde_4 _paragraph_xtcu6_10 layout-component text-serif-m layout-normal text-serif-m layout-padded\">Utenrikstjenesten er underlagt taushetsplikt i konsul\u00e6re saker, og kan derfor ikke kommentere enkeltsaker.<\/p>\n","protected":false},"excerpt":{"rendered":"Norske Benjamin Krohn-Hansen har bodd i USA siden han var ni, men risikerer n\u00e5 deportasjon grunnet en bagatellmessig&hellip;\n","protected":false},"author":2,"featured_media":106862,"comment_status":"","ping_status":"","sticky":false,"template":"","format":"standard","meta":{"footnotes":""},"categories":[10],"tags":[20,21,55,24,25,15,22,23,13,30,28,29,14,16,26,27,50],"class_list":{"0":"post-106861","1":"post","2":"type-post","3":"status-publish","4":"format-standard","5":"has-post-thumbnail","7":"category-norge","8":"tag-breaking-news","9":"tag-breakingnews","10":"tag-donald-trump","11":"tag-featured-news","12":"tag-featurednews","13":"tag-headlines","14":"tag-latest-news","15":"tag-latestnews","16":"tag-news","17":"tag-no","18":"tag-norge","19":"tag-norway","20":"tag-nyheter","21":"tag-overskrifter","22":"tag-top-stories","23":"tag-topstories","24":"tag-usa"},"share_on_mastodon":{"url":"https:\/\/pubeurope.com\/@no\/115680192100485162","error":""},"_links":{"self":[{"href":"https:\/\/www.europesays.com\/no\/wp-json\/wp\/v2\/posts\/106861","targetHints":{"allow":["GET"]}}],"collection":[{"href":"https:\/\/www.europesays.com\/no\/wp-json\/wp\/v2\/posts"}],"about":[{"href":"https:\/\/www.europesays.com\/no\/wp-json\/wp\/v2\/types\/post"}],"author":[{"embeddable":true,"href":"https:\/\/www.europesays.com\/no\/wp-json\/wp\/v2\/users\/2"}],"replies":[{"embeddable":true,"href":"https:\/\/www.europesays.com\/no\/wp-json\/wp\/v2\/comments?post=106861"}],"version-history":[{"count":0,"href":"https:\/\/www.europesays.com\/no\/wp-json\/wp\/v2\/posts\/106861\/revisions"}],"wp:featuredmedia":[{"embeddable":true,"href":"https:\/\/www.europesays.com\/no\/wp-json\/wp\/v2\/media\/106862"}],"wp:attachment":[{"href":"https:\/\/www.europesays.com\/no\/wp-json\/wp\/v2\/media?parent=106861"}],"wp:term":[{"taxonomy":"category","embeddable":true,"href":"https:\/\/www.europesays.com\/no\/wp-json\/wp\/v2\/categories?post=106861"},{"taxonomy":"post_tag","embeddable":true,"href":"https:\/\/www.europesays.com\/no\/wp-json\/wp\/v2\/tags?post=106861"}],"curies":[{"name":"wp","href":"https:\/\/api.w.org\/{rel}","templated":true}]}}