{"id":106867,"date":"2025-12-07T20:35:13","date_gmt":"2025-12-07T20:35:13","guid":{"rendered":"https:\/\/www.europesays.com\/no\/106867\/"},"modified":"2025-12-07T20:35:13","modified_gmt":"2025-12-07T20:35:13","slug":"prins-harrys-overraskende-opptreden-i-hertuginne-meghans-netflix-julespesial-2","status":"publish","type":"post","link":"https:\/\/www.europesays.com\/no\/106867\/","title":{"rendered":"Prins Harrys overraskende opptreden i hertuginne Meghans Netflix-julespesial"},"content":{"rendered":"<p class=\"kicker \" style=\"\">Prins Harry og hertuginne Meghan:<\/p>\n<p>  Prins Harry overrasker i konas matprogram da han \u00abtar et oppgj\u00f8r\u00bb med konas salat.<\/p>\n<p>\n    TV-STJERNER: Den tidligere skuespilleren har lang erfaring foran kameraene. N\u00e5 gj\u00f8r ogs\u00e5 prins Harry en sjelden opptreden i Netlix-serien. Foto: SplashNews\/NTB\n  <\/p>\n<p>    Kort fortalt<\/p>\n<ul lang=\"nb-NO\">\n<li>Hertuginne Meghan fikk i mars i \u00e5r sin egen Netflix-serie, \u00abWith Love, Meghan\u00bb, og n\u00e5 er en julespesial sluppet.<\/li>\n<li>I episoden blir det \u00e5penbart at Prins Harry og Meghan har ulike matpreferanser.<\/li>\n<li>Top Chef-stjerna Tom Colicchio er med p\u00e5 matlagingen &#8211; og Harry kaller salaten de lager for \u00aben antisalat\u00bb.\u00a0<\/li>\n<li>Serien har f\u00e5tt kritikk for \u00e5 \u00abmangle bakkekontakt\u00bb, deriblant av Vanity Fair-redakt\u00f8r Tina Brown<\/li>\n<\/ul>\n<p class=\"italic m-italic\" data-lab-italic=\"italic\">Sammendraget er laget av ChatGPT og godkjent av Dagbladet.<\/p>\n<p>      Vis mer<br \/>\n      Vis mindre<\/p>\n<p> Hertuginne Meghan (44)\u00a0har <a href=\"https:\/\/www.dagbladet.no\/kjendis\/hardt-ut-mot-meghan-absurd\/82813766\" target=\"_blank\" rel=\"nofollow noopener\">f\u00e5tt sin egen Netflix-serie<\/a> kalt \u00abWith Love, Meghan\u00bb, og onsdag ble sesongens julespesial sluppet p\u00e5 str\u00f8mmetjenesten.\u00a0<\/p>\n<p>Britiske juletradisjoner, julekalender til barna Archie (6) og Lilibet (4), og matlagning er blant det seerne f\u00e5r servert i den nye episoden.\u00a0<\/p>\n<p>    <a itemprop=\"url\" href=\"https:\/\/www.dagbladet.no\/kjendis\/derfor-er-de-skjult-1\/83929124\" rel=\"nofollow noopener\" target=\"_blank\"><\/p>\n<p>      <img loading=\"lazy\" decoding=\"async\" src=\"https:\/\/www.europesays.com\/no\/wp-content\/uploads\/2025\/12\/1765139710_26_83930294.webp\" width=\"980\" height=\"441\" title=\"Derfor er de skjult\" alt=\"\" class=\"lazyload\" style=\"--aspect-ratio-image: 2.22; \"\/><\/p>\n<p>        Derfor er de skjult<\/p>\n<p>    <\/a><\/p>\n<p>Kokkeleringen er imidlertid ektemannen prins Harry (41) lite imponert av, n\u00e5r han gj\u00f8r sin aller f\u00f8rste opptreden i Netflix-serien.\u00a0<\/p>\n<p>&#8211; Han hater det\t<\/p>\n<p>I episoden f\u00e5r hertuginnen bes\u00f8k av Top Chef-stjerna\u00a0Tom Colicchio (63), som er p\u00e5 plass for \u00e5 lage en salat &#8211; eller som prins Harry velger \u00e5 kalle det: \u00aben anti-salat\u00bb.<\/p>\n<p>Han legger nemlig ikke skjul p\u00e5 at han \u00abhater\u00bb alle ingrediensene i matretten, inkludert r\u00f8dbeter, fennikel, svarte oliven og bakte gr\u00f8nnsaker.\u00a0<\/p>\n<p>N\u00e5r prinsen kommer inn p\u00e5 kj\u00f8kkenet planter han et kyss p\u00e5 leppene til kona, f\u00f8r han retter oppmerksomheten mot salaten:<\/p>\n<p>          <img loading=\"lazy\" decoding=\"async\" src=\"https:\/\/www.europesays.com\/no\/wp-content\/uploads\/2025\/12\/1765139710_785_83934153.webp\" width=\"686\" height=\"563\" title=\"KLINTE TIL: Prins Harry debuterte i en episode av Netflix-serien til kona, \u00abWith Love, Meghan\u00bb. Skjermdump: Netflix\" alt=\"\" class=\"\" style=\"--aspect-ratio-image: 1.22; \"\/><\/p>\n<p>\n          KLINTE TIL: Prins Harry debuterte i en episode av Netflix-serien til kona, \u00abWith Love, Meghan\u00bb. Skjermdump: Netflix\n      <\/p>\n<p>&#8211; \u00c5h wow, det er som en anti-salat. Dere m\u00e5 ha visst at jeg skulle komme. Jeg og salaten har en slags stirrekonkurranse, sier prinsen, og legger til:\u00a0<\/p>\n<p>          <img loading=\"lazy\" decoding=\"async\" src=\"https:\/\/www.europesays.com\/no\/wp-content\/uploads\/2025\/12\/83936915.webp\" width=\"686\" height=\"378\" title=\"SALATEN: Beter, fenikkel - og \u00abalt\u00bb Harry hater, er i salaten kona lager p\u00e5 programmet. Skjermdump: Netflix\" alt=\"\" class=\"\" style=\"--aspect-ratio-image: 1.81; \"\/><\/p>\n<p>\n          SALATEN: Beter, fenikkel &#8211; og \u00abalt\u00bb Harry hater, er i salaten kona lager p\u00e5 programmet. Skjermdump: Netflix\n      <\/p>\n<p>&#8211; Det er ikke s\u00e5 mange ting i verden jeg ikke liker. Alle er i den salaten.\u00a0\u00a0<\/p>\n<p>Meghan har gledet seg til retten, sier hun, siden hun sjelden lager den p\u00e5 grunn av prinsens preferanser.<\/p>\n<p>&#8211; Han hater alle disse smakene, forteller hun.\u00a0<\/p>\n<p>Kritikken hagler\t<\/p>\n<p>De to f\u00f8rste sesongene har f\u00e5tt mye kritikk. Flere mener at innslagene er lite virkelighetsn\u00e6re, og at programlederen er vanskelig \u00e5 kjenne seg igjen i.<\/p>\n<p>Tidligere Vanity Fair-redakt\u00f8r Tina Brown (71) er blant dem som har refset serien, etter at den hadde premiere i mars.\u00a0<\/p>\n<p>        ENDRING: Flere av kongehusets \u00f8vrige medlemmer er ikke \u00e5 finne i skattelistene, som ble sluppet 3. desember, men det vil de v\u00e6re neste \u00e5r. Video: Silja Furset\/ Thea Hope\/ R\u00f8d L\u00f8per<\/p>\n<p>\u00abMed sin ufeilbarlige evne til \u00e5 gj\u00f8re feil, har Meghan kommet med en serie om falsk perfeksjon akkurat n\u00e5r tids\u00e5nden har vendt seg mot det\u00bb, skrev Brown i et\u00a0<a href=\"https:\/\/tinabrown.substack.com\/p\/meghans-buzzkill-and-a-murder-mystery\" rel=\"nofollow noopener\" target=\"_blank\">nyhetsbrev<\/a>.<\/p>\n<p>I et sjelden intervju med\u00a0<a href=\"https:\/\/www.nytimes.com\/2025\/04\/02\/dining\/meghan-markle-kitchen-as-ever.html\" rel=\"nofollow noopener\" target=\"_blank\">The New Tork Times<\/a> svarte hertuginnen p\u00e5 kritikken:<\/p>\n<p>    <a itemprop=\"url\" href=\"https:\/\/www.dagbladet.no\/kjendis\/stanser-ny-abortlov\/83925387\" rel=\"nofollow noopener\" target=\"_blank\"><\/p>\n<p>      <img loading=\"lazy\" decoding=\"async\" src=\"https:\/\/www.europesays.com\/no\/wp-content\/uploads\/2025\/12\/83926761.webp\" width=\"980\" height=\"441\" title=\"Stanser ny abortlov\" alt=\"\" class=\"lazyload\" style=\"--aspect-ratio-image: 2.22; \"\/><\/p>\n<p>        Stanser ny abortlov<\/p>\n<p>    <\/a><\/p>\n<p>&#8211;\u00a0\u00a0Vet de ikke at livet mitt ikke alltid har v\u00e6rt s\u00e5nn som dette?<\/p>\n<p>Avisa skrev ogs\u00e5 at Meghan ikke ser p\u00e5 kommentarene i sosiale medier, og at hun har folk rundt seg som modererer kommentarfeltene og diskusjonene p\u00e5 plattformene hennes.<\/p>\n","protected":false},"excerpt":{"rendered":"Prins Harry og hertuginne Meghan: Prins Harry overrasker i konas matprogram da han \u00abtar et oppgj\u00f8r\u00bb med konas&hellip;\n","protected":false},"author":2,"featured_media":104505,"comment_status":"","ping_status":"","sticky":false,"template":"","format":"standard","meta":{"footnotes":""},"categories":[58],"tags":[71,1299,479,4001,220,30,28,29,75,72],"class_list":{"0":"post-106867","1":"post","2":"type-post","3":"status-publish","4":"format-standard","5":"has-post-thumbnail","7":"category-underholdning","8":"tag-entertainment","9":"tag-hertuginne-meghan","10":"tag-kjendis","11":"tag-matlaging","12":"tag-netflix","13":"tag-no","14":"tag-norge","15":"tag-norway","16":"tag-prins-harry","17":"tag-underholdning"},"share_on_mastodon":{"url":"https:\/\/pubeurope.com\/@no\/115680203638471688","error":""},"_links":{"self":[{"href":"https:\/\/www.europesays.com\/no\/wp-json\/wp\/v2\/posts\/106867","targetHints":{"allow":["GET"]}}],"collection":[{"href":"https:\/\/www.europesays.com\/no\/wp-json\/wp\/v2\/posts"}],"about":[{"href":"https:\/\/www.europesays.com\/no\/wp-json\/wp\/v2\/types\/post"}],"author":[{"embeddable":true,"href":"https:\/\/www.europesays.com\/no\/wp-json\/wp\/v2\/users\/2"}],"replies":[{"embeddable":true,"href":"https:\/\/www.europesays.com\/no\/wp-json\/wp\/v2\/comments?post=106867"}],"version-history":[{"count":0,"href":"https:\/\/www.europesays.com\/no\/wp-json\/wp\/v2\/posts\/106867\/revisions"}],"wp:featuredmedia":[{"embeddable":true,"href":"https:\/\/www.europesays.com\/no\/wp-json\/wp\/v2\/media\/104505"}],"wp:attachment":[{"href":"https:\/\/www.europesays.com\/no\/wp-json\/wp\/v2\/media?parent=106867"}],"wp:term":[{"taxonomy":"category","embeddable":true,"href":"https:\/\/www.europesays.com\/no\/wp-json\/wp\/v2\/categories?post=106867"},{"taxonomy":"post_tag","embeddable":true,"href":"https:\/\/www.europesays.com\/no\/wp-json\/wp\/v2\/tags?post=106867"}],"curies":[{"name":"wp","href":"https:\/\/api.w.org\/{rel}","templated":true}]}}