{"id":106868,"date":"2025-12-07T20:38:11","date_gmt":"2025-12-07T20:38:11","guid":{"rendered":"https:\/\/www.europesays.com\/no\/106868\/"},"modified":"2025-12-07T20:38:11","modified_gmt":"2025-12-07T20:38:11","slug":"kim-cattrall-giftet-seg-med-russell-thomas-i-london-2","status":"publish","type":"post","link":"https:\/\/www.europesays.com\/no\/106868\/","title":{"rendered":"Kim Cattrall giftet seg med Russell Thomas i London"},"content":{"rendered":"<p class=\"kicker \" style=\"\">Kim Cattrall:\u00a0<\/p>\n<p>  Lykken smiler for \u00abSex and the City\u00bb-stjernen.\u00a0<\/p>\n<p>\n    GLADNYHET: Kim Cattrall og Russell Thomas har v\u00e6rt sammen i en \u00e5rrekke &#8211; n\u00e5 har de giftet seg. Foto: Temilade Adelaja \/ REUTERS \/ NTB\n  <\/p>\n<p>Skuespiller Kim Cattrall (69) og lydtekniker Russell Thomas (55) har tatt forholdet et steg videre, og giftet seg torsdag p\u00e5 Chelsea Old Town Hall i London. Det melder <a href=\"https:\/\/people.com\/kim-cattrall-marries-russell-thomas-in-intimate-london-wedding-ceremony-exclusive-11861746\" rel=\"nofollow noopener\" target=\"_blank\">People<\/a>.\u00a0<\/p>\n<p>    <a itemprop=\"url\" href=\"https:\/\/www.seher.no\/kjendis\/roper-derfor-utsetter-de\/83896468\" rel=\"nofollow noopener\" target=\"_blank\"><\/p>\n<p>      <img loading=\"lazy\" decoding=\"async\" src=\"https:\/\/www.europesays.com\/no\/wp-content\/uploads\/2025\/12\/83896393.webp\" width=\"147\" height=\"98\" title=\"R\u00f8per: Derfor utsetter de\" alt=\"\" class=\"lazyload\" style=\"--aspect-ratio-image: 1.50; \"\/><\/p>\n<p>        R\u00f8per: Derfor utsetter de<\/p>\n<p>    <\/a><\/p>\n<p>Paret har ogs\u00e5 publisert et felles innlegg p\u00e5 Instagram, hvor de deler et kyssebilde fra den store dagen.\u00a0<\/p>\n<p>For anledningen hadde Kim og Russel kun invitert de aller n\u00e6rmeste, og det var bare tolv personer til stede under seremonien da duoen ga hverandre sitt ja.\u00a0<\/p>\n<p>Kim hadde p\u00e5 seg en Dior-dress stylet av sin mange\u00e5rige samarbeidspartner Patricia Field.<\/p>\n<p class=\"font-weight-bold m-font-weight-bold\" data-lab-font_weight=\"font-weight-bold\">Hun kombinerte antrekket med hansker fra Cornelia James og en spesiallaget hatt designet av Philip Treacy. Russell valgte en skreddersydd dress fra Richard James, if\u00f8lge People.\u00a0<\/p>\n<p>          <img loading=\"lazy\" decoding=\"async\" src=\"https:\/\/www.europesays.com\/no\/wp-content\/uploads\/2025\/12\/83943980.webp\" width=\"686\" height=\"837\" title=\"FALT FOR HVERANDRE: Kim og Russell hadde en umiddelbar kjemi allerede f\u00f8rste gang de m\u00f8ttes i 2016. Foto: Brett D. Cove \/ Splash News \/ Pictures USA \/ NTB\" alt=\"\" class=\"\" style=\"--aspect-ratio-image: 0.82; filter: brightness(1.15);\"\/><\/p>\n<p>\n          FALT FOR HVERANDRE: Kim og Russell hadde en umiddelbar kjemi allerede f\u00f8rste gang de m\u00f8ttes i 2016. Foto: Brett D. Cove \/ Splash News \/ Pictures USA \/ NTB\n      <\/p>\n<p>Paret m\u00f8ttes f\u00f8rste gang i 2016 da skuespilleren var gjest i BBC-programmet \u00abWoman&#8217;s Hour\u00bb.<\/p>\n<p class=\"font-weight-normal m-font-weight-normal\" data-lab-font_weight=\"font-weight-normal\">&#8211; Han sendte meg en direktemelding, r\u00f8pet hun til Glamour i 2018.<\/p>\n<p>    <a itemprop=\"url\" href=\"https:\/\/www.seher.no\/kjendis\/ryktene-florerer\/83929745\" rel=\"nofollow noopener\" target=\"_blank\"><\/p>\n<p>      <img loading=\"lazy\" decoding=\"async\" src=\"https:\/\/www.europesays.com\/no\/wp-content\/uploads\/2025\/12\/83929803.webp\" width=\"147\" height=\"98\" title=\"Ryktene florerer\" alt=\"\" class=\"lazyload\" style=\"--aspect-ratio-image: 1.50; \"\/><\/p>\n<p>        Ryktene florerer<\/p>\n<p>    <\/a><\/p>\n<p>Etter hvert bes\u00f8kte Russell henne i Vancouver.<\/p>\n<p class=\"font-weight-bold m-font-weight-bold\" data-lab-font_weight=\"font-weight-bold\">&#8211; Det var veldig modig av ham, fordi vi kjente ikke hverandre s\u00e5 godt. Men han kom og vi klikket virkelig. Vi har v\u00e6rt sammen siden, sa hun til People i 2020.<\/p>\n<p>&#8211; Jeg er veldig komfortabel rundt ham. Han er et fyrverkeri og har en frekk sans for humor. Og han er fin \u00e5 se p\u00e5, la hun til.<\/p>\n<p>        DATER: Martine Lunde har begynt \u00e5 ta datinglivet seri\u00f8st, noe som satt langt inne for henne. Video: Nora Skavhaug \/ R\u00f8d L\u00f8per<\/p>\n<p>I juni i \u00e5r fortalte skuespilleren til The Times at de har hatt det veldig g\u00f8y sammen.<\/p>\n<p>&#8211; Han har hatt et utrolig interessant liv og virkelig levd p\u00e5 sine egne premisser. Han er litt av en rebell, noe jeg elsker, sa hun.<\/p>\n","protected":false},"excerpt":{"rendered":"Kim Cattrall:\u00a0 Lykken smiler for \u00abSex and the City\u00bb-stjernen.\u00a0 GLADNYHET: Kim Cattrall og Russell Thomas har v\u00e6rt sammen&hellip;\n","protected":false},"author":2,"featured_media":106869,"comment_status":"","ping_status":"","sticky":false,"template":"","format":"standard","meta":{"footnotes":""},"categories":[12],"tags":[20,21,183,24,25,13218,5429,15,6099,479,2543,22,23,13,30,28,29,14,16,26,27,42,43,44,45],"class_list":{"0":"post-106868","1":"post","2":"type-post","3":"status-publish","4":"format-standard","5":"has-post-thumbnail","7":"category-verden","8":"tag-breaking-news","9":"tag-breakingnews","10":"tag-bryllup","11":"tag-featured-news","12":"tag-featurednews","13":"tag-giftet-seg","14":"tag-gladnyhet","15":"tag-headlines","16":"tag-kim-cattrall","17":"tag-kjendis","18":"tag-kjendisdesken","19":"tag-latest-news","20":"tag-latestnews","21":"tag-news","22":"tag-no","23":"tag-norge","24":"tag-norway","25":"tag-nyheter","26":"tag-overskrifter","27":"tag-top-stories","28":"tag-topstories","29":"tag-verden","30":"tag-world","31":"tag-world-news","32":"tag-worldnews"},"share_on_mastodon":{"url":"https:\/\/pubeurope.com\/@no\/115680215783465121","error":""},"_links":{"self":[{"href":"https:\/\/www.europesays.com\/no\/wp-json\/wp\/v2\/posts\/106868","targetHints":{"allow":["GET"]}}],"collection":[{"href":"https:\/\/www.europesays.com\/no\/wp-json\/wp\/v2\/posts"}],"about":[{"href":"https:\/\/www.europesays.com\/no\/wp-json\/wp\/v2\/types\/post"}],"author":[{"embeddable":true,"href":"https:\/\/www.europesays.com\/no\/wp-json\/wp\/v2\/users\/2"}],"replies":[{"embeddable":true,"href":"https:\/\/www.europesays.com\/no\/wp-json\/wp\/v2\/comments?post=106868"}],"version-history":[{"count":0,"href":"https:\/\/www.europesays.com\/no\/wp-json\/wp\/v2\/posts\/106868\/revisions"}],"wp:featuredmedia":[{"embeddable":true,"href":"https:\/\/www.europesays.com\/no\/wp-json\/wp\/v2\/media\/106869"}],"wp:attachment":[{"href":"https:\/\/www.europesays.com\/no\/wp-json\/wp\/v2\/media?parent=106868"}],"wp:term":[{"taxonomy":"category","embeddable":true,"href":"https:\/\/www.europesays.com\/no\/wp-json\/wp\/v2\/categories?post=106868"},{"taxonomy":"post_tag","embeddable":true,"href":"https:\/\/www.europesays.com\/no\/wp-json\/wp\/v2\/tags?post=106868"}],"curies":[{"name":"wp","href":"https:\/\/api.w.org\/{rel}","templated":true}]}}