{"id":106875,"date":"2025-12-07T20:42:16","date_gmt":"2025-12-07T20:42:16","guid":{"rendered":"https:\/\/www.europesays.com\/no\/106875\/"},"modified":"2025-12-07T20:42:16","modified_gmt":"2025-12-07T20:42:16","slug":"katarina-flatland-nesoya-forste-jul-uten-mamma-blir-annerledes","status":"publish","type":"post","link":"https:\/\/www.europesays.com\/no\/106875\/","title":{"rendered":"Katarina Flatland, Nes\u00f8ya | F\u00f8rste jul uten mamma: \u2013 Blir annerledes"},"content":{"rendered":"\n<p>(<a href=\"https:\/\/www.nettavisen.no\/kjendis\/katarina-flatland-om-forste-jul-uten-moren-blir-annerledes\/s\/5-95-2756414\" rel=\"Follow nofollow noopener\" target=\"_blank\">NETTAVISEN<\/a>) I februar mistet TV-profil <a href=\"https:\/\/www.budstikka.no\/katarina-flatland-mistet-moren-sin-hjertene-vare-er-knust\/s\/5-55-1909279\" rel=\"Follow nofollow noopener\" target=\"_blank\">Katarina Flatland (36) moren sin, Anne-Lise Flatland, til kreft<\/a>. Hun ble 68 \u00e5r gammel.<\/p>\n<p>\u00abDet f\u00f8les uvirkelig \u00e5 skrive dette. V\u00e5r umistelige mamma sovnet stille inn i g\u00e5r kveld, mens vi klemte p\u00e5 henne en aller siste gang? Hjertene v\u00e5re er knust, og sorgen f\u00f8les bunnl\u00f8s\u00bb, delte hun den gang p\u00e5 Instagram.<\/p>\n<p>Katarina Flatland er oppvokst p\u00e5 Nes\u00f8ya i Asker<\/p>\n<p>  <a href=\"https:\/\/www.budstikka.no\/5-55-1664108\" class=\"related-teaser has-image default-story-teaser article--c-eRUmMG article--c-eRUmMG-jKCPdD-design-default\" rel=\"nofollow noopener\" target=\"_blank\"><\/p>\n<p>    <img decoding=\"async\" loading=\"lazy\"  src=\"https:\/\/www.europesays.com\/no\/wp-content\/uploads\/2025\/12\/NTB_SZETe0Vj7rI.jpg\" alt=\"\" class=\"brick-c-cFOWSL\" style=\"\"\/><\/p>\n<p>\n            Les ogs\u00e5<\/p>\n<p>              Katarina Flatland fikk brutal beskjed: \u2013 Urettferdig og veldig uvirkelig\n        <\/p>\n<p>  <\/a><\/p>\n<p>I \u00e5r blir familiens f\u00f8rste jul uten moren \u2013 noe Flatland ikke legger skjul p\u00e5 at blir annerledes.<\/p>\n<p>Slik skal de feire<\/p>\n<p>Da Nettavisen nylig m\u00f8tte Katarina Flatland, kunne hun avsl\u00f8re at hun enn\u00e5 ikke har startet p\u00e5 juleforberedelsene.<\/p>\n<p>\u2013 Jeg har store planer om \u00e5 v\u00e6re tidlig ute med det meste, men det ender ofte med at jeg ikke er det. Vi f\u00e5r pr\u00f8ve i \u00e5r, sier hun, og fortsetter:<\/p>\n<p>\u2013 Det er masse som skjer n\u00e5 om dagen, men det blir vel litt s\u00e5nn i desember for mange. Det g\u00e5r i hundre, men det er egentlig da jeg trives best. Jeg f\u00e5r bare v\u00e6re glad for det.<\/p>\n<p>  <a href=\"https:\/\/www.budstikka.no\/5-55-1435072\" class=\"related-teaser has-image default-story-teaser article--c-eRUmMG article--c-eRUmMG-jKCPdD-design-default\" rel=\"nofollow noopener\" target=\"_blank\"><\/p>\n<p>    <img decoding=\"async\" loading=\"lazy\"  src=\"https:\/\/www.europesays.com\/no\/wp-content\/uploads\/2025\/12\/hallvard_flatland_gaustatoppen_sj_september_2022+%283%29.jpg\" alt=\"\" class=\"brick-c-cFOWSL\" style=\"\"\/><\/p>\n<p>\n            Les ogs\u00e5<\/p>\n<p>              TV-kjendisen fikk sjokk da han \u00e5pnet appen: \u2013 Det reklameres jo med billig str\u00f8m\n        <\/p>\n<p>  <\/a><\/p>\n<p>I \u00e5r blir det familiens aller f\u00f8rste jul uten moren, noe Flatland deler \u00e5pent og \u00e6rlig om.<\/p>\n<p>\u2013 Det blir en annerledes og vanskelig jul, men vi skal pr\u00f8ve \u00e5 gj\u00f8re det beste ut av det. Vi skal feire p\u00e5 fjellet med hele familien.<\/p>\n<p>Fikk brystkreft i 2010<\/p>\n<p>Anne-Lise Flatland fikk brystkreft for f\u00f8rste gang i 2010. Hun ble frisk den gang, men i 2024 kunne familien opplyse om at sykdommen var kommet tilbake.<\/p>\n<p>Anne-Lise gift med programleder Hallvard Flatland (57).<\/p>\n<p>Katarina Flatland, som er kjent fra en rekke TV-programmer, har i flere intervjuer v\u00e6rt \u00e5pen om morens tilstand, og den t\u00f8ffe perioden familien har g\u00e5tt gjennom.<\/p>\n<p>  <a href=\"https:\/\/www.budstikka.no\/5-55-1288532\" class=\"related-teaser has-image default-story-teaser article--c-eRUmMG article--c-eRUmMG-jKCPdD-design-default\" rel=\"nofollow noopener\" target=\"_blank\"><\/p>\n<p>    <img decoding=\"async\" loading=\"lazy\"  src=\"https:\/\/www.europesays.com\/no\/wp-content\/uploads\/2025\/12\/Katarina+Flatland.bin\" alt=\"\" class=\"brick-c-cFOWSL\" style=\"\"\/><\/p>\n<p>\n            Les ogs\u00e5<\/p>\n<p>              Katarina Flatland fra Nes\u00f8ya er mor for andre gang\n        <\/p>\n<p>  <\/a><\/p>\n<p>Hallvard og Anne-Lise Flatland var gift i 40 \u00e5r.<\/p>\n","protected":false},"excerpt":{"rendered":"(NETTAVISEN) I februar mistet TV-profil Katarina Flatland (36) moren sin, Anne-Lise Flatland, til kreft. Hun ble 68 \u00e5r&hellip;\n","protected":false},"author":2,"featured_media":106876,"comment_status":"","ping_status":"","sticky":false,"template":"","format":"standard","meta":{"footnotes":""},"categories":[58],"tags":[36,71,5593,7182,3246,30,28,29,1510,72],"class_list":{"0":"post-106875","1":"post","2":"type-post","3":"status-publish","4":"format-standard","5":"has-post-thumbnail","7":"category-underholdning","8":"tag-art","9":"tag-entertainment","10":"tag-jul","11":"tag-katarina-flatland","12":"tag-nesoya","13":"tag-no","14":"tag-norge","15":"tag-norway","16":"tag-story","17":"tag-underholdning"},"share_on_mastodon":{"url":"https:\/\/pubeurope.com\/@no\/115680231070946254","error":""},"_links":{"self":[{"href":"https:\/\/www.europesays.com\/no\/wp-json\/wp\/v2\/posts\/106875","targetHints":{"allow":["GET"]}}],"collection":[{"href":"https:\/\/www.europesays.com\/no\/wp-json\/wp\/v2\/posts"}],"about":[{"href":"https:\/\/www.europesays.com\/no\/wp-json\/wp\/v2\/types\/post"}],"author":[{"embeddable":true,"href":"https:\/\/www.europesays.com\/no\/wp-json\/wp\/v2\/users\/2"}],"replies":[{"embeddable":true,"href":"https:\/\/www.europesays.com\/no\/wp-json\/wp\/v2\/comments?post=106875"}],"version-history":[{"count":0,"href":"https:\/\/www.europesays.com\/no\/wp-json\/wp\/v2\/posts\/106875\/revisions"}],"wp:featuredmedia":[{"embeddable":true,"href":"https:\/\/www.europesays.com\/no\/wp-json\/wp\/v2\/media\/106876"}],"wp:attachment":[{"href":"https:\/\/www.europesays.com\/no\/wp-json\/wp\/v2\/media?parent=106875"}],"wp:term":[{"taxonomy":"category","embeddable":true,"href":"https:\/\/www.europesays.com\/no\/wp-json\/wp\/v2\/categories?post=106875"},{"taxonomy":"post_tag","embeddable":true,"href":"https:\/\/www.europesays.com\/no\/wp-json\/wp\/v2\/tags?post=106875"}],"curies":[{"name":"wp","href":"https:\/\/api.w.org\/{rel}","templated":true}]}}