{"id":106898,"date":"2025-12-07T21:10:13","date_gmt":"2025-12-07T21:10:13","guid":{"rendered":"https:\/\/www.europesays.com\/no\/106898\/"},"modified":"2025-12-07T21:10:13","modified_gmt":"2025-12-07T21:10:13","slug":"julebukk-ble-katbukk","status":"publish","type":"post","link":"https:\/\/www.europesays.com\/no\/106898\/","title":{"rendered":"Julebukk ble \u00abk\u00e5tbukk\u00bb"},"content":{"rendered":"<p>  Svenske julebukker stjal rampelyset i\u00a0Valdemarsvik, da de havnet i en \u00abfrekk\u00bb positur. N\u00e5 ler \u00abhele\u00bb bygda.<\/p>\n<p>\n    \u00abJULEKOS\u00bb?: Hos \u00abs\u00f6ta bror\u00bb p\u00e5 andre siden av grensa, har noen hatt moro av \u00e5 plassere Valdemarsvik kommunes julepynt i en \u00abavsl\u00f8rende\u00bb positur. Foto: \u00c5sa Engstr\u00f6m \/ Facebook\n  <\/p>\n<p>Vi skriver andre s\u00f8ndag i advent og julen n\u00e6rmer seg med stormskritt. Men f\u00f8r juleklokkene ringer inn til h\u00f8ytidsdagene, skal det rekkes \u00e5 pyntes &#8211; b\u00e5de her og der.\u00a0<\/p>\n<p class=\"font-weight-bold m-font-weight-bold\" data-lab-font_weight=\"font-weight-bold\">Tradisjonen tro setter Valdemarsvik kommune i\u00a0\u00d6sterg\u00f6tland og Sm\u00e5land, s\u00f8r\u00f8st i Sverige, ut julebukker av granbar.\u00a0<\/p>\n<p>&#8211; Laget med omsorg av avfallsmateriale og rester av granbar fra skogbruket, gir det liv til det som eller ville ha g\u00e5tt til spille. Et symbol p\u00e5 kreativitet og omtanke, skrev kommunen i en post p\u00e5 sin Facebook-konto da julepynten var p\u00e5 plass i 2023.<\/p>\n<p> Men i \u00e5r fikk julepynten plutselig et mer \u00aberotisk\u00bb preg.<\/p>\n<p><a href=\"https:\/\/www.expressen.se\/nyheter\/sverige\/julbock-blev-katbock-i-kommunen-skrattade-\/\" target=\"_blank\" rel=\"nofollow noopener\">Expressen<\/a>\u00a0omtalte saken f\u00f8rst.<\/p>\n<p>        Dagbladets journalister dokumenterte at det var mye rotter ved Jul i Vinterland i Oslo. N\u00e5 er det lagt ut gift. Video: Karolina Rusov-Hansen og Sarah Brenns\u00e6ter.<\/p>\n<p>M\u00e5tte le\t<\/p>\n<p>Svenske \u00c5sa Engstr\u00f6m og mannen var ute p\u00e5 kj\u00f8retur l\u00f8rdag morgen da de plutselig gjorde store \u00f8yne.\u00a0<\/p>\n<p>To av julebukkene var nemlig flyttet p\u00e5 og plassert i det man kan kalle en\u00a0\u00abavsl\u00f8rende positur\u00bb.\u00a0<\/p>\n<p>    <a itemprop=\"url\" href=\"https:\/\/www.dagbladet.no\/nyheter\/na-har-det-skjedd-igjen\/83949930\" rel=\"nofollow noopener\" target=\"_blank\"><\/p>\n<p>      <img loading=\"lazy\" decoding=\"async\" src=\"https:\/\/www.europesays.com\/no\/wp-content\/uploads\/2025\/12\/83949936.webp\" width=\"980\" height=\"441\" title=\"N\u00e5 har det skjedd igjen\" alt=\"\" class=\"lazyload\" style=\"--aspect-ratio-image: 2.22; \"\/><\/p>\n<p>        N\u00e5 har det skjedd igjen<\/p>\n<p>    <\/a><\/p>\n<p class=\"font-weight-bold m-font-weight-bold\" data-lab-font_weight=\"font-weight-bold\">&#8211; Vi begynte \u00e5 le da vi s\u00e5 det. Vi tenkte at det var en morsom sp\u00f8k som noen hadde gjort, skriver\u00a0Engstr\u00f6m i en SMS til Dagbladet.\u00a0<\/p>\n<p class=\"font-weight-normal m-font-weight-normal\" data-lab-font_weight=\"font-weight-normal\">Hun postet et bilde av det hele p\u00e5 Facebook med teksten: \u00abNoen har kost seg med kommunens julebukker i natt&#8230;\u00bb.\u00a0<\/p>\n<p>          <img loading=\"lazy\" decoding=\"async\" src=\"https:\/\/www.europesays.com\/no\/wp-content\/uploads\/2025\/12\/83950886.webp\" width=\"686\" height=\"508\" title=\"ARTIG SYN: \u00c5sa Engstr\u00f6m fikk seg en overraskelse p\u00e5 kj\u00f8retur l\u00f8rdag morgen. Foto: Privat\" alt=\"\" class=\"\" style=\"--aspect-ratio-image: 1.35; \"\/><\/p>\n<p>\n          ARTIG SYN: \u00c5sa Engstr\u00f6m fikk seg en overraskelse p\u00e5 kj\u00f8retur l\u00f8rdag morgen. Foto: Privat\n      <\/p>\n<p>Innlegget, som i skrivende stund har f\u00e5tt n\u00e6rmere 3000 likerklikk, har f\u00f8rt til stort engasjement i kommentarfeltet, der de fleste tar tilsynelatende \u00abjulesp\u00f8ken\u00bb med godt hum\u00f8r.\u00a0<\/p>\n<p>&#8211; Vitsen ser ut til \u00e5 ha blitt godt mottatt, sier\u00a0Engstr\u00f6m til Expressen som skriver at bukkene skal ha blitt byttet tilbake til sin vante posisjon i l\u00f8pet av l\u00f8rdagen, men at noen deretter igjen har plassert de i den sp\u00f8kefulle posituren.\u00a0<\/p>\n<p>          <img loading=\"lazy\" decoding=\"async\" src=\"https:\/\/www.europesays.com\/no\/wp-content\/uploads\/2025\/12\/83950454.webp\" width=\"686\" height=\"522\" title=\"KJENT DEKOR: Her er en tradisjonell julebukk av granbar utplassert av Valdemarsviks kommune like f\u00f8r jul i 2023. Foto: Valdemarsviks kommun \/ Facebook\" alt=\"\" class=\"\" style=\"--aspect-ratio-image: 1.31; \"\/><\/p>\n<p>\n          KJENT DEKOR: Her er en tradisjonell julebukk av granbar utplassert av Valdemarsviks kommune like f\u00f8r jul i 2023. Foto: Valdemarsviks kommun \/ Facebook\n      <\/p>\n<p>Det ligger dermed an til at bukkedramaet i Valdemarsvik fortsetter i julen, antyder avisa.<\/p>\n<p> &#8211; Vi syns ikke at det var en farlig sp\u00f8k, men heller en kul greie som skjer i flere kommuner i Sverige, skriver Engstr\u00f6m til Dagbladet.<\/p>\n<p>        \u00abNISSENE I SKJUL\u00bb: Herman Flesvig, Mikkel Niva og Kevin V\u00e5genes r\u00f8per en av ideene de fikk nei til. Video: \u00abNissene i skjul\u00bb\/NRK.<\/p>\n<p>Tradisjon\t<\/p>\n<p>Dette er nemlig ikke et ukjent julefenomen i svenske kommuner.\u00a0<\/p>\n<p>I\u00a0K\u00e4vlinge i Sk\u00e5ne, s\u00f8rvest i Sverige, pleier kommunen \u00e5 sette ut to granbar-bukker i Solanum-rundkj\u00f8ringen.\u00a0<\/p>\n<p>    <a itemprop=\"url\" href=\"https:\/\/www.dagbladet.no\/nyheter\/hvit-jul-bare-50-prosent-sjanse\/83942564\" rel=\"nofollow noopener\" target=\"_blank\"><\/p>\n<p>      <img loading=\"lazy\" decoding=\"async\" src=\"https:\/\/www.europesays.com\/no\/wp-content\/uploads\/2025\/12\/83942641.webp\" width=\"980\" height=\"441\" title=\"Hvit jul: Bare 50 prosent sjanse\" alt=\"\" class=\"lazyload\" style=\"--aspect-ratio-image: 2.22; \"\/><\/p>\n<p>        Hvit jul: Bare 50 prosent sjanse<\/p>\n<p>    <\/a><\/p>\n<p>Den \u00abvanlige\u00bb posituren er at bukkene kysser hverandre, men i tradisjonen tro, pleier ogs\u00e5 disse bukkene etter hvert \u00e5 \u00abhavne\u00bb i en \u00abfrekkere\u00bb omfavnelse.\u00a0 \u00a0 \u00a0<\/p>\n<p>&#8211;\u00a0Det er g\u00f8y at man kan tulle litt med det. Det er ganske uskyldig, uttalte Ica-forhandler Roger J\u00f6nsson, som har butikken sin ved siden av rundkj\u00f8ringen, til <a href=\"https:\/\/www.expressen.se\/nyheter\/sverige\/katbockarna-i-rondellen-ar-tillbaka-sa-fort-gick-det\/\" target=\"_blank\" rel=\"nofollow noopener\">Expressen<\/a>, da tradisjonen slo til igjen i 2023.\u00a0<\/p>\n<p>Heller ikke i \u00e5r er det noe unntak.\u00a0<\/p>\n<p>For if\u00f8lge <a href=\"https:\/\/www.sydsvenskan.se\/kavlinge\/katbockarna-under-porrstjarnan-tar-gavlebocken-pa-sangen\/\" target=\"_blank\" rel=\"nofollow noopener\">Sydsvenskan<\/a>, som siterer det hele som \u00abK\u00e4vlinges juletradisjon\u00bb,\u00a0havnet julebukkene i den velkjente\u00a0\u00abfrekke\u00bb posituren for f\u00e5 dager siden.\u00a0<\/p>\n","protected":false},"excerpt":{"rendered":"Svenske julebukker stjal rampelyset i\u00a0Valdemarsvik, da de havnet i en \u00abfrekk\u00bb positur. N\u00e5 ler \u00abhele\u00bb bygda. \u00abJULEKOS\u00bb?: Hos&hellip;\n","protected":false},"author":2,"featured_media":106899,"comment_status":"","ping_status":"","sticky":false,"template":"","format":"standard","meta":{"footnotes":""},"categories":[10],"tags":[20,21,24,25,15,22,23,13,30,28,29,14,16,26,27,412],"class_list":{"0":"post-106898","1":"post","2":"type-post","3":"status-publish","4":"format-standard","5":"has-post-thumbnail","7":"category-norge","8":"tag-breaking-news","9":"tag-breakingnews","10":"tag-featured-news","11":"tag-featurednews","12":"tag-headlines","13":"tag-latest-news","14":"tag-latestnews","15":"tag-news","16":"tag-no","17":"tag-norge","18":"tag-norway","19":"tag-nyheter","20":"tag-overskrifter","21":"tag-top-stories","22":"tag-topstories","23":"tag-utenriks"},"share_on_mastodon":{"url":"https:\/\/pubeurope.com\/@no\/115680341463039025","error":""},"_links":{"self":[{"href":"https:\/\/www.europesays.com\/no\/wp-json\/wp\/v2\/posts\/106898","targetHints":{"allow":["GET"]}}],"collection":[{"href":"https:\/\/www.europesays.com\/no\/wp-json\/wp\/v2\/posts"}],"about":[{"href":"https:\/\/www.europesays.com\/no\/wp-json\/wp\/v2\/types\/post"}],"author":[{"embeddable":true,"href":"https:\/\/www.europesays.com\/no\/wp-json\/wp\/v2\/users\/2"}],"replies":[{"embeddable":true,"href":"https:\/\/www.europesays.com\/no\/wp-json\/wp\/v2\/comments?post=106898"}],"version-history":[{"count":0,"href":"https:\/\/www.europesays.com\/no\/wp-json\/wp\/v2\/posts\/106898\/revisions"}],"wp:featuredmedia":[{"embeddable":true,"href":"https:\/\/www.europesays.com\/no\/wp-json\/wp\/v2\/media\/106899"}],"wp:attachment":[{"href":"https:\/\/www.europesays.com\/no\/wp-json\/wp\/v2\/media?parent=106898"}],"wp:term":[{"taxonomy":"category","embeddable":true,"href":"https:\/\/www.europesays.com\/no\/wp-json\/wp\/v2\/categories?post=106898"},{"taxonomy":"post_tag","embeddable":true,"href":"https:\/\/www.europesays.com\/no\/wp-json\/wp\/v2\/tags?post=106898"}],"curies":[{"name":"wp","href":"https:\/\/api.w.org\/{rel}","templated":true}]}}