{"id":10692,"date":"2025-08-17T18:01:08","date_gmt":"2025-08-17T18:01:08","guid":{"rendered":"https:\/\/www.europesays.com\/no\/10692\/"},"modified":"2025-08-17T18:01:08","modified_gmt":"2025-08-17T18:01:08","slug":"vold-skanevik-voldshendelse-i-skanevik","status":"publish","type":"post","link":"https:\/\/www.europesays.com\/no\/10692\/","title":{"rendered":"Vold, Sk\u00e5nevik | Voldshendelse i Sk\u00e5nevik"},"content":{"rendered":"\n<p><b>SK\u00c5NEVIK: <\/b>Like f\u00f8r klokken 19 melder politiet at de har kommet fram til et bygg i Sk\u00e5nevik etter melding om en voldshendelse. <\/p>\n<p><b>\u2013 Personen som er utsatt for vold ivaretas av helsevesenet. Gjerningspersonen er ikke p\u00e5 stedet, melder operasjonsleder Rune Tallaksen i S\u00f8r-Vest politidistrikt. <\/b><\/p>\n<p>Klokken 19.10 melder han at den skadde tas med av luftambulanse til Haukeland sykehus i Bergen. Det er en mann i 60-\u00e5rene som er skadet. <\/p>\n<p><b>\u2013 Skadeomfanget er ikke kjent, melder Tallaksen. <\/b><\/p>\n<p>Meldingen kom f\u00f8rst inn til helsevesenet, og ambulanse var de f\u00f8rste p\u00e5 stedet. <\/p>\n<p>Politiet visste innledningsvis ikke hvem som sto bak volden, men klokken 19.51 opplyser Tallaksen at de har p\u00e5grepet en person. <\/p>\n<p><b>\u2013 Vedkommende er siktet for kroppskade. Det er ikke kjent at det er brukt noen gjenstanden under voldshendelsen, sier Tallaksen. <\/b><\/p>\n<p>Politiet kan ikke si noe om \u00e5rsaken til volden. <\/p>\n<p><b>\u2013 Vi har avh\u00f8rt et vitne p\u00e5 stedet, sier Tallaksen. <\/b><\/p>\n<p>Oppdateres<\/p>\n<p>Les mer om: artikkelemnene<\/p>\n","protected":false},"excerpt":{"rendered":"SK\u00c5NEVIK: Like f\u00f8r klokken 19 melder politiet at de har kommet fram til et bygg i Sk\u00e5nevik etter&hellip;\n","protected":false},"author":2,"featured_media":4089,"comment_status":"","ping_status":"","sticky":false,"template":"","format":"standard","meta":{"footnotes":""},"categories":[5],"tags":[36,20,21,2183,24,25,15,19,22,23,17,18,13,30,28,29,14,16,2217,1510,26,27,493],"class_list":{"0":"post-10692","1":"post","2":"type-post","3":"status-publish","4":"format-standard","5":"has-post-thumbnail","7":"category-overskrifter","8":"tag-art","9":"tag-breaking-news","10":"tag-breakingnews","11":"tag-etne","12":"tag-featured-news","13":"tag-featurednews","14":"tag-headlines","15":"tag-hovedoppslag","16":"tag-latest-news","17":"tag-latestnews","18":"tag-main-news","19":"tag-mainnews","20":"tag-news","21":"tag-no","22":"tag-norge","23":"tag-norway","24":"tag-nyheter","25":"tag-overskrifter","26":"tag-skanevik","27":"tag-story","28":"tag-top-stories","29":"tag-topstories","30":"tag-vold"},"share_on_mastodon":{"url":"","error":""},"_links":{"self":[{"href":"https:\/\/www.europesays.com\/no\/wp-json\/wp\/v2\/posts\/10692","targetHints":{"allow":["GET"]}}],"collection":[{"href":"https:\/\/www.europesays.com\/no\/wp-json\/wp\/v2\/posts"}],"about":[{"href":"https:\/\/www.europesays.com\/no\/wp-json\/wp\/v2\/types\/post"}],"author":[{"embeddable":true,"href":"https:\/\/www.europesays.com\/no\/wp-json\/wp\/v2\/users\/2"}],"replies":[{"embeddable":true,"href":"https:\/\/www.europesays.com\/no\/wp-json\/wp\/v2\/comments?post=10692"}],"version-history":[{"count":0,"href":"https:\/\/www.europesays.com\/no\/wp-json\/wp\/v2\/posts\/10692\/revisions"}],"wp:featuredmedia":[{"embeddable":true,"href":"https:\/\/www.europesays.com\/no\/wp-json\/wp\/v2\/media\/4089"}],"wp:attachment":[{"href":"https:\/\/www.europesays.com\/no\/wp-json\/wp\/v2\/media?parent=10692"}],"wp:term":[{"taxonomy":"category","embeddable":true,"href":"https:\/\/www.europesays.com\/no\/wp-json\/wp\/v2\/categories?post=10692"},{"taxonomy":"post_tag","embeddable":true,"href":"https:\/\/www.europesays.com\/no\/wp-json\/wp\/v2\/tags?post=10692"}],"curies":[{"name":"wp","href":"https:\/\/api.w.org\/{rel}","templated":true}]}}