{"id":106991,"date":"2025-12-07T23:18:13","date_gmt":"2025-12-07T23:18:13","guid":{"rendered":"https:\/\/www.europesays.com\/no\/106991\/"},"modified":"2025-12-07T23:18:13","modified_gmt":"2025-12-07T23:18:13","slug":"feide-alt-med-seg","status":"publish","type":"post","link":"https:\/\/www.europesays.com\/no\/106991\/","title":{"rendered":"\u2013 Feide alt med seg"},"content":{"rendered":"\n<p class=\"_lead_o9xde_2 _lead_xtcu6_50 layout-component text-serif-m layout-normal text-serif-l layout-component layout-wide layout-padded _wide_17hqh_1 layout-padded\">Norske Jon Inge Ringsby hadde planer om \u00e5 bade i det naturlige bassenget hvor tre personer mistet livet s\u00f8ndag, men s\u00e5 det som uforsvarlig. <\/p>\n<p><img alt=\"HER SKJEDDE DET: Ved det popul\u00e6re naturbassenget nedenfor Acantilados de Los Gigantes. Foto:  Jon Inge Ringsby\" class=\"_image_qp4xg_65 layout-component layout-wide\" data-fullscreen- data-track-element-type=\"Article image fullscreen\" data-track-name=\"ImageFullscreen\" fetchpriority=\"high\" decoding=\"sync\" loading=\"eager\" height=\"357\" itemprop=\"image\"  src=\"https:\/\/www.europesays.com\/no\/wp-content\/uploads\/2025\/12\/6106a8f1-1e73-426f-bd86-1de057296fc6\"  style=\"object-position:0% 0%\" width=\"477\"\/>HER SKJEDDE DET: Ved det popul\u00e6re naturbassenget nedenfor Acantilados de Los Gigantes. Foto:  Jon Inge Ringsby<\/p>\n<ul aria-hidden=\"true\" class=\"_images_ntbth_112\">\n<li><a class=\"_link_ntbth_117\" href=\"https:\/\/www.vg.no\/forfatter\/ingrid-storeboe\" style=\"z-index:2\" title=\"Ingrid Storeb\u00f8\" rel=\"nofollow noopener\" target=\"_blank\"><img alt=\"Bilde av Ingrid Storeb\u00f8\" class=\"_image_ntbth_93\" fetchpriority=\"low\" loading=\"lazy\" decoding=\"async\" itemprop=\"image\"  src=\"https:\/\/www.europesays.com\/no\/wp-content\/uploads\/2025\/12\/1765149489_308_b3fc896d-536d-4041-8257-79b6b2cd3323\"  width=\"480\"\/><\/a><\/li>\n<li><a class=\"_link_ntbth_117\" href=\"https:\/\/www.vg.no\/forfatter\/stella-bugge\" style=\"z-index:1\" title=\"Stella Bugge\" rel=\"nofollow noopener\" target=\"_blank\"><img alt=\"Bilde av Stella Bugge\" class=\"_image_ntbth_93\" fetchpriority=\"low\" loading=\"lazy\" decoding=\"async\" itemprop=\"image\"  src=\"https:\/\/www.europesays.com\/no\/wp-content\/uploads\/2025\/12\/1765149490_940_c673ac82-f3e7-47d3-aa1d-79bb6eca457a\"  width=\"480\"\/><\/a><\/li>\n<\/ul>\n<p> Oppdatert s\u00f8ndag 7. desember kl. 23:50    <\/p>\n<ul class=\"_list_o9xde_3 _list_64s2r_85 _unordered_o9xde_106 text-sans-m\">\n<li class=\"_item_o9xde_30\">Tre personer d\u00f8de og flere ble skadet da en voldsom b\u00f8lge traff et naturlig basseng p\u00e5 Tenerife.<\/li>\n<li class=\"_item_o9xde_30\">Norske Jon Inge Ringsby vurderte \u00e5 bade der, men ans\u00e5 det som uforsvarlig.<\/li>\n<li class=\"_item_o9xde_30\">En stor redningsaksjon ble iverksatt med helikoptre, redningssk\u00f8yter og sm\u00e5b\u00e5ter.<\/li>\n<\/ul>\n<p>Vis mer <\/p>\n<p class=\"_paragraph_o9xde_4 _paragraph_xtcu6_10 layout-component text-serif-m layout-normal text-serif-m layout-padded\">Han og kona jobber i sj\u00f8mannskirken i London og er p\u00e5 langhelg p\u00e5 <a href=\"https:\/\/www.vg.no\/tag\/tenerife?utm_source=vg-article&amp;utm_medium=auto-tagger&amp;utm_campaign=OknyXq\" class=\"_link_o9xde_39\" rel=\"nofollow noopener\" target=\"_blank\">Tenerife<\/a>. Her ble de vitne til redningsaksjonen etter den dramatiske ulykken som rammet Los Gigantes s\u00f8ndag ettermiddag: <\/p>\n<ul class=\"_list_o9xde_3 _list_xtcu6_9 _unordered_o9xde_106 layout-component text-serif-m layout-normal text-serif-m layout-padded\">\n<li class=\"_item_o9xde_30\">Tre personer d\u00f8de etter at en voldsom b\u00f8lge traff det naturlige bassenget i Santiago del Teide kommune. <\/li>\n<li class=\"_item_o9xde_30\">Ofrene er to menn og \u00e9n kvinne. En person er fortsatt savnet og en behandles p\u00e5 sykehus etter hjertestans.<\/li>\n<\/ul>\n<p>\u2013 Uforsvarlig <\/p>\n<p class=\"_paragraph_o9xde_4 _paragraph_xtcu6_10 layout-component text-serif-m layout-normal text-serif-m layout-padded\">If\u00f8lge \u00f8yenvitner hersket det full forvirring da b\u00f8lgene plutselig slo inn over omr\u00e5det uten forvarsel. Flere mennesker ble dratt ut i havet, og panikken spredte seg.<\/p>\n<p class=\"_paragraph_o9xde_4 _paragraph_xtcu6_10 layout-component text-serif-m layout-normal text-serif-m layout-padded\">\u2013 Det var et \u00abredde seg selv\u00bb-\u00f8yeblikk. To b\u00f8lger traff etter hverandre og feide alt med seg. Jeg s\u00e5 tilbake, og bassenget som bare sekunder f\u00f8r var fullt av folk, var n\u00e5 helt tomt, forteller et par som var i omr\u00e5det til Radio Televisi\u00f3n Canaria.<\/p>\n<p class=\"_paragraph_o9xde_4 _paragraph_xtcu6_10 layout-component text-serif-m layout-normal text-serif-m layout-padded\"><strong class=\"_strong_o9xde_25\">Norske Jon Inge Ringsby og kona var og badet rett nedenfor der det skjedde. <\/strong><\/p>\n<p class=\"_paragraph_o9xde_4 _paragraph_xtcu6_10 layout-component text-serif-m layout-normal text-serif-m layout-padded\">\u2013 B\u00f8lgene er s\u00e5 store og kraftige til tider at det ogs\u00e5 flommet over p\u00e5 stranden. Vi m\u00e5tte ta tingene v\u00e5re og l\u00f8pe da det plutselig kom en stor b\u00f8lge, skriver han i en e-post til VG. <\/p>\n<p class=\"_paragraph_o9xde_4 _paragraph_xtcu6_10 layout-component text-serif-m layout-normal text-serif-m layout-padded\">Han fortsetter: <\/p>\n<p class=\"_paragraph_o9xde_4 _paragraph_xtcu6_10 layout-component text-serif-m layout-normal text-serif-m layout-padded\">\u2013 Vi har tenkt p\u00e5 \u00e5 bade i det naturlige bassenget flere ganger de siste dagene, men har sett det som uforsvarlig. Det er viktig hvis det er andre nordmenn i byene nord for Los Christianos at de viser aktsomhet og respekt for naturkreftene.<\/p>\n<p><img alt=\"N\u00f8depersonell fortsetter leteaksjonen for \u00e5 pr\u00f8ve \u00e5 finne en savnet person.  Foto: 112 Canarias\" class=\"_image_qp4xg_65 layout-component layout-normal\" data-fullscreen- data-track-element-type=\"Article image fullscreen\" data-track-name=\"ImageFullscreen\" decoding=\"async\" loading=\"lazy\" height=\"1536\" itemprop=\"image\"  src=\"https:\/\/www.europesays.com\/no\/wp-content\/uploads\/2025\/12\/b1eedfdf-d70d-41ec-8ba9-2c749712042a\"  style=\"object-position:0% 0%\" width=\"2048\"\/>N\u00f8depersonell fortsetter leteaksjonen for \u00e5 pr\u00f8ve \u00e5 finne en savnet person.  Foto: 112 CanariasMange deltok i redningsaksjonen<\/p>\n<p class=\"_paragraph_o9xde_4 _paragraph_xtcu6_10 layout-component text-serif-m layout-normal text-serif-m layout-padded\">Ulykken skjedde ved det popul\u00e6re naturbassenget nedenfor Acantilados de Los Gigantes, de spektakul\u00e6re klippeveggene som stiger loddrett opp av havet p\u00e5 vestkysten av Tenerife. <\/p>\n<p class=\"_paragraph_o9xde_4 _paragraph_xtcu6_10 layout-component text-serif-m layout-normal text-serif-m layout-padded\">Bassenget tiltrekker seg b\u00e5de turister og lokalbefolkning, men omr\u00e5det er ogs\u00e5 kjent for sterke b\u00f8lger og uforutsigbare havforhold.<\/p>\n<p class=\"_paragraph_o9xde_4 _paragraph_xtcu6_10 layout-component text-serif-m layout-normal text-serif-m layout-padded\">Ringsby forteller at tre helikoptre, tre redningssk\u00f8yter og flere sm\u00e5b\u00e5ter deltok i redningsaksjonen som varte i flere timer. De fortsatte ogs\u00e5 etter at det var blitt m\u00f8rkt.<\/p>\n<p class=\"_paragraph_o9xde_4 _paragraph_xtcu6_10 layout-component text-serif-m layout-normal text-serif-m layout-padded\">\u2013 N\u00e5 er det en redningsb\u00e5t som lyser opp ute p\u00e5 havet, opplyser han ved 23-tiden.<\/p>\n<p><img alt=\"Bildet er fra november og ble tatt i forbindelse med den forrige ulykken.  Foto: Bystyret i Santa Cruz de Tenerife\" class=\"_image_qp4xg_65 layout-component layout-normal\" data-fullscreen- data-track-element-type=\"Article image fullscreen\" data-track-name=\"ImageFullscreen\" decoding=\"async\" loading=\"lazy\" height=\"780\" itemprop=\"image\"  src=\"https:\/\/www.europesays.com\/no\/wp-content\/uploads\/2025\/12\/c4222825-ddd1-4840-ada0-ba745da55526\"  style=\"object-position:0% 0%\" width=\"1080\"\/>Bildet er fra november og ble tatt i forbindelse med den forrige ulykken.  Foto: Bystyret i Santa Cruz de Tenerife<\/p>\n<p class=\"_paragraph_o9xde_4 _paragraph_xtcu6_10 layout-component text-serif-m layout-normal text-serif-m layout-padded\">N\u00f8detatene bekrefter at de omkomne er en 35 \u00e5r gammel mann, en 55 \u00e5r gammel kvinne og en mann i ukjent alder.<\/p>\n<p class=\"_paragraph_o9xde_4 _paragraph_xtcu6_10 layout-component text-serif-m layout-normal text-serif-m layout-padded\">En kvinne ble ogs\u00e5 hentet opp av vannet i live, men i kritisk tilstand etter \u00e5 ha f\u00e5tt hjertestans. <\/p>\n<p class=\"_paragraph_o9xde_4 _paragraph_xtcu6_10 layout-component text-serif-m layout-normal text-serif-m layout-padded\">Hun ble gjenopplivet av helsepersonell p\u00e5 stedet, stabilisert og fraktet med helikopter til sykehuset Nuestra Se\u00f1ora de Candelaria.<\/p>\n<p class=\"_paragraph_o9xde_4 _paragraph_xtcu6_10 layout-component text-serif-m layout-normal text-serif-m layout-padded\">\u00c9n kvinne, 39 \u00e5r gammel, p\u00e5dro seg moderate skader og ble fraktet til Hospiten Sur universitetssykehus, mens en tredje overlevende ble behandlet p\u00e5 stedet etter \u00e5 ha kommet seg opp av vannet p\u00e5 egen h\u00e5nd.<\/p>\n<p><img alt=\"For ti dager siden var VG-tipseren ved Los Gigantes og tok et bilde av de store b\u00f8lgene, som tipseren sender til VG etter \u00e5 ha lest om de nye d\u00f8dsfallene.   Foto: VG-tipser\" class=\"_image_qp4xg_65 layout-component layout-normal\" data-fullscreen- data-track-element-type=\"Article image fullscreen\" data-track-name=\"ImageFullscreen\" decoding=\"async\" loading=\"lazy\" height=\"720\" itemprop=\"image\"  src=\"https:\/\/www.europesays.com\/no\/wp-content\/uploads\/2025\/12\/642be859-07e5-4cce-87eb-d0b321437197\"  style=\"object-position:0% 0%\" width=\"540\"\/>For ti dager siden var VG-tipseren ved Los Gigantes og tok et bilde av de store b\u00f8lgene, som tipseren sender til VG etter \u00e5 ha lest om de nye d\u00f8dsfallene.   Foto: VG-tipserDet er forferdelig<\/p>\n<p class=\"_paragraph_o9xde_4 _paragraph_xtcu6_10 layout-component text-serif-m layout-normal text-serif-m layout-padded\">Svenske Emma Mannfolk og Tuva Tammi ble vitne til redningsaksjonen, melder <a href=\"https:\/\/www.aftonbladet.se\/nyheter\/a\/wrEdb4\/drogs-med-av-jattevagor-flera-doda-pa-teneriffa\" class=\"_link_o9xde_39\" rel=\"nofollow noopener\" target=\"_blank\">Aftonbladet.<\/a><\/p>\n<p class=\"_paragraph_o9xde_4 _paragraph_xtcu6_10 layout-component text-serif-m layout-normal text-serif-m layout-padded\">\u2013 Vi kjente oss s\u00e5 hjelpel\u00f8se n\u00e5r vi s\u00e5 hvordan personene kjempet for sine liv, sier de to 19-\u00e5ringene.<\/p>\n<p class=\"_paragraph_o9xde_4 _paragraph_xtcu6_10 layout-component text-serif-m layout-normal text-serif-m layout-padded\">\u2013 Det er forferdelig. Vi hadde akkurat handlet mat og var p\u00e5 vei tilbake til hotellet v\u00e5rt. Da h\u00f8rte vi skrik fra vannet, sier Emma til Aftonbladet.<\/p>\n<p class=\"_paragraph_o9xde_4 _paragraph_xtcu6_10 layout-component text-serif-m layout-normal text-serif-m layout-padded\">Dette er ikke f\u00f8rste gang store b\u00f8lger har kostet menneskeliv p\u00e5 Kanari\u00f8yene den siste tiden. Bare for en m\u00e5ned siden, i begynnelsen av november, d\u00f8de tre personer under lignende omstendigheter p\u00e5 samme sted: <\/p>\n<p class=\"_paragraph_o9xde_4 _paragraph_xtcu6_10 layout-component text-serif-m layout-normal text-serif-m layout-padded\"><strong class=\"_strong_o9xde_25\">Den nye ulykken forsterker dermed det stadig m\u00f8rkere bildet av drukningsulykker i regionen.<\/strong><\/p>\n<p class=\"_paragraph_o9xde_4 _paragraph_xtcu6_10 layout-component text-serif-m layout-normal text-serif-m layout-padded\">Statistikk fra Foreningen for forebygging av vannulykker p\u00e5 Kanari\u00f8yene viser at hele 67 personer har druknet s\u00e5 langt i 2025.<\/p>\n<p class=\"_paragraph_o9xde_4 _paragraph_xtcu6_10 layout-component text-serif-m layout-normal text-serif-m layout-padded\">Selv om tallet er noe lavere enn p\u00e5 samme tid i fjor, er \u00f8ygruppen fortsatt den nest mest ulykkesutsatte regionen i Spania og det f\u00f8r juleferien, som ofte trekker tusenvis av turister til kysten.<\/p>\n<p class=\"_paragraph_o9xde_4 _paragraph_xtcu6_10 layout-component text-serif-m layout-normal text-serif-m layout-padded\">Med over 1500 kilometer kystlinje og mange uregulerte badesteder advarer lokale myndigheter nok en gang mot undervurdering av havets krefter og spesielt p\u00e5 dager med varslede v\u00e6rforhold.<\/p>\n<p class=\"_paragraph_o9xde_4 _paragraph_xtcu6_10 layout-component text-serif-m layout-normal text-serif-m layout-padded\">Redningsmannskaper og sivilgarden fortsetter s\u00f8ket etter den savnede, samtidig som etterforskning p\u00e5g\u00e5r.<\/p>\n<p>    <img decoding=\"async\" alt=\"Tips oss illustrasjon\" src=\"https:\/\/www.europesays.com\/no\/wp-content\/uploads\/2025\/10\/pssst-small.webp.webp\"\/>    <\/p>\n<p class=\"title-serif-s\">Har du tips?<\/p>\n<p class=\"text-sans-m\">Send oss informasjon, bilder eller video.<\/p>\n<p>  <a href=\"https:\/\/www.vg.no\/tips-oss\" rel=\"nofollow noopener\" target=\"_blank\"> Tips oss <\/a>      <\/p>\n","protected":false},"excerpt":{"rendered":"Norske Jon Inge Ringsby hadde planer om \u00e5 bade i det naturlige bassenget hvor tre personer mistet livet&hellip;\n","protected":false},"author":2,"featured_media":106992,"comment_status":"","ping_status":"","sticky":false,"template":"","format":"standard","meta":{"footnotes":""},"categories":[12],"tags":[31,20,21,24,25,15,22,23,13,30,28,29,14,16,1515,6775,26,27,42,43,44,45],"class_list":{"0":"post-106991","1":"post","2":"type-post","3":"status-publish","4":"format-standard","5":"has-post-thumbnail","7":"category-verden","8":"tag-breaking","9":"tag-breaking-news","10":"tag-breakingnews","11":"tag-featured-news","12":"tag-featurednews","13":"tag-headlines","14":"tag-latest-news","15":"tag-latestnews","16":"tag-news","17":"tag-no","18":"tag-norge","19":"tag-norway","20":"tag-nyheter","21":"tag-overskrifter","22":"tag-spania","23":"tag-tenerife","24":"tag-top-stories","25":"tag-topstories","26":"tag-verden","27":"tag-world","28":"tag-world-news","29":"tag-worldnews"},"share_on_mastodon":{"url":"https:\/\/pubeurope.com\/@no\/115680844645121725","error":""},"_links":{"self":[{"href":"https:\/\/www.europesays.com\/no\/wp-json\/wp\/v2\/posts\/106991","targetHints":{"allow":["GET"]}}],"collection":[{"href":"https:\/\/www.europesays.com\/no\/wp-json\/wp\/v2\/posts"}],"about":[{"href":"https:\/\/www.europesays.com\/no\/wp-json\/wp\/v2\/types\/post"}],"author":[{"embeddable":true,"href":"https:\/\/www.europesays.com\/no\/wp-json\/wp\/v2\/users\/2"}],"replies":[{"embeddable":true,"href":"https:\/\/www.europesays.com\/no\/wp-json\/wp\/v2\/comments?post=106991"}],"version-history":[{"count":0,"href":"https:\/\/www.europesays.com\/no\/wp-json\/wp\/v2\/posts\/106991\/revisions"}],"wp:featuredmedia":[{"embeddable":true,"href":"https:\/\/www.europesays.com\/no\/wp-json\/wp\/v2\/media\/106992"}],"wp:attachment":[{"href":"https:\/\/www.europesays.com\/no\/wp-json\/wp\/v2\/media?parent=106991"}],"wp:term":[{"taxonomy":"category","embeddable":true,"href":"https:\/\/www.europesays.com\/no\/wp-json\/wp\/v2\/categories?post=106991"},{"taxonomy":"post_tag","embeddable":true,"href":"https:\/\/www.europesays.com\/no\/wp-json\/wp\/v2\/tags?post=106991"}],"curies":[{"name":"wp","href":"https:\/\/api.w.org\/{rel}","templated":true}]}}