{"id":106995,"date":"2025-12-07T23:28:16","date_gmt":"2025-12-07T23:28:16","guid":{"rendered":"https:\/\/www.europesays.com\/no\/106995\/"},"modified":"2025-12-07T23:28:16","modified_gmt":"2025-12-07T23:28:16","slug":"nyheter-bulking-sandviken-treneren-alexander-stockinger-vaknet-til-sjokksyn-utrolig-kjedelig","status":"publish","type":"post","link":"https:\/\/www.europesays.com\/no\/106995\/","title":{"rendered":"Nyheter, Bulking | Sandviken-treneren Alexander Stockinger v\u00e5knet til sjokksyn: \u2013 Utrolig kjedelig"},"content":{"rendered":"\n<p>Torsdag kveld parkerte Alexander Stockinger bilen utenfor leiligheten sin i en blokk p\u00e5 Mannsverk.<\/p>\n<p>Da han skulle p\u00e5 jobb fredag morgen, ble han m\u00f8tt av et kjedelig syn.<\/p>\n<p>\u2013 Noen hadde bulket borti bilen min, sier han.<\/p>\n<p>Han begynte med en gang \u00e5 se om flere biler var rammet, men det var det ikke.<\/p>\n<p>Deretter lette han etter en lapp fra gjerningspersonen, som han har lest at man skal legge igjen hvis man er s\u00e5 uheldig \u00e5 bulker borti noen.<\/p>\n<p>   <img decoding=\"async\" width=\"3024\" height=\"4032\" fetchpriority=\"low\"  loading=\"lazy\"  src=\"https:\/\/www.europesays.com\/no\/wp-content\/uploads\/2025\/12\/IMG_4212.jpeg\" alt=\"\" class=\"brick-c-cFOWSL\" style=\"--brick-image-ratio: 3024 \/ 4032;\"\/><\/p>\n<p>      Dette synet m\u00f8tte Stockinger fredag morgen.<br \/>\n      Foto: PRIVAT\n    <\/p>\n<p>\u2013 Men det fant jeg ikke, sier Stockinger, som til vanlig trener herrelaget til Sandviken IL.<\/p>\n<p>\u2013 Mister bonusen<\/p>\n<p>Det har satt ham i en vanskelig situasjon, forteller han.<\/p>\n<p>\u2013 Med en h\u00f8ygravid kone har jeg jo m\u00e5ttet bruke en del penger p\u00e5 babyting i desember, opp\u00e5 vanlig julehandel.<\/p>\n<p>N\u00e5 m\u00e5 han alts\u00e5 ogs\u00e5 bruke penger p\u00e5 \u00e5 fikse bilen, og han frykter at han kommer til \u00e5 miste bonusen han har p\u00e5 forsikringen.<\/p>\n<p>\u2013 Er skaden over 20.000 kroner, mister jeg bonusen.<\/p>\n<p>Skadene er enn\u00e5 ikke unders\u00f8kt. Han har f\u00f8rst verkstedtime p\u00e5 tirsdag.<\/p>\n<p>\u2013 Men skadene er ganske heftige. S\u00e5 bonusen ryker nok.<\/p>\n<p>\u2013 Utrolig kjedelig<\/p>\n<p>Han mener sj\u00e5f\u00f8ren burde gjort det eneste redelige: \u00c5 legge igjen en lapp. Han har forst\u00e5else for at sj\u00e5f\u00f8ren kan ha v\u00e6rt uheldig.<\/p>\n<p>\u2013 Men man kj\u00f8rer jo ikke bare fra stedet.<\/p>\n<p>   <img decoding=\"async\" width=\"3024\" height=\"2229\" fetchpriority=\"low\"  loading=\"lazy\"  src=\"https:\/\/www.europesays.com\/no\/wp-content\/uploads\/2025\/12\/Bilde+skader.jpeg\" alt=\"\" class=\"brick-c-cFOWSL\" style=\"--brick-image-ratio: 3024 \/ 2229;\"\/><\/p>\n<p>      Han tror det vil koste mer enn 20.000 \u00e5 fikse skadene.<br \/>\n      Foto: PRIVAT\n    <\/p>\n<p>\u00c5rsaken til at han har tatt kontakt med avisen, er at han h\u00e5per det kanskje f\u00e5r gjerningspersonen til \u00e5 st\u00e5 frem.<\/p>\n<p>Samtidig h\u00e5per han det kan inspirere flere til \u00e5 v\u00e6re mer redelige og ta ansvar dersom man gj\u00f8r skade p\u00e5 andres eiendom.<\/p>\n<p>\u2013 Det er en utrolig kjedelig situasjon \u00e5 havne i.<\/p>\n<p>Straffbart<\/p>\n<p>Skader du noen sin bil, er det straffbart \u00e5 stikke fra stedet, if\u00f8lge vegtrafikkloven paragraf 12.<\/p>\n<p>\u2013 I denne typen saker, dersom man finner gjerningspersonen, ender det vanligvis med bot, sier politiadvokat Erling Melv\u00e6r.<\/p>\n<p>Strafferammen er bot eller inntil ett \u00e5rs fengsel.<\/p>\n<p>I en fersk unders\u00f8kelse for Tryg Forsikring svarer 35 prosent at andre har bulket deres parkerte bil og forduftet uten \u00e5 legge igjen noe kontaktinformasjon.<\/p>\n<p>I fjor mottok forsikringsselskapene n\u00e6r 100.000 skademeldinger etter p\u00e5kj\u00f8rsel p\u00e5 parkert kj\u00f8ret\u00f8y, og over 70.000 etter ryggeulykker. Det meste er bulkeskader, og november og desember er de verste m\u00e5nedene i \u00e5ret. \u00c5rsaken er trolig Black Week og julehandelen, n\u00e5r folk flokker rundt kj\u00f8pesentrene.<\/p>\n<p>\u2013 Hva skal man gj\u00f8re dersom man oppdager at bilen har blitt skadet i l\u00f8pet av natten?<\/p>\n<p>\u2013 Det f\u00f8rste man skal gj\u00f8re, er \u00e5 ta bilder av skadene og se om man finner vitner eller en lapp, sier Heidi Tofter\u00e5 Slettemoen, kommunikasjonssjef i Frende Forsikring.<\/p>\n<p>Finner man ikke en lapp, m\u00e5 man kontakte forsikringsselskapet.<\/p>\n<p>\u2013 Som regel ender det dessverre i bonustap, men det er avhengig av hvilken forsikring du har, og om skaden er noe du m\u00e5 fikse, eller noe du kan leve med.<\/p>\n<p>Er man den som har v\u00e6rt uheldig og kj\u00f8rt p\u00e5 en bil, skal man legge igjen en lapp p\u00e5 bilen.<\/p>\n<p>\u2013 Den skal inneholde b\u00e5de kontaktinformasjon og registreringsnummer, sier Slettemoen.<\/p>\n","protected":false},"excerpt":{"rendered":"Torsdag kveld parkerte Alexander Stockinger bilen utenfor leiligheten sin i en blokk p\u00e5 Mannsverk. Da han skulle p\u00e5&hellip;\n","protected":false},"author":2,"featured_media":106996,"comment_status":"","ping_status":"","sticky":false,"template":"","format":"standard","meta":{"footnotes":""},"categories":[5],"tags":[13328,36,222,20,21,13326,24,25,8077,15,19,13327,22,23,17,18,13,30,28,29,14,16,1510,26,27],"class_list":{"0":"post-106995","1":"post","2":"type-post","3":"status-publish","4":"format-standard","5":"has-post-thumbnail","7":"category-overskrifter","8":"tag-alexander-stockinger","9":"tag-art","10":"tag-bil","11":"tag-breaking-news","12":"tag-breakingnews","13":"tag-bulking","14":"tag-featured-news","15":"tag-featurednews","16":"tag-frende-forsikring","17":"tag-headlines","18":"tag-hovedoppslag","19":"tag-il-sandviken","20":"tag-latest-news","21":"tag-latestnews","22":"tag-main-news","23":"tag-mainnews","24":"tag-news","25":"tag-no","26":"tag-norge","27":"tag-norway","28":"tag-nyheter","29":"tag-overskrifter","30":"tag-story","31":"tag-top-stories","32":"tag-topstories"},"share_on_mastodon":{"url":"https:\/\/pubeurope.com\/@no\/115680883951483374","error":""},"_links":{"self":[{"href":"https:\/\/www.europesays.com\/no\/wp-json\/wp\/v2\/posts\/106995","targetHints":{"allow":["GET"]}}],"collection":[{"href":"https:\/\/www.europesays.com\/no\/wp-json\/wp\/v2\/posts"}],"about":[{"href":"https:\/\/www.europesays.com\/no\/wp-json\/wp\/v2\/types\/post"}],"author":[{"embeddable":true,"href":"https:\/\/www.europesays.com\/no\/wp-json\/wp\/v2\/users\/2"}],"replies":[{"embeddable":true,"href":"https:\/\/www.europesays.com\/no\/wp-json\/wp\/v2\/comments?post=106995"}],"version-history":[{"count":0,"href":"https:\/\/www.europesays.com\/no\/wp-json\/wp\/v2\/posts\/106995\/revisions"}],"wp:featuredmedia":[{"embeddable":true,"href":"https:\/\/www.europesays.com\/no\/wp-json\/wp\/v2\/media\/106996"}],"wp:attachment":[{"href":"https:\/\/www.europesays.com\/no\/wp-json\/wp\/v2\/media?parent=106995"}],"wp:term":[{"taxonomy":"category","embeddable":true,"href":"https:\/\/www.europesays.com\/no\/wp-json\/wp\/v2\/categories?post=106995"},{"taxonomy":"post_tag","embeddable":true,"href":"https:\/\/www.europesays.com\/no\/wp-json\/wp\/v2\/tags?post=106995"}],"curies":[{"name":"wp","href":"https:\/\/api.w.org\/{rel}","templated":true}]}}