{"id":106997,"date":"2025-12-07T23:50:10","date_gmt":"2025-12-07T23:50:10","guid":{"rendered":"https:\/\/www.europesays.com\/no\/106997\/"},"modified":"2025-12-07T23:50:10","modified_gmt":"2025-12-07T23:50:10","slug":"fartskontroll-e6-slik-skal-de-ta-enda-flere-e6-bilister","status":"publish","type":"post","link":"https:\/\/www.europesays.com\/no\/106997\/","title":{"rendered":"Fartskontroll, E6 | Slik skal de ta enda flere E6-bilister"},"content":{"rendered":"\n<p>(<a rel=\"Follow nofollow noopener\" href=\"https:\/\/www.rb.no\/slik-skal-de-ta-enda-flere-e6-bilister\/s\/5-43-2624069\" target=\"_blank\">Romerikes Blad<\/a>): \u2013 Kameraene ble montert de siste ukene og de blir satt i drift denne uka, sier Thor Kristian Ringstad i Statens vegvesen. Han er ansvarlig for utekontroll p\u00e5 Romerike. <\/p>\n<p>De nye kameraene har blitt montert p\u00e5 brua i Sessvollvegen over E6 like f\u00f8r Dal. Ogs\u00e5 ved den gamle bomstasjonen p\u00e5 Hovinmoen i Ullensaker har det kommet opp et kamera.<\/p>\n<p><a rel=\"Follow nofollow noopener\" href=\"https:\/\/www.eub.no\/arvaken-sjafor-oppdaget-nye-kameraer-pa-e6-ved-eidsvoll-snart-kan-man-bli-avslort-automatisk\/s\/5-136-722511\" target=\"_blank\">EUB<\/a> omtalte saken f\u00f8rst.<\/p>\n<p><b>Les ogs\u00e5: <a class=\"simple-relation related-teaser article--c-eRUmMG article--c-eRUmMG-fZoQSp-design-nettavisen article--c-eRUmMG-gwthdJ-cv\" href=\"https:\/\/www.nettavisen.no\/stoppet-i-152-kilometer-i-timen-med-darlig-sikret-spedbarn\/s\/5-95-2679579\" rel=\"nofollow noopener\" target=\"_blank\">Stoppet i 152 kilometer i timen med d\u00e5rlig sikret spedbarn<\/a><\/b><\/p>\n<p>Varsler<\/p>\n<p>Kameraene skal gi kontroll\u00f8rene i Statene vegvesen en stor fordel i kampen mot kj\u00f8ret\u00f8y som ikke har alt p\u00e5 stell.<\/p>\n<p>\u2013 Det er -kamera som leser skiltnummer og kontrollerer det opp imot v\u00e5re registre for \u00e5 se at alt er i orden med kj\u00f8ret\u00f8yet f\u00f8r det kommer til kontrollplassen, sier Ringstad til RB.<\/p>\n<p>   <img decoding=\"async\" width=\"5792\" height=\"3854\" fetchpriority=\"low\"  loading=\"lazy\"  src=\"https:\/\/www.europesays.com\/no\/wp-content\/uploads\/2025\/12\/ANPR__29112503.jpg\" alt=\"ANPR kamera ved E6 Dal mot Oslo. Ksmera er montert for p\u00e5 scanne bilskilt.\" class=\"brick-c-cFOWSL\" style=\"--brick-image-ratio: 5792 \/ 3854;\"\/><\/p>\n<p>      E6: Dette kameraet leser bilskiltene i retning Oslo.<br \/>\n      Foto: Remi Presttun\n    <\/p>\n<p>Og dersom noe er galt, blir kontroll\u00f8rene varslet.<\/p>\n<p>\u2013 Det gj\u00f8r at vi treffer bedre p\u00e5 bilene som det er noe galt med. Da ser vi for eksempel om de mangler EU-kontroll eller om bilen er avskiltet, sier han.<\/p>\n<p><b>Les ogs\u00e5: <a class=\"simple-relation related-teaser article--c-eRUmMG article--c-eRUmMG-fZoQSp-design-nettavisen article--c-eRUmMG-gwthdJ-cv\" href=\"https:\/\/www.nettavisen.no\/full-oversikt-her-ryker-lappen\/s\/5-95-2631076\" rel=\"nofollow noopener\" target=\"_blank\">Full oversikt: Her ryker lappen<\/a><\/b><\/p>\n<p>\u2013 Finner masse jobb til oss<\/p>\n<p>Ringstad mener kameraene vil v\u00e6re ekstra nyttig for \u00e5 oppdage de som kj\u00f8rer rundt i avregistrerte biler.<\/p>\n<p>\u2013 N\u00e5 har det blitt slik at du ikke m\u00e5 levere inn skiltene selv om bilen er avskiltet. Det ser vi at noen misbruker. Det er dumt fordi det kan bli veldig dyrt hvis man kommer ut for en ulykke. Derfor tvinger slike l\u00f8sninger seg fram.<\/p>\n<p>    Vil du se neste video?<\/p>\n<p>    <a href=\"https:\/\/www.nettavisen.no\/nyheter\/ukrainske-spesialstyrker-skal-ha-tatt-ut-russiske-mal-pa-krim-halvoya\/v\/5-95-2764466\" class=\"recommend-poster\" data-adp-clicklabel=\"video-recommend\" data-adp-clickvalue=\"poster\" rel=\"nofollow noopener\" target=\"_blank\"><br \/>\n      <img decoding=\"async\" width=\"200\" height=\"200\" loading=\"lazy\" src=\"https:\/\/www.europesays.com\/no\/wp-content\/uploads\/2025\/12\/KAMPFLY+BREDDE.jpg\" alt=\"\" class=\"brick-c-cFOWSL\" style=\"--brick-image-ratio: 200 \/ 200;\"\/><\/p>\n<p>Tar ut russisk kampfly p\u00e5 Krim0:24<\/p>\n<p>    <\/a><\/p>\n<p>Forel\u00f8pig leser kameraene kun registreringsnummer, men i fremtiden er det mulig \u00e5 gi kameraene flere funksjoner.<\/p>\n<p>\u2013 Det kan for eksempel bli mulig \u00e5 lese sj\u00e5f\u00f8rkortet p\u00e5 de som har kj\u00f8re- og hviletid og m\u00f8nsterdybde, sier Ringstad.<\/p>\n<p>\u2013 Vil kameraene p\u00e5 sikt erstatte dagens kontroll\u00f8rer? <\/p>\n<p>\u2013 Det blir behov for flere. Kameraene finner masse jobb til oss. S\u00e5 det er bare et hjelpemiddel og ingen erstatning av kontroll\u00f8rene, sier han.<\/p>\n","protected":false},"excerpt":{"rendered":"(Romerikes Blad): \u2013 Kameraene ble montert de siste ukene og de blir satt i drift denne uka, sier&hellip;\n","protected":false},"author":2,"featured_media":106998,"comment_status":"","ping_status":"","sticky":false,"template":"","format":"standard","meta":{"footnotes":""},"categories":[10],"tags":[20,21,24,25,15,22,23,13,30,28,29,14,16,26,27],"class_list":{"0":"post-106997","1":"post","2":"type-post","3":"status-publish","4":"format-standard","5":"has-post-thumbnail","7":"category-norge","8":"tag-breaking-news","9":"tag-breakingnews","10":"tag-featured-news","11":"tag-featurednews","12":"tag-headlines","13":"tag-latest-news","14":"tag-latestnews","15":"tag-news","16":"tag-no","17":"tag-norge","18":"tag-norway","19":"tag-nyheter","20":"tag-overskrifter","21":"tag-top-stories","22":"tag-topstories"},"share_on_mastodon":{"url":"https:\/\/pubeurope.com\/@no\/115680970344666995","error":""},"_links":{"self":[{"href":"https:\/\/www.europesays.com\/no\/wp-json\/wp\/v2\/posts\/106997","targetHints":{"allow":["GET"]}}],"collection":[{"href":"https:\/\/www.europesays.com\/no\/wp-json\/wp\/v2\/posts"}],"about":[{"href":"https:\/\/www.europesays.com\/no\/wp-json\/wp\/v2\/types\/post"}],"author":[{"embeddable":true,"href":"https:\/\/www.europesays.com\/no\/wp-json\/wp\/v2\/users\/2"}],"replies":[{"embeddable":true,"href":"https:\/\/www.europesays.com\/no\/wp-json\/wp\/v2\/comments?post=106997"}],"version-history":[{"count":0,"href":"https:\/\/www.europesays.com\/no\/wp-json\/wp\/v2\/posts\/106997\/revisions"}],"wp:featuredmedia":[{"embeddable":true,"href":"https:\/\/www.europesays.com\/no\/wp-json\/wp\/v2\/media\/106998"}],"wp:attachment":[{"href":"https:\/\/www.europesays.com\/no\/wp-json\/wp\/v2\/media?parent=106997"}],"wp:term":[{"taxonomy":"category","embeddable":true,"href":"https:\/\/www.europesays.com\/no\/wp-json\/wp\/v2\/categories?post=106997"},{"taxonomy":"post_tag","embeddable":true,"href":"https:\/\/www.europesays.com\/no\/wp-json\/wp\/v2\/tags?post=106997"}],"curies":[{"name":"wp","href":"https:\/\/api.w.org\/{rel}","templated":true}]}}