{"id":107000,"date":"2025-12-07T23:58:09","date_gmt":"2025-12-07T23:58:09","guid":{"rendered":"https:\/\/www.europesays.com\/no\/107000\/"},"modified":"2025-12-07T23:58:09","modified_gmt":"2025-12-07T23:58:09","slug":"fotball-vm-2026-alkohol-kan-bli-skjenkestopp-under-norge-kamper-i-vm-i-fotball-frp-vil-ha-unntak","status":"publish","type":"post","link":"https:\/\/www.europesays.com\/no\/107000\/","title":{"rendered":"Fotball-VM 2026, Alkohol | Kan bli skjenkestopp under Norge-kamper i VM i fotball \u2013 Frp vil ha unntak"},"content":{"rendered":"\n<p>Natt til 23. juni kan Norge potensielt avansere til sluttspillet i VM klokken 4 om natten. Det kan bli en utfordring for utelivet.<\/p>\n<p>I en rundsp\u00f8rring <a href=\"https:\/\/www.nrk.no\/fotballvm2026\/uenighet-om-skjenking-under-vm_-_-hvilke-politikere-tor-a-si-nei_-1.17682411\" rel=\"nofollow noopener\" target=\"_blank\">NRK<\/a> har gjort til flere byer og kommuner er det delte meninger om skjenketid under VM.<\/p>\n<p><b>Les ogs\u00e5:<\/b> <a href=\"https:\/\/www.nettavisen.no\/sport\/simen-velle-vil-ha-nattapne-ol-kraner-under-vm-ville-vart-en-skam\/s\/5-95-2719589\" rel=\"Follow nofollow noopener\" target=\"_blank\">Simen Velle vil ha natt\u00e5pne \u00f8l-kraner under fotball-VM neste \u00e5r<\/a><\/p>\n<p>Trondheim vil se p\u00e5 muligheter for \u00e5 endre skjenketida under VM. Oslo mener det m\u00e5 gj\u00f8res noe med alkoholloven, eller unntak fra den, fra regjeringens side. Stavanger vil v\u00e6re restriktive med \u00e5 gi tillatelse til \u00e5 utvide skjenketidene. Bergen vil ha skjenking til 04 p\u00e5 natten, skriver <a href=\"https:\/\/www.bt.no\/sport\/i\/vrml7V\/skjenkebraak-foer-vm-problemer-for-dem-som-oensker-aa-ta-seg-en-oel-under-kampen\" rel=\"nofollow noopener\" target=\"_blank\">Bergens Tidende<\/a>.<\/p>\n<p>Minst to av Norges VM-kamper spill s\u00e5 sent at nordmenn risikerer \u00e5 ikke kunne kj\u00f8pe alkohol underveis:<\/p>\n<p>* Norge mot Bolivia, Irak eller Surinam: Onsdag, 17. juni klokken 00.00<\/p>\n<p>* Norge\u2013Senegal: Tirsdag, 23. juni klokken 02.00<\/p>\n<p>Fremskrittspartiet stiller n\u00e5 skriftlig sp\u00f8rsm\u00e5l til helseministeren om unntak for skjenking etter klokken 03.00.<\/p>\n<p>\u2013 N\u00e5 kommer vi til \u00e5 utfordre helseministeren p\u00e5 om det er muligheter for \u00e5 gj\u00f8re unntak innenfor dagens lovverk. Hvis det ikke er mulig \u00e5 gj\u00f8re den type unntak som vi ser veldig mange ettersp\u00f8r rundt omkring, m\u00e5 vi vurdere \u00e5 fremme forslag i Stortinget, sier helsepolitisk talsmann Kristian Eilertsen i Frp til NRK.<\/p>\n<p>Helse- og omsorgsdepartementet mener kommunene har stor frihet til \u00e5 regulere alkoholserveringen mellom 03 og 06 p\u00e5 natten.<\/p>\n<p>\u2013 Vi har ikke tatt stilling til om det kan gj\u00f8res midlertidige endringer i regelverket konkret knyttet til fotball-VM til sommeren, sier statssekret\u00e6r Usman Ahmad Mushtaq (Ap).<\/p>\n<p>(\u00a9NTB)<\/p>\n","protected":false},"excerpt":{"rendered":"Natt til 23. juni kan Norge potensielt avansere til sluttspillet i VM klokken 4 om natten. Det kan&hellip;\n","protected":false},"author":2,"featured_media":107001,"comment_status":"","ping_status":"","sticky":false,"template":"","format":"standard","meta":{"footnotes":""},"categories":[5],"tags":[20,21,24,25,15,19,22,23,17,18,13,30,28,29,14,16,26,27],"class_list":{"0":"post-107000","1":"post","2":"type-post","3":"status-publish","4":"format-standard","5":"has-post-thumbnail","7":"category-overskrifter","8":"tag-breaking-news","9":"tag-breakingnews","10":"tag-featured-news","11":"tag-featurednews","12":"tag-headlines","13":"tag-hovedoppslag","14":"tag-latest-news","15":"tag-latestnews","16":"tag-main-news","17":"tag-mainnews","18":"tag-news","19":"tag-no","20":"tag-norge","21":"tag-norway","22":"tag-nyheter","23":"tag-overskrifter","24":"tag-top-stories","25":"tag-topstories"},"share_on_mastodon":{"url":"https:\/\/pubeurope.com\/@no\/115681001647826646","error":""},"_links":{"self":[{"href":"https:\/\/www.europesays.com\/no\/wp-json\/wp\/v2\/posts\/107000","targetHints":{"allow":["GET"]}}],"collection":[{"href":"https:\/\/www.europesays.com\/no\/wp-json\/wp\/v2\/posts"}],"about":[{"href":"https:\/\/www.europesays.com\/no\/wp-json\/wp\/v2\/types\/post"}],"author":[{"embeddable":true,"href":"https:\/\/www.europesays.com\/no\/wp-json\/wp\/v2\/users\/2"}],"replies":[{"embeddable":true,"href":"https:\/\/www.europesays.com\/no\/wp-json\/wp\/v2\/comments?post=107000"}],"version-history":[{"count":0,"href":"https:\/\/www.europesays.com\/no\/wp-json\/wp\/v2\/posts\/107000\/revisions"}],"wp:featuredmedia":[{"embeddable":true,"href":"https:\/\/www.europesays.com\/no\/wp-json\/wp\/v2\/media\/107001"}],"wp:attachment":[{"href":"https:\/\/www.europesays.com\/no\/wp-json\/wp\/v2\/media?parent=107000"}],"wp:term":[{"taxonomy":"category","embeddable":true,"href":"https:\/\/www.europesays.com\/no\/wp-json\/wp\/v2\/categories?post=107000"},{"taxonomy":"post_tag","embeddable":true,"href":"https:\/\/www.europesays.com\/no\/wp-json\/wp\/v2\/tags?post=107000"}],"curies":[{"name":"wp","href":"https:\/\/api.w.org\/{rel}","templated":true}]}}