{"id":107008,"date":"2025-12-08T00:28:51","date_gmt":"2025-12-08T00:28:51","guid":{"rendered":"https:\/\/www.europesays.com\/no\/107008\/"},"modified":"2025-12-08T00:28:51","modified_gmt":"2025-12-08T00:28:51","slug":"kalt-inn-til-juryen","status":"publish","type":"post","link":"https:\/\/www.europesays.com\/no\/107008\/","title":{"rendered":"Kalt inn til juryen"},"content":{"rendered":"<p>TRONDHEIM (Dagbladet): Andreas Fjorden Ree ledet fra start og nesten til m\u00e5l p\u00e5 10-kilometeren, men til slutt ble kometen Einar Hedegart for sterk. Dermed tok den tidligere skiskytteren sin f\u00f8rste verdenscupseier.\u00a0<\/p>\n<p>&#8211; Det er bare \u00e5 gi den mannen en OL-billett, sier NRK-ekspert Fredrik Aukland.\u00a0<\/p>\n<p>Den tidligere skiskytteren har n\u00e5 v\u00e6rt p\u00e5 pallen i tre av fire verdenscuprenn han har deltatt i.<\/p>\n<p>&#8211; Live on Instagram\t<\/p>\n<p>Fra lederstolen Hedegart startet en direktesending p\u00e5 sosiale medier.\u00a0<\/p>\n<p>&#8211; Live on Instagram, sa han til TV-kameraene da Fjorden Ree gikk i m\u00e5l.<\/p>\n<p>          <img loading=\"lazy\" decoding=\"async\" src=\"https:\/\/www.europesays.com\/no\/wp-content\/uploads\/2025\/12\/83950322.webp\" width=\"686\" height=\"584\" title=\"Skjermdump Instagram\" alt=\"\" class=\"\" style=\"--aspect-ratio-image: 1.17; \"\/><\/p>\n<p>\n          Skjermdump Instagram\n      <\/p>\n<p>Det var ikke helt etter boka.<\/p>\n<p>&#8211; Jeg fikk streng beskjed om at det faktisk ikke var lov, sier han til NRK.<\/p>\n<p>&#8211; Det er utrolig deilig\t<\/p>\n<p>Det var en lykkelig seierherre som m\u00f8tte Dagbladet etter sin f\u00f8rste verdenscupseier.\u00a0<\/p>\n<p>&#8211; Det er utrolig deilig, sier han.<\/p>\n<p class=\"italic m-italic\" data-lab-italic=\"italic\">&#8211; Hva tenker du om OL?<\/p>\n<p>&#8211; Jeg har begynt \u00e5 tenke p\u00e5 OL den siste uka. Mulighetene ser ganske bra ut for det. Jeg fester et lite grep om den plassen, men det er noen l\u00f8p igjen f\u00f8r det uttaket skal gj\u00f8res. Jeg har godt kort p\u00e5 h\u00e5nda, sl\u00e5r han fast.\u00a0<\/p>\n<p>    <a itemprop=\"url\" href=\"https:\/\/www.dagbladet.no\/sport\/tror-de-hater-det-skikkelig\/83908147\" rel=\"nofollow noopener\" target=\"_blank\"><\/p>\n<p>      <img loading=\"lazy\" decoding=\"async\" src=\"https:\/\/www.europesays.com\/no\/wp-content\/uploads\/2025\/12\/1765153725_452_83909625.webp\" width=\"147\" height=\"98\" title=\"- Tror de hater det skikkelig\" alt=\"\" class=\"lazyload\" style=\"--aspect-ratio-image: 1.50; \"\/><\/p>\n<p>        &#8211; Tror de hater det skikkelig<\/p>\n<p>    <\/a><\/p>\n<p>Ideen om \u00e5 sende live dukket ikke opp f\u00f8r han satt i lederstolen.<\/p>\n<p>&#8211; Den bare poppet opp da jeg satt der. Jeg hadde tidlig startnummer, s\u00e5 jeg hadde litt tid \u00e5 sl\u00e5 ihjel. Men jeg er tydeligvis ikke s\u00e5 rutinert p\u00e5 det, for jeg sendte lydl\u00f8s. Det var en klein tabbe, forteller han.\u00a0<\/p>\n<p>    10 kilometer fri, Trondheim<\/p>\n<p>1. Einar Hedegart &#8211; 23:02,1<\/p>\n<p>2. Andreas Fjorden Ree +0,4 sek<\/p>\n<p>3. Martin L\u00f8wstr\u00f8m Nyenget +10,1 sek<\/p>\n<p>4. Emil Iversen +11,4 sek<\/p>\n<p>5. Harald \u00d8stberg Amundsen +14,8 sek<\/p>\n<p>6. Iver Tildheim Andersen +17,4 sek<\/p>\n<p>7. Johannes H\u00f8sflot Kl\u00e6bo +21,2 sek<\/p>\n<p>8. Arsi Ruuskanen (Finland) +32,3 sek<\/p>\n<p class=\"font-weight-bold m-font-weight-bold\" data-lab-font_weight=\"font-weight-bold\">\u00d8vrige norske:<\/p>\n<p>12) Mattis Stenshagen +37,5 sek 13) Lars Heggen +40 sek 17) Simen Hegstad Kr\u00fcger +48,5 sek 18) Jan Thomas Jenssen +49,2 sek 26) Thomas Mollestad +58,6 sek<\/p>\n<p>      Vis mer<br \/>\n      Vis mindre<\/p>\n<p>Tur til juren &#8211; ingen bot\t<\/p>\n<p>P\u00e5funnet f\u00f8rte til en tur til juryen.<\/p>\n<p>&#8211; Det blir ikke noe mer live fra m\u00e5lomr\u00e5det, sier han med et smil.<\/p>\n<p>&#8211; Jeg spurte om de (juryen) hadde sett p\u00e5, og det hadde de, sier han videre.\u00a0<\/p>\n<p>Terje Lund, arrangementsjef i skiforbundet, sier at Hedegart ikke f\u00e5r bot for stuntet.<\/p>\n<p>&#8211; Vi har snakket med Infront og de skj\u00f8nner saken. Det er bare \u00e5 si at han var overivrig og lagde mye morsomt, s\u00e5 f\u00e5r vi justere litt til neste gang, sier Lund til skrivende presse.<\/p>\n<p>        GRAN\u00c5SEN: Emil Iversen gikk et nytt fantastisk l\u00f8p, og endte som nummer fire p\u00e5 en distanse som egentlig ikke passer han spesielt godt. Han framsto nerv\u00f8s i m\u00e5lomr\u00e5det da de andre skil\u00f8perne passerte m\u00e5lstreken. Video\/reporter: B\u00e5rd S\u00f8r\u00f8 Olsen<\/p>\n<p>&#8211; Han har masse muligheter til ting han kan gj\u00f8re, men han m\u00e5 vente til rennet er over. S\u00e5nn er det i stort sett all sport. Det er ikke noe verre enn det, og det var han nok ikke klar over. Han gikk sitt tredje verdenscuprenn. <\/p>\n<p class=\"italic m-italic\" data-lab-italic=\"italic\">Slik gikk kvinnenes 10-kilometer:<\/p>\n<p>    <a itemprop=\"url\" href=\"https:\/\/www.dagbladet.no\/sport\/svensk-dominans-flashback\/83949761\" rel=\"nofollow noopener\" target=\"_blank\"><\/p>\n<p>      <img loading=\"lazy\" decoding=\"async\" src=\"https:\/\/www.europesays.com\/no\/wp-content\/uploads\/2025\/12\/83950175.webp\" width=\"980\" height=\"441\" title=\"Svensk dominans: - Flashback\" alt=\"\" class=\"lazyload\" style=\"--aspect-ratio-image: 2.22; \"\/><\/p>\n<p>        Svensk dominans: &#8211; Flashback<\/p>\n<p>    <\/a><\/p>\n<p>\u00d8dela sekunderingen til Fjorden Ree\t<\/p>\n<p>Etter rennet hadde landslagstrener Eirik Myhr Nossum en h\u00f8ne \u00e5 plukke med seiersherren.<\/p>\n<p class=\"font-weight-bold m-font-weight-bold\" data-lab-font_weight=\"font-weight-bold\">&#8211; Det m\u00e5 jeg ta opp med ham. Jeg st\u00e5r og sekunderer, s\u00e5 dukker det plutselig opp et varsel om at han har livestream. Da faller jeg ut av sekunderinga mi. Kanskje det var det som gjorde at Fjorden Ree havnet bak, sier Nossum fleipete.\u00a0<\/p>\n<p class=\"font-weight-bold m-font-weight-bold\" data-lab-font_weight=\"font-weight-bold\">\u00a0Det hadde ikke Hedegart f\u00e5tt med seg da han m\u00f8tte Dagbladet.<\/p>\n<p class=\"font-weight-bold m-font-weight-bold\" data-lab-font_weight=\"font-weight-bold\">&#8211; S\u00e5 vant jeg med fire tideler. I dag gikk det min vei. Jeg st\u00e5r og trekker i tr\u00e5dene. Det var flaks da, det visste jeg ikke.\u00a0<\/p>\n<p class=\"font-weight-bold m-font-weight-bold\" data-lab-font_weight=\"font-weight-bold\">Fjorden Ree, som ble nummer to, hadde f\u00f8lgende \u00e5 si om situasjonen:<\/p>\n<p class=\"font-weight-bold m-font-weight-bold\" data-lab-font_weight=\"font-weight-bold\">&#8211; Synd at det \u00f8dela, sier han til Dagbladet.\u00a0<\/p>\n<p>        TRONDHEIM: Den polske langrennsut\u00f8veren Eliza Rucka-Michalek legger seg plutselig ned midt i l\u00f8ypa. Video: NRK, S\u00f8r\u00f8 Olsen\/Dagbladet TV-sporten<\/p>\n<p>&#8211; Han er i diskusjonen\t<\/p>\n<p>Neste helg er det igjen duket for distansen i Davos. Myhr Nossum vil ikke g\u00e5 med p\u00e5 at Hedegart er inne p\u00e5 OL-laget om han leverer ogs\u00e5 der.<\/p>\n<p>&#8211; Vi m\u00e5 g\u00e5 det skirennet f\u00f8rst da. Han er selvsagt fortsatt i diskusjonen, sier landslagstreneren.\u00a0<\/p>\n<p>    <a itemprop=\"url\" href=\"https:\/\/www.dagbladet.no\/sport\/stikk-til-svensk-rival\/83919245\" rel=\"nofollow noopener\" target=\"_blank\"><\/p>\n<p>      <img loading=\"lazy\" decoding=\"async\" src=\"https:\/\/www.europesays.com\/no\/wp-content\/uploads\/2025\/12\/83920324.webp\" width=\"980\" height=\"441\" title=\"Stikk til svensk rival\" alt=\"\" class=\"lazyload\" style=\"--aspect-ratio-image: 2.22; \"\/><\/p>\n<p>        Stikk til svensk rival<\/p>\n<p>    <\/a><\/p>\n<p>Emil Iversen virket ikke spesielt overrasket over Hedegarts p\u00e5funn.<\/p>\n<p>&#8211; Han er jo fra Inder\u00f8y, og det er ikke de skarpeste knivene som kommer derfra. Han er et friskt pust i norsk langrenn. Med to nordtr\u00f8ndere som gj\u00f8r det s\u00e5 bra kan det bli travelt for Tr\u00f8nder-Avisa framover, sier Iversen.\u00a0<\/p>\n<p>&#8211; Kjedelig\t<\/p>\n<p>Andreas Fjorden Ree ledet p\u00e5 samtlige m\u00e5linger ute i l\u00f8ypa, men mot slutten ble avstanden til Hedegart mindre og mindre. Til slutt ble det alts\u00e5 andreplass, med knapp margin.\u00a0<\/p>\n<p>&#8211; Jeg er jo i bunn og grunn forn\u00f8yd, selv om det er kjedelig \u00e5 tape s\u00e5nne dueller. Men det er det beste jeg har gjort i et skirenn, sier han til Dagbladet.<\/p>\n<p class=\"italic m-italic\" data-lab-italic=\"italic\">&#8211; M\u00e5 du sl\u00e5 Hedegart i Davos?<\/p>\n<p>&#8211; Det vet jeg ikke. Det hadde v\u00e6rt en fordel selvf\u00f8lgelig. G\u00e5r jeg fort i Davos og fortsetter \u00e5 g\u00e5 fort f\u00f8r uttaket er det jo h\u00e5p, men det er flere skirenn igjen f\u00f8r uttaket, sier Fjorden Ree og sikter til OL.<\/p>\n<p>&#8211; Ikke skuffet\t<\/p>\n<p>Johannes H\u00f8sflot Kl\u00e6bo jaktet sin f\u00f8rste seier p\u00e5 10-kilometer fri, men det ble bare en sjuendeplass for 29-\u00e5ringen. Han var likevel ikke spesielt skuffet.<\/p>\n<p>&#8211; Nei, jeg er egentlig ikke det. Det er helt ok til at det er en middels dag. Beina var tunge. Du kjenner at det koster \u00e5 g\u00e5 tre skirenn i helga, og i dag var beina litt kj\u00f8rt. Det ble en t\u00f8ff dag i g\u00e5r, s\u00e5 jeg tror det er en ganske naturlig forklaring, sier han til Dagbladet.<\/p>\n<p>          <img loading=\"lazy\" decoding=\"async\" src=\"https:\/\/www.europesays.com\/no\/wp-content\/uploads\/2025\/12\/83950452.webp\" width=\"980\" height=\"559\" title=\"NUMMER SJU: Johannes H\u00f8sflot Kl\u00e6bo. Foto: Geir Olsen\/NTB\" alt=\"\" class=\"\" style=\"--aspect-ratio-image: 1.75; \"\/><\/p>\n<p>\n          NUMMER SJU: Johannes H\u00f8sflot Kl\u00e6bo. Foto: Geir Olsen\/NTB\n      <\/p>\n<p>Han forteller om en ekstremt nerv\u00f8s stemning i den norske troppen f\u00f8r start.<\/p>\n<p>&#8211; Du kjenner det p\u00e5 hele stemninga. Folk spyr f\u00f8r start og er ordentlig nerv\u00f8se. Folk hadde kniven p\u00e5 strupen, sier han.\u00a0<\/p>\n<p>&#8211; Beste skirennet jeg har g\u00e5tt\t<\/p>\n<p>Emil Iversen gikk et nytt fantastisk l\u00f8p, og endte som nummer fire p\u00e5 en distanse som egentlig ikke passer han spesielt godt. Selv omtaler han det som det beste han noen gang har g\u00e5tt.<\/p>\n<p>&#8211; Det er det sykeste. Det beste skirennet jeg har g\u00e5tt i mitt liv. Jeg kunne g\u00e5tt to runder til. Et perfekt skirenn, sier han til Dagbladet.<\/p>\n<p>          <img loading=\"lazy\" decoding=\"async\" src=\"https:\/\/www.europesays.com\/no\/wp-content\/uploads\/2025\/12\/83950423.webp\" width=\"980\" height=\"559\" title=\"EN LYKKELIG MANN: F\u00e5 har smilt bredere enn Emil Iversen denne helga. Foto: Geir Olsen\/NTB\" alt=\"\" class=\"\" style=\"--aspect-ratio-image: 1.75; \"\/><\/p>\n<p>\n          EN LYKKELIG MANN: F\u00e5 har smilt bredere enn Emil Iversen denne helga. Foto: Geir Olsen\/NTB\n      <\/p>\n<p>&#8211; I g\u00e5r var en r\u00e5 dag, men det jeg viser i dag hadde ingen dr\u00f8mt om.<\/p>\n<p class=\"italic m-italic\" data-lab-italic=\"italic\">&#8211; Hva tenker du om OL?<\/p>\n<p>&#8211; N\u00e5 er jeg s\u00e5 n\u00e6re at jeg nesten ikke har ord.\u00a0<\/p>\n<p>&#8211; Spikeren i kista\t<\/p>\n<p> Tolv nordmenn stilte til start, mange av disse med et berettiget h\u00e5p om \u00e5 melde seg inn i tetkampen. Det ble til slutt sjudobbelt norsk. Martin L\u00f8wstr\u00f8m Nyenget tok den siste pallplassen.\u00a0<\/p>\n<p>        SPORTSDRIKK: Det er ikke alltid like lett \u00e5 holde ting nede n\u00e5r du har gitt alt. Video: Schjesvold\/S\u00f8r\u00f8 Olsen\/Dagbladet TV-sporten<\/p>\n<p>Norge har fire plasser til \u00f8velsen i OL. NRK-ekspert P\u00e5l Golberg mener Harald \u00d8stberg Amundsen og Johannes H\u00f8sflot Kl\u00e6bo er bankers p\u00e5 distansen. Han tror ogs\u00e5 Martin L\u00f8wstr\u00f8m Nyenget ligger sv\u00e6rt godt an.<\/p>\n<p>Han tror de to siste plassene st\u00e5r mellom nevnte Nyenget, Einar Hedegart, Iver Tildheim Andersen, Simen Hegstad Kr\u00fcger og Andreas Fjorden Ree. For disse var dagens 10-kilometer ekstremt viktig.\u00a0<\/p>\n<p>For Tildheim Andersen ble det en stor skuffelse.<\/p>\n<p>&#8211; For d\u00e5rlig, sier han til Dagbladet.<\/p>\n<p class=\"italic m-italic\" data-lab-italic=\"italic\">&#8211; Var det spikeren i kista?<\/p>\n<p>&#8211; Definitivt.\u00a0<\/p>\n","protected":false},"excerpt":{"rendered":"TRONDHEIM (Dagbladet): Andreas Fjorden Ree ledet fra start og nesten til m\u00e5l p\u00e5 10-kilometeren, men til slutt ble&hellip;\n","protected":false},"author":2,"featured_media":107009,"comment_status":"","ping_status":"","sticky":false,"template":"","format":"standard","meta":{"footnotes":""},"categories":[5],"tags":[20,21,11507,24,25,15,19,398,22,23,17,18,13,30,28,29,14,16,83,26,27],"class_list":{"0":"post-107008","1":"post","2":"type-post","3":"status-publish","4":"format-standard","5":"has-post-thumbnail","7":"category-overskrifter","8":"tag-breaking-news","9":"tag-breakingnews","10":"tag-einar-hedegart","11":"tag-featured-news","12":"tag-featurednews","13":"tag-headlines","14":"tag-hovedoppslag","15":"tag-langrenn","16":"tag-latest-news","17":"tag-latestnews","18":"tag-main-news","19":"tag-mainnews","20":"tag-news","21":"tag-no","22":"tag-norge","23":"tag-norway","24":"tag-nyheter","25":"tag-overskrifter","26":"tag-sport","27":"tag-top-stories","28":"tag-topstories"},"share_on_mastodon":{"url":"https:\/\/pubeurope.com\/@no\/115681123791206292","error":""},"_links":{"self":[{"href":"https:\/\/www.europesays.com\/no\/wp-json\/wp\/v2\/posts\/107008","targetHints":{"allow":["GET"]}}],"collection":[{"href":"https:\/\/www.europesays.com\/no\/wp-json\/wp\/v2\/posts"}],"about":[{"href":"https:\/\/www.europesays.com\/no\/wp-json\/wp\/v2\/types\/post"}],"author":[{"embeddable":true,"href":"https:\/\/www.europesays.com\/no\/wp-json\/wp\/v2\/users\/2"}],"replies":[{"embeddable":true,"href":"https:\/\/www.europesays.com\/no\/wp-json\/wp\/v2\/comments?post=107008"}],"version-history":[{"count":0,"href":"https:\/\/www.europesays.com\/no\/wp-json\/wp\/v2\/posts\/107008\/revisions"}],"wp:featuredmedia":[{"embeddable":true,"href":"https:\/\/www.europesays.com\/no\/wp-json\/wp\/v2\/media\/107009"}],"wp:attachment":[{"href":"https:\/\/www.europesays.com\/no\/wp-json\/wp\/v2\/media?parent=107008"}],"wp:term":[{"taxonomy":"category","embeddable":true,"href":"https:\/\/www.europesays.com\/no\/wp-json\/wp\/v2\/categories?post=107008"},{"taxonomy":"post_tag","embeddable":true,"href":"https:\/\/www.europesays.com\/no\/wp-json\/wp\/v2\/tags?post=107008"}],"curies":[{"name":"wp","href":"https:\/\/api.w.org\/{rel}","templated":true}]}}