{"id":107016,"date":"2025-12-08T00:49:15","date_gmt":"2025-12-08T00:49:15","guid":{"rendered":"https:\/\/www.europesays.com\/no\/107016\/"},"modified":"2025-12-08T00:49:15","modified_gmt":"2025-12-08T00:49:15","slug":"innbrudd-fana-frykten-brer-seg-i-nabolaget-jeg-er-skrekkslagen","status":"publish","type":"post","link":"https:\/\/www.europesays.com\/no\/107016\/","title":{"rendered":"Innbrudd, Fana | Frykten brer seg i nabolaget: \u2013 Jeg er skrekkslagen"},"content":{"rendered":"\n<p>(<a rel=\"Follow nofollow noopener\" href=\"https:\/\/www.ba.no\/elleve-innbrudd-i-fana-jeg-er-skrekkslagen\/s\/5-8-3245493\" target=\"_blank\">BA<\/a>): <a rel=\"Follow nofollow noopener\" href=\"https:\/\/www.ba.no\/heftig-innbruddsbolge-i-fana-det-er-noen-som-er-veldig-aktive\/s\/5-8-3240136\" target=\"_blank\"><b>Politiet patruljerer i Fana. Bakgrunnen er en innbruddsb\u00f8lge.<\/b><\/a><\/p>\n<p>Tirsdag kom det frem at enda et hus er rammet. Totalt er det n\u00e5 elleve, og <a rel=\"Follow nofollow noopener\" href=\"https:\/\/www.ba.no\/nytt-innbrudd-anmeldt-totalt-elleve-innbrudd\/s\/5-8-3243358\" target=\"_blank\">tre av dem er i samme nabolag<\/a>: Hops\u00e5sen.<\/p>\n<p>Gjerningspersonene er fortsatt p\u00e5 frifot.<\/p>\n<p>Evy Namtvedt (73) liker det d\u00e5rlig. Hun har bodd i Hops\u00e5sen siden 1952, med noen mindre avbrekk i utlandet.<\/p>\n<p>   <img decoding=\"async\" width=\"7683\" height=\"5122\" fetchpriority=\"low\"  loading=\"lazy\"  src=\"https:\/\/www.europesays.com\/no\/wp-content\/uploads\/2025\/12\/3.jpg\" alt=\"\" class=\"brick-c-cFOWSL\" style=\"--brick-image-ratio: 7683 \/ 5122;\"\/><\/p>\n<p>      Evy Namtvedt bor i Hops\u00e5sen.<br \/>\n      Foto: ANDERS KJ\u00d8LEN\n    <\/p>\n<p>Knapt f\u00f8r har hun h\u00f8rt om innbrudd her i omr\u00e5det.<\/p>\n<p><b>\u2013 Jeg er skrekkslagen, sier hun.<\/b><\/p>\n<p>  <a href=\"https:\/\/www.nettavisen.no\/5-95-2759740\" class=\"related-teaser has-image nettavisen-story-teaser article--c-eRUmMG article--c-eRUmMG-fZoQSp-design-nettavisen article--c-eRUmMG-eTlODu-cv\" rel=\"nofollow noopener\" target=\"_blank\"><\/p>\n<p>    <img decoding=\"async\" loading=\"lazy\"  src=\"https:\/\/www.europesays.com\/no\/wp-content\/uploads\/2025\/12\/NTB_b6qwkVyL31c.jpg\" alt=\"\" class=\"brick-c-cFOWSL\" style=\"\"\/><\/p>\n<p>\n            Les ogs\u00e5<\/p>\n<p>              Gigantisk hopp i formuen\n        <\/p>\n<p>  <\/a><\/p>\n<p><b>Les ogs\u00e5: <\/b><b\/><\/p>\n<p>Legger alt i safen<\/p>\n<p>Den siste tiden har hun fulgt n\u00f8ye med p\u00e5 nyhetene, i h\u00e5p om at tyvene blir tatt. I mellomtiden f\u00f8lger hun <a rel=\"Follow nofollow noopener\" href=\"https:\/\/www.ba.no\/nytt-innbrudd-anmeldt-totalt-elleve-innbrudd\/s\/5-8-3243358\" target=\"_blank\">politiets oppfordringer<\/a> til punkt og prikke.<\/p>\n<ul>\n<li>Hjemme hos henne lyser det godt i hvert eneste rom \u2013 d\u00f8gnet rundt.<\/li>\n<li>Hun kikker ofte ut gjennom vinduet etter mistenkelige biler og personer.<\/li>\n<\/ul>\n<p><b>\u2013 Vi m\u00e5 passe p\u00e5 hverandre, sier Namtvedt.<\/b><\/p>\n<p>I Hops\u00e5sen er det 68 boliger.<\/p>\n<p>Namtvedt synes det er virkelig ekkelt.<\/p>\n<p>\u2013 Da mannen min kom hjem fra et arrangement i sentrum forleden, fikk han streng beskjed om \u00e5 legge alt inn i safen.<\/p>\n<p>Den st\u00e5r p\u00e5 et hemmelig sted p\u00e5 eiendommen.<\/p>\n<p>\u2013 Vi har blitt veldig n\u00f8ye p\u00e5 det. Det var vi ikke f\u00f8r.<\/p>\n<p><b>Les ogs\u00e5: <a class=\"simple-relation related-teaser article--c-eRUmMG article--c-eRUmMG-fZoQSp-design-nettavisen article--c-eRUmMG-gwthdJ-cv\" href=\"https:\/\/www.nettavisen.no\/lotto-vinner-en-milliard-kroner-er-borte\/s\/5-95-2759544\" rel=\"nofollow noopener\" target=\"_blank\">Lotto-vinner: En milliard kroner er borte<\/a><\/b><\/p>\n<p>Unngikk alarmen<\/p>\n<p>BA har v\u00e6rt p\u00e5 bes\u00f8k hos to av naboene hennes som har blitt rammet.<\/p>\n<p>   <img decoding=\"async\" width=\"3024\" height=\"4032\" fetchpriority=\"low\"  loading=\"lazy\"  src=\"https:\/\/www.europesays.com\/no\/wp-content\/uploads\/2025\/12\/IMG_4954.jpg\" alt=\"\" class=\"brick-c-cFOWSL\" style=\"--brick-image-ratio: 3024 \/ 4032;\"\/><\/p>\n<p>      Her er vinduet plassert utenfor boligen.<br \/>\n      Foto: PRIVAT\n    <\/p>\n<p>Anne Karin Haarvei (79) er en av dem. Hun var bortreist i utlandet da det skjedde, og er det fortsatt.<\/p>\n<p>Innbruddet ble oppdaget av en nabo som hadde n\u00f8kkel til huset, og som skulle inn og vanne blomstene i andre etasje, forteller hun.<\/p>\n<p>Hun har sett bilder av \u00e5stedet.<\/p>\n<p>Fremgangsm\u00e5ten er kliss lik som i de andre: Vinduet er regelrett tatt ut av rammen. Deretter har gjerningspersonene g\u00e5tt amok.<\/p>\n<p>\u2013 De kom inn p\u00e5 vaskerommet og har v\u00e6rt inne p\u00e5 soverommet og badet, sier hun.<\/p>\n<p>De eneste rommene uten alarm.<\/p>\n<p>Hun skj\u00f8nner det ikke, og mistenker derfor profesjonelle.<\/p>\n<p>   <img decoding=\"async\" width=\"7994\" height=\"5329\" fetchpriority=\"low\"  loading=\"lazy\"  src=\"https:\/\/www.europesays.com\/no\/wp-content\/uploads\/2025\/12\/DSC_6986+kopi.jpg\" alt=\"\" class=\"brick-c-cFOWSL\" style=\"--brick-image-ratio: 7994 \/ 5329;\"\/><\/p>\n<p>      P\u00e5 soverommet er alle skuffene endevendt.<br \/>\n      Foto: SKJALG EKELAND\n    <\/p>\n<p>  \u2013 Bruker hansker<\/p>\n<p>Da BA var p\u00e5 bes\u00f8k, ble vi sluppet inn av en nabo som hadde n\u00f8kkel \u2013 med Haarveis tillatelse.<\/p>\n<p>Han var ogs\u00e5 til stede da politiet gjennomf\u00f8rte \u00e5stedsunders\u00f8kelsen, forteller han.<\/p>\n<p>\u2013 Da politiet var her, pudret de omr\u00e5det med kalk. Tyvene har brukt hansker. Det var ikke et eneste fingeravtrykk i huset, sier mannen, som ikke \u00f8nsker navn eller bilde i avisen.<\/p>\n<p>   <img decoding=\"async\" width=\"7462\" height=\"4975\" fetchpriority=\"low\"  loading=\"lazy\"  src=\"https:\/\/www.europesays.com\/no\/wp-content\/uploads\/2025\/12\/DSC_6939+kopi.jpg\" alt=\"\" class=\"brick-c-cFOWSL\" style=\"--brick-image-ratio: 7462 \/ 4975;\"\/><\/p>\n<p>      Her har gjerningspersonene tatt seg inn.<br \/>\n      Foto: SKJALG EKELAND\n    <\/p>\n<p>Han forteller ogs\u00e5 at han s\u00e5 en mistenkelig bil i omr\u00e5det to ganger samme dag, noen dager tidligere \u2013 en opplysning han har gitt til politiet.<\/p>\n<p>Han tror de har spanet p\u00e5 huset.<\/p>\n<p>   <img decoding=\"async\" width=\"8065\" height=\"5377\" fetchpriority=\"low\"  loading=\"lazy\"  src=\"https:\/\/www.europesays.com\/no\/wp-content\/uploads\/2025\/12\/DSC_7005+kopi.jpg\" alt=\"\" class=\"brick-c-cFOWSL\" style=\"--brick-image-ratio: 8065 \/ 5377;\"\/><\/p>\n<p>      I vinduskarmen kan en se tegn til et fotspor.<br \/>\n      Foto: SKJALG EKELAND\n    <\/p>\n<p>\u2013 Jeg sa det til s\u00f8nnen min med en gang jeg s\u00e5 den: \u00abDen h\u00f8rer ikke til her\u00bb.<\/p>\n<p>\u2013 Gj\u00f8r virkelig vondt<\/p>\n<p>Da tyvene gikk gjennom huset til Haarvei, fant de blant annet smykkeskrinet p\u00e5 badet. Oppi l\u00e5 det:<\/p>\n<ul>\n<li>Kostbare smykker<\/li>\n<li>Klokker med gullreimer<\/li>\n<li>Fire halskjeder i gull og hvitt gull<\/li>\n<li>Gifteringen til hennes avd\u00f8de ektemann<\/li>\n<\/ul>\n<p>Hun ansl\u00e5r at alt var verdt rundt 200.000 kroner, if\u00f8lge en takstrapport hun fikk for et par \u00e5r siden.<\/p>\n<p>   <img decoding=\"async\" width=\"8256\" height=\"5504\" fetchpriority=\"low\"  loading=\"lazy\"  src=\"https:\/\/www.europesays.com\/no\/wp-content\/uploads\/2025\/12\/DSC_6947+kopi.jpg\" alt=\"\" class=\"brick-c-cFOWSL\" style=\"--brick-image-ratio: 8256 \/ 5504;\"\/><\/p>\n<p>      Smykkene er borte.<br \/>\n      Foto: SKJALG EKELAND\n    <\/p>\n<p>   <img decoding=\"async\" width=\"8256\" height=\"5504\" fetchpriority=\"low\"  loading=\"lazy\"  src=\"https:\/\/www.europesays.com\/no\/wp-content\/uploads\/2025\/12\/DSC_6940+kopi.jpg\" alt=\"\" class=\"brick-c-cFOWSL\" style=\"--brick-image-ratio: 8256 \/ 5504;\"\/><\/p>\n<p>      Slik ser det ut p\u00e5 badet.<br \/>\n      Foto: SKJALG EKELAND\n    <\/p>\n<p>\u2013 Alt var forsikret, men jeg er fryktelig lei meg. Det var arvestykker fra min mor og tanter. Det er s\u00e5nne ting du ikke kan erstatte.<\/p>\n<p>Hun ble avh\u00f8rt av politiet samme dag innbruddet ble oppdaget.<\/p>\n<p>\u2013 De spurte meg om jeg hadde hatt noen h\u00e5ndverkere p\u00e5 bes\u00f8k, men det har jeg ikke.<\/p>\n<p>\u2013 Endevendte alt<\/p>\n<p>Den andre naboen som har blitt rammet, \u00f8nsker ikke navn eller bilde i avisen.<\/p>\n<p>Konen forteller at innbruddet skjedde mens hun og ektemannen var bortreist p\u00e5 helgetur.<\/p>\n<p>Da de kom hjem, ble de m\u00f8tt av en knust glassd\u00f8r ved soverommet. Det er trolig der tyvene tok seg inn.<\/p>\n<p>   <img decoding=\"async\" width=\"6966\" height=\"4644\" fetchpriority=\"low\"  loading=\"lazy\"  src=\"https:\/\/www.europesays.com\/no\/wp-content\/uploads\/2025\/12\/DSC_6775+kopi.jpg\" alt=\"\" class=\"brick-c-cFOWSL\" style=\"--brick-image-ratio: 6966 \/ 4644;\"\/><\/p>\n<p>      D\u00f8ren er i dag spikret igjen.<br \/>\n      Foto: SKJALG EKELAND\n    <\/p>\n<p>Deretter har de v\u00e6rt innom to bad, gangen, soveromsfl\u00f8yen, kontoret, \u00ab\u00bb og kjelleren.<\/p>\n<p>\u2013 De har t\u00f8mt ut og endevendt alt av skap og skuffer.<\/p>\n<p>Heldigvis fant de ikke noe s\u00e6rlig. Kun et kontantbel\u00f8p, som hun beskriver som reisevaluta. Hun \u00f8nsker ikke \u00e5 si n\u00f8yaktig hvor mye.<\/p>\n<p>I huset var det flere alarmer, og hun uttrykker stor misn\u00f8ye og frustrasjon over at alarmen ikke gikk av.<\/p>\n<p>   <img decoding=\"async\" width=\"8045\" height=\"5364\" fetchpriority=\"low\"  loading=\"lazy\"  src=\"https:\/\/www.europesays.com\/no\/wp-content\/uploads\/2025\/12\/DSC_6786+kopi.jpg\" alt=\"\" class=\"brick-c-cFOWSL\" style=\"--brick-image-ratio: 8045 \/ 5364;\"\/><\/p>\n<p>      D\u00f8ren til ektemannens kontor ble brutt opp.<br \/>\n      Foto: SKJALG EKELAND\n    <\/p>\n<p>\u2013 Det skulle den gjort, sier konen.<\/p>\n<p>I dag holder de p\u00e5 med \u00e5 bytte ut hele systemsystemet.<\/p>\n<p>Ogs\u00e5 hun mistenker at det er profesjonelle akt\u00f8rer som st\u00e5r bak. Huset er p\u00e5 ett plan og har mange vinduer. Hun tror ogs\u00e5 at tyvene kan ha v\u00e6rt der i forkant. Hun har ikke sett noen mistenksomme personer selv.<\/p>\n<p>Kan komme flere<\/p>\n<p>Kjartan Duesund, politioverbetjent ved i Bergen s\u00f8r politistasjon, var lite delevillig da BA tok kontakt torsdag.<\/p>\n<p>Det er forel\u00f8pig ikke meldt om flere innbrudd.<\/p>\n<p>P\u00e5 sp\u00f8rsm\u00e5l om hva de tenker om bilen observert av naboen, svarer han at politiet har f\u00e5tt flere tips knyttet til biler \u2013 og at dette er noe de alltid unders\u00f8ker.<\/p>\n<p>Tidligere denne uken sa politistasjonssjef Ronny Andr\u00e9 \u00d8vrebotten til <a rel=\"Follow nofollow noopener\" href=\"https:\/\/www.fanaposten.no\/innbruddsbolgen-tredje-innbrudd-i-samme-nabolag\/s\/5-153-135751\" target=\"_blank\">Fanaposten<\/a> at han fryktet at innbruddsb\u00f8lgen ikke var over.<\/p>\n<p>   <img decoding=\"async\" width=\"4870\" height=\"3241\" fetchpriority=\"low\"  loading=\"lazy\"  src=\"https:\/\/www.europesays.com\/no\/wp-content\/uploads\/2025\/12\/Heftig+innbruddsblge+i+Fana%3A++Det+er+noen+som+er+veldig+aktive.bin\" alt=\"Ronny Andre \u00d8vrebotten er ny politisjef i Bergen S\u00f8r.&#10;&#10;Fana politistasjon.\" class=\"brick-c-cFOWSL\" style=\"--brick-image-ratio: 4870 \/ 3241;\"\/><\/p>\n<p>      Ronny Andr\u00e9 \u00d8vrebotten er politistasjonssjef i Bergen s\u00f8r.<br \/>\n      Foto: ANDERS KJ\u00d8LEN\n    <\/p>\n<p>\u00c5rsaken er at flere av innbruddene de n\u00e5 etterforsker, er etteranmeldt. Alts\u00e5 at eierne har v\u00e6rt bortreist og f\u00f8rst oppdaget det da de kom hjem.<\/p>\n<p>\u2013 Dermed kan vi ha flere \u00e5steder som enn\u00e5 ikke er oppdaget. Tyvene er ogs\u00e5 p\u00e5 frifot, s\u00e5 de kan fortsette \u00e5 bryte seg inn, sa \u00d8vrebotten til Fanaposten mandag.<\/p>\n<p>\u2013 Rubbel og bit<\/p>\n<p>Evy Namtvedt h\u00e5per gjerningspersonene blir tatt.<\/p>\n<p>\u2013 Vi frykter at de skal stjele rubbel og bit. Heldigvis har vi en god forsikring.<\/p>\n<p>   <img decoding=\"async\" width=\"8231\" height=\"5487\" fetchpriority=\"low\"  loading=\"lazy\"  src=\"https:\/\/www.europesays.com\/no\/wp-content\/uploads\/2025\/12\/5.jpg\" alt=\"\" class=\"brick-c-cFOWSL\" style=\"--brick-image-ratio: 8231 \/ 5487;\"\/><\/p>\n<p>Hun synes sv\u00e6rt synd p\u00e5 dem som har blitt rammet, og synes det er godt at politiet patruljerer i omr\u00e5det. Selv om hun forel\u00f8pig ikke har sett dem.<\/p>\n<p>\u2013 Det er bra at de gj\u00f8r tiltak, og tar saken seri\u00f8st.<\/p>\n","protected":false},"excerpt":{"rendered":"(BA): Politiet patruljerer i Fana. Bakgrunnen er en innbruddsb\u00f8lge. Tirsdag kom det frem at enda et hus er&hellip;\n","protected":false},"author":2,"featured_media":107017,"comment_status":"","ping_status":"","sticky":false,"template":"","format":"standard","meta":{"footnotes":""},"categories":[10],"tags":[20,21,24,25,15,22,23,13,30,28,29,14,16,26,27],"class_list":{"0":"post-107016","1":"post","2":"type-post","3":"status-publish","4":"format-standard","5":"has-post-thumbnail","7":"category-norge","8":"tag-breaking-news","9":"tag-breakingnews","10":"tag-featured-news","11":"tag-featurednews","12":"tag-headlines","13":"tag-latest-news","14":"tag-latestnews","15":"tag-news","16":"tag-no","17":"tag-norge","18":"tag-norway","19":"tag-nyheter","20":"tag-overskrifter","21":"tag-top-stories","22":"tag-topstories"},"share_on_mastodon":{"url":"https:\/\/pubeurope.com\/@no\/115681202693932911","error":""},"_links":{"self":[{"href":"https:\/\/www.europesays.com\/no\/wp-json\/wp\/v2\/posts\/107016","targetHints":{"allow":["GET"]}}],"collection":[{"href":"https:\/\/www.europesays.com\/no\/wp-json\/wp\/v2\/posts"}],"about":[{"href":"https:\/\/www.europesays.com\/no\/wp-json\/wp\/v2\/types\/post"}],"author":[{"embeddable":true,"href":"https:\/\/www.europesays.com\/no\/wp-json\/wp\/v2\/users\/2"}],"replies":[{"embeddable":true,"href":"https:\/\/www.europesays.com\/no\/wp-json\/wp\/v2\/comments?post=107016"}],"version-history":[{"count":0,"href":"https:\/\/www.europesays.com\/no\/wp-json\/wp\/v2\/posts\/107016\/revisions"}],"wp:featuredmedia":[{"embeddable":true,"href":"https:\/\/www.europesays.com\/no\/wp-json\/wp\/v2\/media\/107017"}],"wp:attachment":[{"href":"https:\/\/www.europesays.com\/no\/wp-json\/wp\/v2\/media?parent=107016"}],"wp:term":[{"taxonomy":"category","embeddable":true,"href":"https:\/\/www.europesays.com\/no\/wp-json\/wp\/v2\/categories?post=107016"},{"taxonomy":"post_tag","embeddable":true,"href":"https:\/\/www.europesays.com\/no\/wp-json\/wp\/v2\/tags?post=107016"}],"curies":[{"name":"wp","href":"https:\/\/api.w.org\/{rel}","templated":true}]}}