{"id":107023,"date":"2025-12-08T01:31:23","date_gmt":"2025-12-08T01:31:23","guid":{"rendered":"https:\/\/www.europesays.com\/no\/107023\/"},"modified":"2025-12-08T01:31:23","modified_gmt":"2025-12-08T01:31:23","slug":"martin-parr-dodsfall-fotografen-martin-parr-er-dod","status":"publish","type":"post","link":"https:\/\/www.europesays.com\/no\/107023\/","title":{"rendered":"Martin Parr, D\u00f8dsfall | Fotografen Martin Parr er d\u00f8d"},"content":{"rendered":"\n<p>Parr d\u00f8de i sitt hjem i Bristol vest i England l\u00f8rdag, opplyser The Martin Parr Foundation s\u00f8ndag.<\/p>\n<p>Kjent for \u00e5 bruke humor og farger til \u00e5 beskrive det britiske samfunnet, men ogs\u00e5 med et kritisk blikk p\u00e5 forbrukersamfunnet, bidro han til \u00e5 forandre dokumentarfotografiet. Han hadde et skarpt blikk for hverdagslige s\u00e6regenheter.<\/p>\n<p>\u2013 Livet er morsomt. Det fors\u00f8ker jeg \u00e5 f\u00e5 inn i bildene mine, sa han i et intervju med <a rel=\"noopener nofollow\" href=\"https:\/\/www.theguardian.com\/artanddesign\/2025\/feb\/23\/photography-is-therapy-for-me-martin-parr-on-humour-holidaying-and-life-behind-the-lens\" target=\"_blank\">The Guardian<\/a> i februar.<\/p>\n<p>Lette stadig etter nye motiver<\/p>\n<p>Da var han fortsatt aktiv og sa at han stadig lette etter nye motiver \u00e5 forevige samtidig som han jobbet for fullt med sitt store bildearkiv og kjempet mot en kreftsykdom.<\/p>\n<p>Martin Parr slo igjennom for fullt p\u00e5 midten av 1980-tallet med en utstilling av vanlige, ferierende, solbadende briter p\u00e5 et nedslitt ferieanlegg utenfor Liverpool.<\/p>\n<p>Stilen hans bidro til \u00e5 forandre det dokumentariske fotografiet fra tidligere tiders mer alvorlige, svart-hvite bilder til fordel for mer farger og lekenhet.<\/p>\n<p>Stilte ut i Norge<\/p>\n<p>Feriebildene fra 80-tallet er fortsatt hans mest kjente, men han skildret ogs\u00e5 Russland, Nord-Korea, den britiske gruvestreiken i 1984\u201385 og rike briter under Margaret Thatchers \u00e5r ved makten. Samt ferierende mennesker mange steder i verden, bilder som gjorde Parr til en av verdens mest hyllede fotografer.<\/p>\n<p>Martin Parr har stilt ut bilder i Norge flere ganger, senest i h\u00f8st p\u00e5 fotoutstillingen <a rel=\"noopener nofollow\" href=\"https:\/\/www.oslonegativ.no\/utstillere-2025\/martinparr\" target=\"_blank\">Oslo Negativ<\/a>.<\/p>\n<p>Han deltok ogs\u00e5 p\u00e5 den f\u00f8rste Northern Light-festivalen i Kristiansund i 2006.<\/p>\n<p>(\u00a9NTB)<\/p>\n","protected":false},"excerpt":{"rendered":"Parr d\u00f8de i sitt hjem i Bristol vest i England l\u00f8rdag, opplyser The Martin Parr Foundation s\u00f8ndag. Kjent&hellip;\n","protected":false},"author":2,"featured_media":107024,"comment_status":"","ping_status":"","sticky":false,"template":"","format":"standard","meta":{"footnotes":""},"categories":[12],"tags":[20,21,24,25,15,22,23,13,30,28,29,14,16,26,27,42,43,44,45],"class_list":{"0":"post-107023","1":"post","2":"type-post","3":"status-publish","4":"format-standard","5":"has-post-thumbnail","7":"category-verden","8":"tag-breaking-news","9":"tag-breakingnews","10":"tag-featured-news","11":"tag-featurednews","12":"tag-headlines","13":"tag-latest-news","14":"tag-latestnews","15":"tag-news","16":"tag-no","17":"tag-norge","18":"tag-norway","19":"tag-nyheter","20":"tag-overskrifter","21":"tag-top-stories","22":"tag-topstories","23":"tag-verden","24":"tag-world","25":"tag-world-news","26":"tag-worldnews"},"share_on_mastodon":{"url":"https:\/\/pubeurope.com\/@no\/115681367385399666","error":""},"_links":{"self":[{"href":"https:\/\/www.europesays.com\/no\/wp-json\/wp\/v2\/posts\/107023","targetHints":{"allow":["GET"]}}],"collection":[{"href":"https:\/\/www.europesays.com\/no\/wp-json\/wp\/v2\/posts"}],"about":[{"href":"https:\/\/www.europesays.com\/no\/wp-json\/wp\/v2\/types\/post"}],"author":[{"embeddable":true,"href":"https:\/\/www.europesays.com\/no\/wp-json\/wp\/v2\/users\/2"}],"replies":[{"embeddable":true,"href":"https:\/\/www.europesays.com\/no\/wp-json\/wp\/v2\/comments?post=107023"}],"version-history":[{"count":0,"href":"https:\/\/www.europesays.com\/no\/wp-json\/wp\/v2\/posts\/107023\/revisions"}],"wp:featuredmedia":[{"embeddable":true,"href":"https:\/\/www.europesays.com\/no\/wp-json\/wp\/v2\/media\/107024"}],"wp:attachment":[{"href":"https:\/\/www.europesays.com\/no\/wp-json\/wp\/v2\/media?parent=107023"}],"wp:term":[{"taxonomy":"category","embeddable":true,"href":"https:\/\/www.europesays.com\/no\/wp-json\/wp\/v2\/categories?post=107023"},{"taxonomy":"post_tag","embeddable":true,"href":"https:\/\/www.europesays.com\/no\/wp-json\/wp\/v2\/tags?post=107023"}],"curies":[{"name":"wp","href":"https:\/\/api.w.org\/{rel}","templated":true}]}}