{"id":107028,"date":"2025-12-08T01:54:58","date_gmt":"2025-12-08T01:54:58","guid":{"rendered":"https:\/\/www.europesays.com\/no\/107028\/"},"modified":"2025-12-08T01:54:58","modified_gmt":"2025-12-08T01:54:58","slug":"raudt-meiner-kommunane-ikkje-bor-bestemme-over-areal-sjolv-nrk-ostfold-lokale-nyheter-tv-og-radio","status":"publish","type":"post","link":"https:\/\/www.europesays.com\/no\/107028\/","title":{"rendered":"Raudt meiner kommunane ikkje b\u00f8r bestemme over areal sj\u00f8lv \u2013 NRK \u00d8stfold \u2013 Lokale nyheter, TV og radio"},"content":{"rendered":"<p>Saka oppsummert:<\/p>\n<ul>\n<li>Raudt-politikar Remi S\u00f8lvberg meiner kommunane b\u00f8r f\u00e5 mindre makt i arealsaker for \u00e5 sikre betre vern av naturen.<\/li>\n<li>Kommunenes Sentralforbund (KS) meiner dagens system fungerer godt, og at lokalpolitikarane er best rusta til \u00e5 ta avgjerder som rammar lokalsamfunnet.<\/li>\n<li>Naturvernforbundet \u00f8nskjer strengare nasjonale rammer for arealplanlegging og meiner manglande ressursar og kompetanse i kommunane gjer det vanskeleg \u00e5 prioritere naturvern.<\/li>\n<li>Over halvparten av norsk natur er p\u00e5verka av menneskelege inngrep, og arealendringar er den st\u00f8rste trusselen mot naturmangfaldet.<\/li>\n<li>Naturvernforbundet etterlyser betre samarbeid mellom kommunar og statsforvaltarar for \u00e5 sikre meir berekraftig arealplanlegging.<\/li>\n<\/ul>\n<p>Oppsummeringa er laga av ei KI-teneste fr\u00e5 OpenAI. Innhaldet er kvalitetssikra av journalistar i NRK f\u00f8r publisering.<\/p>\n<p>\u2013 Vi ser at naturen kjem tapande ut. Gong p\u00e5 gong p\u00e5 gong.<\/p>\n<p><strong>Det seier Raudt-politikar, Remi S\u00f8lvberg fr\u00e5 Moss. Han er stortingsrepresentant for Raudt i \u00d8stfold, og er bekymra for naturen og utbygging. <\/strong><\/p>\n<p>Han meiner kommunane st\u00e5r i eit krysspress der dei m\u00e5 vege verdien av ur\u00f8rt natur opp mot arbeidsplassar og \u00f8konomisk gevinst som utbyggarar lovar.<\/p>\n<p>S\u00f8lvberg peikar p\u00e5 fleire prosjekt. Blant anna planane for eit stort datasenter i Sarpsborg.<\/p>\n<p><strong>Her er planarbeidet s\u00e5 vidt i gang, men framleis veit ein ikkje n\u00f8yaktig kor mykje natur som kan bli nedbygd.<\/strong><\/p>\n<p><img decoding=\"async\"   src=\"data:image\/gif;base64,R0lGODlhAQABAIAAAAAAAP\/\/\/yH5BAEAAAAALAAAAAABAAEAAAIBRAA7\" loading=\"eager\" alt=\"Mann med tatoveringer vifter med hendene \" title=\"Foto: Philip A. Johannesborg \/ NRK\"\/><\/p>\n<p class=\"\">Stortingsrepresentant for Raudt, Remi S\u00f8lvberg meiner lokalpolitikarane i kommunar har for lite kunnskap til \u00e5 ta avgjerder i store saker som rammar naturen.<\/p>\n<p>Foto: Philip A. Johannesborg \/ NRK<\/p>\n<p>Men omr\u00e5det som er avsett til form\u00e5let n\u00e6ring<a href=\"https:\/\/www.nrk.no\/ostfold\/planlegg-gigantutbygging-av-datasenter_-_-kjem-til-a-bruke-vanvitig-mykje-straum-1.17648599\" ec-id=\"pp:article:1.17648599\" ec-name=\", er\" rel=\"nofollow noopener\" target=\"_blank\">, er<\/a> <a href=\"http:\/\/www.nrk.no\/ostfold\/planlegg-gigantutbygging-av-datasenter_-_-kjem-til-a-bruke-vanvitig-mykje-straum-1.17648599\" ec-id=\"pp:article:1.17648599\" ec-name=\"av stor st\u00f8rrelse\" rel=\"nofollow noopener\" target=\"_blank\">av stor st\u00f8rrelse<\/a>.<\/p>\n<p>Det er dette S\u00f8lvberg synest er problematisk. Han meiner kommunane b\u00f8r f\u00e5 mindre rom til \u00e5 bestemme, og at meir b\u00f8r styrast fr\u00e5 nasjonalt hald.<\/p>\n<p>Staten set rammene<\/p>\n<p><strong>\u2013 Det er ei misforst\u00e5ing at \u00abkommunane har ansvar for arealplanlegging aleine\u00bb, svarer direkt\u00f8r for samfunn, velferd og demokrati, Helge Eide i <a href=\"https:\/\/www.ks.no\/\" ec-id=\"https:\/\/www.ks.no\/\" ec-name=\"KS\" rel=\"nofollow noopener\" target=\"_blank\">KS<\/a>.<\/strong><\/p>\n<p><img decoding=\"async\"   src=\"data:image\/gif;base64,R0lGODlhAQABAIAAAAAAAP\/\/\/yH5BAEAAAAALAAAAAABAAEAAAIBRAA7\" loading=\"eager\" alt=\"Helge Eide, Omr\u00e5dedirekt\u00f8r Samfunn, velferd og demokrati Kommunenes Sentralforbund\" title=\"Foto: H\u00e5vard Greger Hagen \/ NRK\"\/><\/p>\n<p class=\"\">Direkt\u00f8r for samfunn, velferd og demokrati, Helge Eide i KS, meiner S\u00f8lvberg har misforst\u00e5tt.<\/p>\n<p>Foto: H\u00e5vard Greger Hagen \/ NRK<\/p>\n<p>Han forklarer at sj\u00f8lv om kommunane har det siste, bindande ordet i sakene, skjer planlegginga innanfor statlege rammer.<\/p>\n<p>S\u00e6rleg i saker som involverer natur og inngrep i naturen.<\/p>\n<p>\u2013 I konsekvensutgreiing skal verknadene til ulike omsyn, inkludert konsekvensar for natur og naturmangfald, synleggjerast.<\/p>\n<p>Andre statlege og regionale myndigheiter, som Statsforvaltaren, kan ogs\u00e5 komme med innvendingar mot kommunale planar. Noko som, i f\u00f8lgje Eide, ofte skjer.<\/p>\n<p><strong>Han er klar p\u00e5 at kommunane b\u00f8r behalde retten til \u00e5 bestemme over sine eigne areal.<\/strong><\/p>\n<p>\u2013 Vi meiner det er ein stor fordel for b\u00e5de kunnskapsgrunnlag og effektivitet i arealplanlegginga at avgjerdene blir tekne lokalt, n\u00e6rast moglege innbyggarane som blir ramma direkte av avgjerdene, seier Eide.<\/p>\n<p><img decoding=\"async\"   src=\"data:image\/gif;base64,R0lGODlhAQABAIAAAAAAAP\/\/\/yH5BAEAAAAALAAAAAABAAEAAAIBRAA7\" loading=\"eager\" alt=\"Skogen p\u00e5 Tofteberg \" title=\"Foto: Even Bj\u00f8rings\u00f8y Johnsen\"\/><\/p>\n<p class=\"\">Eide meiner dei lokale politikarane veit best n\u00e5r det gjeld avgjerder som rammar lokalbefolkninga.<\/p>\n<p>Foto: Even Bj\u00f8rings\u00f8y Johnsen<\/p>\n<p>S\u00f8lvberg er einig i at staten og statsforvaltaren er inne i arealplanlegginga, men forklarer at til sjuande og sist er det kommunane som bestemmer.<\/p>\n<p><strong>\u2013 Det er og blir kommunane som er autonome og har siste ord i sakene. <\/strong><\/p>\n<p>Og det er nettopp det han meiner blir gale.<\/p>\n<p>Godt over halvparten blir p\u00e5verka<\/p>\n<p>Nesten halvparten av norsk natur st\u00e5r p\u00e5 den nye <a href=\"https:\/\/lister.artsdatabanken.no\/naturtyper\/2025\" ec-id=\"https:\/\/lister.artsdatabanken.no\/naturtyper\/2025\" ec-name=\"R\u00f8dlista\" rel=\"nofollow noopener\" target=\"_blank\">R\u00f8dlista<\/a>, som kom i november. Ein firedel st\u00e5r i fare for \u00e5 forsvinne.<\/p>\n<p>If\u00f8lge Janne Bohnhorst, direkt\u00f8r i Artsdatabanken, <a href=\"https:\/\/www.nrk.no\/buskerud\/den-nye-rodlista_-halvparten-av-norsk-natur-er-i-fare-1.17664979\" ec-id=\"pp:article:1.17664979\" ec-name=\"er arealendringar framleis den st\u00f8rste \u00e5rsaka til dette.\" rel=\"nofollow noopener\" target=\"_blank\">er arealendringar framleis den st\u00f8rste \u00e5rsaka til dette.<\/a><\/p>\n<p>\u2013 69 prosent av naturtypane v\u00e5re blir p\u00e5verka av utbygging, jord- eller skogbruk, klimaendringar og forureining, seier ho til NRK.<\/p>\n<p>Tidlegare i \u00e5r kunne NRK fortelje at Noreg er det landet i Europa som <a href=\"https:\/\/www.nrk.no\/dokumentar\/xl\/europa-fra-gront-til-gratt_-nordmenn-bygger-ned-mest-natur_-viser-europeisk-kartlegging-1.17577504\" ec-id=\"pp:article:1.17577504\" ec-name=\"bygger ned mest natur per innbyggar.\" rel=\"nofollow noopener\" target=\"_blank\">bygger ned mest natur per innbyggar.<\/a> EU sette i 2011 eit m\u00e5l om at ein skulle slutte heilt med nedbygging av natur og matjord innan 2050.<\/p>\n<p><strong>Men i Europa blir det framleis bygd ned eit titals kvadratmeter natur og matjord per sekund. <\/strong><\/p>\n<p>St\u00f8tter nasjonale rammer<\/p>\n<p>Naturvernforbundet seier det er viktig at planlegginga blir likt gjennomf\u00f8rt over heile landet.<\/p>\n<p>\u2013 Vi treng strengare rammer for all arealplanlegging i Noreg, blant anna eit nasjonalt vedtak om at vi m\u00e5 bli s\u00e5kalla arealn\u00f8ytrale, seier Holger Schlaupitz, fagleiar i Naturvernforbundet.<\/p>\n<p><img decoding=\"async\"   src=\"data:image\/gif;base64,R0lGODlhAQABAIAAAAAAAP\/\/\/yH5BAEAAAAALAAAAAABAAEAAAIBRAA7\" loading=\"eager\" alt=\"Fagsjef i Naturvernforbundet, Holger Schlaupitz, smiler inn i kamera\" title=\"Foto: Ane \u00d8vreb\u00f8 \/ Naturvernforbundet\"\/><\/p>\n<p class=\"\">Holger Schlaupitz fagleiar i Naturvernforbundet meiner det trengst strengare rammer for all arealplanlegging i Noreg.<\/p>\n<p>Foto: Ane \u00d8vreb\u00f8 \/ Naturvernforbundet<\/p>\n<p>Han \u00f8nsker tydelegare reglar som gjer det forbode for kommunane \u00e5 godta inngrep i s\u00e6rleg verdifull natur.<\/p>\n<p>Vidare peikar forbundet p\u00e5 at det kan vere vanskeleg for kvar enkelt kommune \u00e5 vurdere naturomsyn p\u00e5 grunn av manglande ressursar og kompetanse.<\/p>\n<p>\u2013 Det kjem ogs\u00e5 av at det er vanskeleg \u00e5 f\u00e5 lokalpolitikarane til \u00e5 ta omsyn til naturverdiane n\u00e5r dette kan hindre auka inntekter hos enkeltinnbyggarar eller kommunen. Det er s\u00e6rleg problematisk n\u00e5r det er tette band mellom politikarane og n\u00e6ringsinteressentane, meiner Schlaupitz.<\/p>\n<p><strong>Han understrekar at han ikkje vil at kommunane skal miste ansvaret for planlegginga.<\/strong><\/p>\n<p>Han saknar derimot betre samarbeid mellom dei.<\/p>\n<p>\u2013 Statsforvaltarane b\u00f8r bidra til betre regional planlegging, for \u00e5 unng\u00e5 at kommunane for eksempel etablerer n\u00e6ringstomter i konkurranse med kvarandre, for \u00e5 tiltrekke seg aktivitet, utan at det er eit reelt behov, forklarer Schlaupitz.<\/p>\n<p><img decoding=\"async\"   src=\"data:image\/gif;base64,R0lGODlhAQABAIAAAAAAAP\/\/\/yH5BAEAAAAALAAAAAABAAEAAAIBRAA7\" loading=\"eager\" alt=\"Bildet viser et avskogingsomr\u00e5de i en skog. Store flater med avkappede tr\u00e6r og greiner er synlige, mens frodige tr\u00e6r st\u00e5r i n\u00e6rheten. Det er ogs\u00e5 et spor etter maskiner som har fjernet tr\u00e6rne, synlig til venstre i bildet. Omgivelsene er preget av gr\u00f8nne n\u00e5letr\u00e6r i bakgrunnen.\" title=\"Foto: Hans Philip Hofgaard \/ NRK\"\/><\/p>\n<p class=\"\">Schlaupitz i Naturvernforbundet understrekar at han ikkje vil at kommunane skal miste ansvaret, men trur eit betre samarbeid med statsforvaltaren er det som trengst.<\/p>\n<p>Foto: Hans Philip Hofgaard \/ NRK<\/p>\n<p>Vanskeleg \u00e5 ta gode avgjerder<\/p>\n<p>S\u00f8lvberg er einig med Naturvernforbundet om at det er manglande kunnskap i lokalpolitikken. Han refererer til Viken Park <a href=\"https:\/\/www.nrk.no\/dokumentar\/xl\/bindinger_-hogst-og-politikere-som-ikke-ante-hva-de-stemte-pa_-historien-om-inngrepet-pa-viken-park-1.16882702\" ec-id=\"pp:article:1.16882702\" ec-name=\"saka\" rel=\"nofollow noopener\" target=\"_blank\">saka<\/a> der Statsforvaltaren fastslo at lokalpolitikarane gjorde avgjerder p\u00e5 mangelfullt grunnlag.<\/p>\n<p>\u2013 Kommunane har ikkje ressursane til \u00e5 kontrollere og sjekke ting. Og da blir det vanskeleg for kommunane \u00e5 ta gode avgjerder, seier S\u00f8lvberg.<\/p>\n<p>\u2013 Kva tenker du om forslaget til Naturvernforbundets om betre samarbeid mellom kommunane og statsforvaltaren?<\/p>\n<p><strong>\u2013 Eg kan sj\u00e5 at det er eit poeng i det, avsluttar S\u00f8lvberg.<\/strong><\/p>\n<p>Publisert<\/p>\n<p>07.12.2025, kl. 11.05<\/p>\n","protected":false},"excerpt":{"rendered":"Saka oppsummert: Raudt-politikar Remi S\u00f8lvberg meiner kommunane b\u00f8r f\u00e5 mindre makt i arealsaker for \u00e5 sikre betre vern&hellip;\n","protected":false},"author":2,"featured_media":107029,"comment_status":"","ping_status":"","sticky":false,"template":"","format":"standard","meta":{"footnotes":""},"categories":[10],"tags":[20,21,24,25,15,22,23,13,30,28,29,14,16,26,27],"class_list":{"0":"post-107028","1":"post","2":"type-post","3":"status-publish","4":"format-standard","5":"has-post-thumbnail","7":"category-norge","8":"tag-breaking-news","9":"tag-breakingnews","10":"tag-featured-news","11":"tag-featurednews","12":"tag-headlines","13":"tag-latest-news","14":"tag-latestnews","15":"tag-news","16":"tag-no","17":"tag-norge","18":"tag-norway","19":"tag-nyheter","20":"tag-overskrifter","21":"tag-top-stories","22":"tag-topstories"},"share_on_mastodon":{"url":"https:\/\/pubeurope.com\/@no\/115681461695053702","error":""},"_links":{"self":[{"href":"https:\/\/www.europesays.com\/no\/wp-json\/wp\/v2\/posts\/107028","targetHints":{"allow":["GET"]}}],"collection":[{"href":"https:\/\/www.europesays.com\/no\/wp-json\/wp\/v2\/posts"}],"about":[{"href":"https:\/\/www.europesays.com\/no\/wp-json\/wp\/v2\/types\/post"}],"author":[{"embeddable":true,"href":"https:\/\/www.europesays.com\/no\/wp-json\/wp\/v2\/users\/2"}],"replies":[{"embeddable":true,"href":"https:\/\/www.europesays.com\/no\/wp-json\/wp\/v2\/comments?post=107028"}],"version-history":[{"count":0,"href":"https:\/\/www.europesays.com\/no\/wp-json\/wp\/v2\/posts\/107028\/revisions"}],"wp:featuredmedia":[{"embeddable":true,"href":"https:\/\/www.europesays.com\/no\/wp-json\/wp\/v2\/media\/107029"}],"wp:attachment":[{"href":"https:\/\/www.europesays.com\/no\/wp-json\/wp\/v2\/media?parent=107028"}],"wp:term":[{"taxonomy":"category","embeddable":true,"href":"https:\/\/www.europesays.com\/no\/wp-json\/wp\/v2\/categories?post=107028"},{"taxonomy":"post_tag","embeddable":true,"href":"https:\/\/www.europesays.com\/no\/wp-json\/wp\/v2\/tags?post=107028"}],"curies":[{"name":"wp","href":"https:\/\/api.w.org\/{rel}","templated":true}]}}