{"id":107032,"date":"2025-12-08T02:05:10","date_gmt":"2025-12-08T02:05:10","guid":{"rendered":"https:\/\/www.europesays.com\/no\/107032\/"},"modified":"2025-12-08T02:05:10","modified_gmt":"2025-12-08T02:05:10","slug":"sydney-sweeney-slar-tilbake-mot-plastikkirurgi-ryktene","status":"publish","type":"post","link":"https:\/\/www.europesays.com\/no\/107032\/","title":{"rendered":"Sydney Sweeney sl\u00e5r tilbake mot plastikkirurgi-ryktene"},"content":{"rendered":"\n<p class=\"_lead_o9xde_2 _lead_xtcu6_50 layout-component text-serif-m layout-normal text-serif-l layout-component layout-wide layout-padded _wide_17hqh_1 layout-padded\">Skuespilleren avviser alle spekulasjoner om kosmetiske inngrep.<\/p>\n<p><img alt=\"Skuespiller Sydney Sweeney (28) har f\u00e5tt nok av ryktene om at hun har fikset p\u00e5 utseendet sitt. Her er hun p\u00e5 den r\u00f8de l\u00f8peren i forbindelse med hennes siste film \u00abThe Housemaid\u00bb i New York.  Foto: Evan Agostini \/ AP \/ NTB\" class=\"_image_qp4xg_65 layout-component layout-wide\" data-fullscreen- data-track-element-type=\"Article image fullscreen\" data-track-name=\"ImageFullscreen\" fetchpriority=\"high\" decoding=\"sync\" loading=\"eager\" height=\"2507\" itemprop=\"image\"  src=\"https:\/\/www.europesays.com\/no\/wp-content\/uploads\/2025\/12\/9e2aa7a6-bec0-44f5-8d14-2dee0c0f245a\"  style=\"object-position:0% 0%\" width=\"3500\"\/>Skuespiller Sydney Sweeney (28) har f\u00e5tt nok av ryktene om at hun har fikset p\u00e5 utseendet sitt. Her er hun p\u00e5 den r\u00f8de l\u00f8peren i forbindelse med hennes siste film \u00abThe Housemaid\u00bb i New York.  Foto: Evan Agostini \/ AP \/ NTB<\/p>\n<ul aria-hidden=\"true\" class=\"_images_ntbth_112\">\n<li><a class=\"_link_ntbth_117\" href=\"https:\/\/www.vg.no\/forfatter\/hege-varsi\" style=\"z-index:1\" title=\"Hege Varsi\" rel=\"nofollow noopener\" target=\"_blank\"><img alt=\"Bilde av Hege Varsi\" class=\"_image_ntbth_93\" fetchpriority=\"low\" loading=\"lazy\" decoding=\"async\" itemprop=\"image\"  src=\"https:\/\/www.europesays.com\/no\/wp-content\/uploads\/2025\/12\/1765159509_10_d48c09ee-ae08-4a71-8e5b-8db7c6b4f37d\"  width=\"480\"\/><\/a><\/li>\n<\/ul>\n<p> Oppdatert mandag 8. desember kl. 02:29     <\/p>\n<p class=\"_paragraph_o9xde_4 _paragraph_xtcu6_10 layout-component text-serif-m layout-normal text-serif-m layout-padded\"><a href=\"https:\/\/www.vg.no\/tag\/sydney-sweeney?utm_source=vg-article&amp;utm_medium=auto-tagger&amp;utm_campaign=WvLmMQ\" class=\"_link_o9xde_39\" rel=\"nofollow noopener\" target=\"_blank\">Sydney Sweeney<\/a> (28) har f\u00e5tt nok av ryktene om at hun har gjort kosmetiske inngrep. I et nytt intervju med magasinet Allure sl\u00e5r \u00abEuphoria\u00bb-stjernen tilbake mot kritikerne.<\/p>\n<p class=\"_paragraph_o9xde_4 _paragraph_xtcu6_10 layout-component text-serif-m layout-normal text-serif-m layout-padded\">\u2013 La oss avkrefte dem alle. Jeg mener, jeg har aldri f\u00e5tt gjort noen inngrep, sier Sweeney i videointervjuet, if\u00f8lge <a href=\"https:\/\/people.com\/sydney-sweeney-says-shes-never-had-work-done-everybody-on-social-medias-insane-11863833\" class=\"_link_o9xde_39\" rel=\"nofollow noopener\" target=\"_blank\">People<\/a>.<\/p>\n<p class=\"_paragraph_o9xde_4 _paragraph_xtcu6_10 layout-component text-serif-m layout-normal text-serif-m layout-padded\">\u2013 Jeg er s\u00e5 redd for n\u00e5ler, du aner ikke, legger hun til.<\/p>\n<p><img alt=\"Sweeney med \u00abThe Housemaid\u00bb-motspillerne Michele Morrone, Amanda Seyfried, Brandon Skienar og Indiana Elle.   Foto: Evan Agostini \/ AP \/ NTB\" class=\"_image_qp4xg_65 layout-component layout-normal\" data-fullscreen- data-track-element-type=\"Article image fullscreen\" data-track-name=\"ImageFullscreen\" decoding=\"async\" loading=\"lazy\" height=\"2391\" itemprop=\"image\"  src=\"https:\/\/www.europesays.com\/no\/wp-content\/uploads\/2025\/12\/87ef2821-bf58-4763-8270-bb36008441a5\"  style=\"object-position:0% 0%\" width=\"3500\"\/>Sweeney med \u00abThe Housemaid\u00bb-motspillerne Michele Morrone, Amanda Seyfried, Brandon Skienar og Indiana Elle.   Foto: Evan Agostini \/ AP \/ NTB<\/p>\n<p class=\"_paragraph_o9xde_4 _paragraph_xtcu6_10 layout-component text-serif-m layout-normal text-serif-m layout-padded\">Skuespilleren, hvis karriere startet allerede da hun var barn, retter en klar beskjed til folk p\u00e5 sosiale medier som sammenligner gamle og nye bilder av henne.<\/p>\n<p class=\"_paragraph_o9xde_4 _paragraph_xtcu6_10 layout-component text-serif-m layout-normal text-serif-m layout-padded\">\u2013 Du kan ikke sammenligne et bilde av meg da jeg var 12 \u00e5r med et bilde av meg som 26-\u00e5ring med profesjonell sminke og lys! Selvf\u00f8lgelig kommer jeg til \u00e5 se annerledes ut, sier hun.<\/p>\n<p class=\"_paragraph_o9xde_4 _paragraph_xtcu6_10 layout-component text-serif-m layout-normal text-serif-m layout-padded\">\u2013 Alle p\u00e5 sosiale medier er gale, fortsetter den \u00abThe Housemaid\u00bb-aktuelle skuespilleren. <\/p>\n<p class=\"_paragraph_o9xde_4 _paragraph_xtcu6_10 layout-component text-serif-m layout-normal text-serif-m layout-padded\">Under intervjuet avsl\u00f8rer hun ogs\u00e5 at hun har et arr etter en wakeboard-ulykke som krevde 19 sting. Dette gj\u00f8r at det ene \u00f8yet hennes \u00ab\u00e5pner seg litt mer enn det andre\u00bb.<\/p>\n<p class=\"_paragraph_o9xde_4 _paragraph_xtcu6_10 layout-component text-serif-m layout-normal text-serif-m layout-padded\">Sweeney har tidligere fortalt at noen ba henne \u00abfikse ansiktet\u00bb sitt da hun var bare 16 \u00e5r gammel. Hun har lovet \u00e5 \u00abeldes med verdighet\u00bb uten kosmetiske inngrep.<\/p>\n<p class=\"_paragraph_o9xde_4 _paragraph_xtcu6_10 layout-component text-serif-m layout-normal text-serif-m layout-padded\">\u00c5 endre utseende uten kosmetiske inngrep, er skuespilleren imidlertid langt mer \u00e5pen for. <\/p>\n<p class=\"_paragraph_o9xde_4 _paragraph_xtcu6_10 layout-component text-serif-m layout-normal text-serif-m layout-padded\">Nylig avsl\u00f8rte Sweeney at hun l<a href=\"https:\/\/www.vg.no\/rampelys\/i\/25Mloq\/sydney-sweeney-gikk-ned-15-kilo-paa-syv-uker\" data-track-element-type=\"Link\" data-track-id=\"link:25Mloq\" class=\"_link_o9xde_39\" rel=\"nofollow noopener\" target=\"_blank\">a p\u00e5 seg 15 kilo for rollen som bokseren Christy Martin<\/a>. <\/p>\n<p class=\"_paragraph_o9xde_4 _paragraph_xtcu6_10 layout-component text-serif-m layout-normal text-serif-m layout-padded\">\u2013 Det var kjempevanskelig, betrodde hun til\u00a0<a href=\"https:\/\/people.com\/sydney-sweeney-reveals-strict-diet-to-lose-weight-after-christy-exclusive-11846881\" class=\"_link_o9xde_39\" rel=\"nofollow noopener\" target=\"_blank\">People<\/a>.<\/p>\n<p class=\"_paragraph_o9xde_4 _paragraph_xtcu6_10 layout-component text-serif-m layout-normal text-serif-m layout-padded\">\u2013 Jeg spiste s\u00e5 mye mat. Alt du kan tenke deg. Og s\u00e5 drakk jeg proteinshake etter proteinshake og tok mye\u00a0kreatin, som bare f\u00e5r en til \u00e5 hovne opp.<\/p>\n<p><img alt=\"\" class=\"_image_qp4xg_65 layout-component layout-normal\" data-fullscreen- data-track-element-type=\"Article image fullscreen\" data-track-name=\"ImageFullscreen\" decoding=\"async\" loading=\"lazy\" height=\"609\" itemprop=\"image\"  src=\"https:\/\/www.europesays.com\/no\/wp-content\/uploads\/2025\/12\/9917258d-6f67-4516-b074-fd14cb18a58a\"  style=\"object-position:0% 0%\" width=\"1080\"\/><\/p>\n<p class=\"_paragraph_o9xde_4 _paragraph_xtcu6_10 layout-component text-serif-m layout-normal text-serif-m layout-padded\">Etter innspillingen i fjor h\u00f8st hadde Sweeney bare syv uker p\u00e5 \u00e5 bli sitt gamle jeg igjen.<\/p>\n<p class=\"_paragraph_o9xde_4 _paragraph_xtcu6_10 layout-component text-serif-m layout-normal text-serif-m layout-padded\">Da ventet nemlig innspilling av filmen \u00abThe Housemaid\u00bb og tredje sesong av TV-serien \u00abEuphoria\u00bb.<\/p>\n<p class=\"_paragraph_o9xde_4 _paragraph_xtcu6_10 layout-component text-serif-m layout-normal text-serif-m layout-padded\">\u2013 Jeg m\u00e5tte v\u00e6re veldig streng med meg selv. <\/p>\n","protected":false},"excerpt":{"rendered":"Skuespilleren avviser alle spekulasjoner om kosmetiske inngrep. Skuespiller Sydney Sweeney (28) har f\u00e5tt nok av ryktene om at&hellip;\n","protected":false},"author":2,"featured_media":107033,"comment_status":"","ping_status":"","sticky":false,"template":"","format":"standard","meta":{"footnotes":""},"categories":[58],"tags":[7705,71,3051,460,80,30,28,29,3049,72,46],"class_list":{"0":"post-107032","1":"post","2":"type-post","3":"status-publish","4":"format-standard","5":"has-post-thumbnail","7":"category-underholdning","8":"tag-amanda-seyfried","9":"tag-entertainment","10":"tag-euphoria","11":"tag-film","12":"tag-hollywood","13":"tag-no","14":"tag-norge","15":"tag-norway","16":"tag-sydney-sweeney","17":"tag-underholdning","18":"tag-vgai"},"share_on_mastodon":{"url":"https:\/\/pubeurope.com\/@no\/115681501209328414","error":""},"_links":{"self":[{"href":"https:\/\/www.europesays.com\/no\/wp-json\/wp\/v2\/posts\/107032","targetHints":{"allow":["GET"]}}],"collection":[{"href":"https:\/\/www.europesays.com\/no\/wp-json\/wp\/v2\/posts"}],"about":[{"href":"https:\/\/www.europesays.com\/no\/wp-json\/wp\/v2\/types\/post"}],"author":[{"embeddable":true,"href":"https:\/\/www.europesays.com\/no\/wp-json\/wp\/v2\/users\/2"}],"replies":[{"embeddable":true,"href":"https:\/\/www.europesays.com\/no\/wp-json\/wp\/v2\/comments?post=107032"}],"version-history":[{"count":0,"href":"https:\/\/www.europesays.com\/no\/wp-json\/wp\/v2\/posts\/107032\/revisions"}],"wp:featuredmedia":[{"embeddable":true,"href":"https:\/\/www.europesays.com\/no\/wp-json\/wp\/v2\/media\/107033"}],"wp:attachment":[{"href":"https:\/\/www.europesays.com\/no\/wp-json\/wp\/v2\/media?parent=107032"}],"wp:term":[{"taxonomy":"category","embeddable":true,"href":"https:\/\/www.europesays.com\/no\/wp-json\/wp\/v2\/categories?post=107032"},{"taxonomy":"post_tag","embeddable":true,"href":"https:\/\/www.europesays.com\/no\/wp-json\/wp\/v2\/tags?post=107032"}],"curies":[{"name":"wp","href":"https:\/\/api.w.org\/{rel}","templated":true}]}}