{"id":107034,"date":"2025-12-08T02:12:13","date_gmt":"2025-12-08T02:12:13","guid":{"rendered":"https:\/\/www.europesays.com\/no\/107034\/"},"modified":"2025-12-08T02:12:13","modified_gmt":"2025-12-08T02:12:13","slug":"dette-er-ingen-baerekraftig-ordning","status":"publish","type":"post","link":"https:\/\/www.europesays.com\/no\/107034\/","title":{"rendered":"\u00abDette er ingen b\u00e6rekraftig ordning\u00bb"},"content":{"rendered":"<p>Skrevet av: Arvid Eliseussen<\/p>\n<p><strong>I v\u00e5r alder<\/strong> m\u00e5 vi nok belage oss p\u00e5 \u00e5 bruke taxi mer og mer, spesielt n\u00e5 med m\u00f8rket, sn\u00f8 og h\u00e5lka. Men har du pr\u00f8vd \u00e5 bestille? Hvem fikk du i tale?<\/p>\n<p><strong>Jo da, tro<\/strong> det eller ei: en robot-assistent som ber deg svare \u00abja\u00bb eller \u00abnei\u00bb og s\u00e5 kommer det : \u00abjeg forsto ikke hva du sa\u00bb og s\u00e5 videre. Selvsagt, her gjelder det b\u00e5de \u00e5 forst\u00e5 og snakke, roboten st\u00e5r p\u00e5 den! Har du kanskje pr\u00f8vd appen Taxifix?<\/p>\n<p><strong>Ikke rart v\u00e5r<\/strong> bestilte taxi havnet p\u00e5 to feile adresser f\u00f8r han fant v\u00e5r, og vi endelig kunne ta turen! Hvem synes dette er et godkjent universelt tilbud? Tenk deg scenarioet: Du blir syk om natta, og din kone\/ mann som bruker h\u00f8reapparater og du m\u00e5 bestille taxi!<\/p>\n<p><strong>Dette er ingen<\/strong> b\u00e6rekraftig ordning, langt ifra!<\/p>\n<p><strong>N\u00e5 blir vi <\/strong>stadig flere eldre, ser og h\u00f8rer d\u00e5rlig. M\u00e5 man virkelig alarmere p\u00e5r\u00f8rende eller annen hjelp for \u00e5 f\u00e5 bestilt en taxi? Dette \u00abt\u00f8vet\u00bb m\u00e5 noen gripe fatt i og f\u00e5 endret, som nevnt, det er krav om at slike tjenester skal v\u00e6re universelle. Hva blir det neste? Kanskje jeg heller kan foresl\u00e5 en robot som kunne komme \u00e5 str\u00f8 sand p\u00e5 h\u00e5lkef\u00f8ret? Vi skal jo bo trygt hjemme m\u00e5 vite! Velkommen skal DEN v\u00e6re!<\/p>\n","protected":false},"excerpt":{"rendered":"Skrevet av: Arvid Eliseussen I v\u00e5r alder m\u00e5 vi nok belage oss p\u00e5 \u00e5 bruke taxi mer og&hellip;\n","protected":false},"author":2,"featured_media":107035,"comment_status":"","ping_status":"","sticky":false,"template":"","format":"standard","meta":{"footnotes":""},"categories":[58],"tags":[71,30,28,29,72],"class_list":{"0":"post-107034","1":"post","2":"type-post","3":"status-publish","4":"format-standard","5":"has-post-thumbnail","7":"category-underholdning","8":"tag-entertainment","9":"tag-no","10":"tag-norge","11":"tag-norway","12":"tag-underholdning"},"share_on_mastodon":{"url":"https:\/\/pubeurope.com\/@no\/115681528568221156","error":""},"_links":{"self":[{"href":"https:\/\/www.europesays.com\/no\/wp-json\/wp\/v2\/posts\/107034","targetHints":{"allow":["GET"]}}],"collection":[{"href":"https:\/\/www.europesays.com\/no\/wp-json\/wp\/v2\/posts"}],"about":[{"href":"https:\/\/www.europesays.com\/no\/wp-json\/wp\/v2\/types\/post"}],"author":[{"embeddable":true,"href":"https:\/\/www.europesays.com\/no\/wp-json\/wp\/v2\/users\/2"}],"replies":[{"embeddable":true,"href":"https:\/\/www.europesays.com\/no\/wp-json\/wp\/v2\/comments?post=107034"}],"version-history":[{"count":0,"href":"https:\/\/www.europesays.com\/no\/wp-json\/wp\/v2\/posts\/107034\/revisions"}],"wp:featuredmedia":[{"embeddable":true,"href":"https:\/\/www.europesays.com\/no\/wp-json\/wp\/v2\/media\/107035"}],"wp:attachment":[{"href":"https:\/\/www.europesays.com\/no\/wp-json\/wp\/v2\/media?parent=107034"}],"wp:term":[{"taxonomy":"category","embeddable":true,"href":"https:\/\/www.europesays.com\/no\/wp-json\/wp\/v2\/categories?post=107034"},{"taxonomy":"post_tag","embeddable":true,"href":"https:\/\/www.europesays.com\/no\/wp-json\/wp\/v2\/tags?post=107034"}],"curies":[{"name":"wp","href":"https:\/\/api.w.org\/{rel}","templated":true}]}}