{"id":107038,"date":"2025-12-08T02:21:15","date_gmt":"2025-12-08T02:21:15","guid":{"rendered":"https:\/\/www.europesays.com\/no\/107038\/"},"modified":"2025-12-08T02:21:15","modified_gmt":"2025-12-08T02:21:15","slug":"haugesund-handel-sa-de-skulle-legge-ned-i-januar-na-er-det-julesalg","status":"publish","type":"post","link":"https:\/\/www.europesays.com\/no\/107038\/","title":{"rendered":"Haugesund, Handel | Sa de skulle legge ned i januar \u2013 n\u00e5 er det julesalg"},"content":{"rendered":"\n<p><b>HAUGESUND: <\/b>I januar i fjor la daglig leder Per Sigvald Lyngholm ut melding om at de m\u00e5tte legge ned Kroneland, og det <a href=\"https:\/\/www.h-avis.no\/legger-ned-butikken-bare-trist\/s\/5-62-1811807\" rel=\"Follow nofollow noopener\" target=\"_blank\">ble satt i gang opph\u00f8rssalg. <\/a><\/p>\n<p>Butikken flyttet til S\u00f8rhaug i november 2022, etter \u00e5 ha hatt gode \u00e5r i samme bygg som Plantasjen i Spannavegen.<\/p>\n<p>P\u00e5 S\u00f8rhaug ble det fort vanskelig. Omsetningen dalte. I 2022 omsatte Kroneland for godt over fem millioner i Spannavegen.<\/p>\n<p>Den mindre sentrale plasseringen p\u00e5 S\u00f8rhaug gjorde det vanskeligere \u00e5 f\u00e5 tak i kundene.<\/p>\n<p><b>\u2013 Forskjellen er at her m\u00e5 vi skaffe kundene p\u00e5 en annen m\u00e5te. I lokalene ved Spannavegen dro alle kundene innom de forskjellige butikkene, fortalte Lyngholm et halvt \u00e5rs tid etter at de flyttet inn i de nye lokalene. <\/b><\/p>\n<p>I januar i fjor tok han alts\u00e5 et valg om \u00e5 stenge, men utelukket samtidig ikke at de kunne gj\u00f8re et comeback.<\/p>\n<p>Den gang sa han at de la ned etter sviktende omsetningen, men ville selge ut varene de hadde p\u00e5 lager.<\/p>\n<p><b>\u2013 Det tar nok et par m\u00e5neder, sa han den gangen. <\/b><\/p>\n<p>   <img decoding=\"async\" width=\"600\" height=\"501\" fetchpriority=\"low\"  loading=\"lazy\"  src=\"https:\/\/www.europesays.com\/no\/wp-content\/uploads\/2025\/12\/473348165_1445592676625564_6048807572321051739_n.jpg\" alt=\"\" class=\"brick-c-cFOWSL\" style=\"--brick-image-ratio: 600 \/ 501;\"\/><\/p>\n<p>      OPPH\u00d8RSSALG: Dette bildet ble lagt ut p\u00e5 Kronelands Facebook i januar i fjor. Men de har holdt \u00e5pent siden den gang. N\u00e5 er det nytt opph\u00f8rssalg. <\/p>\n<p>  \u00c5pent hele veien<\/p>\n<p>Et par m\u00e5neder har snart blitt et \u00e5r.<\/p>\n<p>Kroneland holder stadig \u00e5pent, og har den siste tiden kj\u00f8rt i gang med julesalg.<\/p>\n<p>Haugesunds Avis sl\u00e5r igjen p\u00e5 tr\u00e5den til Lyngholm for \u00e5 sp\u00f8rre hva som har skjedd siden sist.<\/p>\n<p><b>\u2013 Forklaringen er at vi etter \u00f8nske fra b\u00e5de kunder og ansatte bestemte oss for \u00e5 pr\u00f8ve litt til. Vi forandret litt p\u00e5 konseptet, og fikk inn nye varer. Det viste seg snart at det ikke ville v\u00e6re l\u00f8nnsomt \u00e5 drive videre, til tross for kostnadskudd, skriver han i en SMS. <\/b><\/p>\n<p><b>Les flere saker: <\/b><\/p>\n<p>  <a href=\"https:\/\/www.h-avis.no\/5-62-1811807\" class=\"related-teaser has-image default-story-teaser article--c-eRUmMG article--c-eRUmMG-jKCPdD-design-default\" rel=\"nofollow noopener\" target=\"_blank\"><\/p>\n<p>    <img decoding=\"async\" loading=\"lazy\"  src=\"https:\/\/www.europesays.com\/no\/wp-content\/uploads\/2025\/12\/unnamed-7.jpg\" alt=\"\" class=\"brick-c-cFOWSL\" style=\"\"\/><\/p>\n<p>\n            Les ogs\u00e5<\/p>\n<p>              Legger ned butikken: \u00abBare trist\u00bb\n        <\/p>\n<p>  <\/a><\/p>\n<p>  <a href=\"https:\/\/www.h-avis.no\/5-62-1569253\" class=\"related-teaser has-image default-story-teaser article--c-eRUmMG article--c-eRUmMG-jKCPdD-design-default\" rel=\"nofollow noopener\" target=\"_blank\"><\/p>\n<p>    <img decoding=\"async\" loading=\"lazy\"  src=\"https:\/\/www.europesays.com\/no\/wp-content\/uploads\/2025\/12\/unnamed-8.jpg\" alt=\"\" class=\"brick-c-cFOWSL\" style=\"\"\/><\/p>\n<p>\n            Les ogs\u00e5<\/p>\n<p>              M\u00e5 skaffe kunder p\u00e5 en annen m\u00e5te: \u2013 Utfordrende\n        <\/p>\n<p>  <\/a><\/p>\n<p>  <a href=\"https:\/\/www.h-avis.no\/5-62-1436525\" class=\"related-teaser has-image default-story-teaser article--c-eRUmMG article--c-eRUmMG-jKCPdD-design-default\" rel=\"nofollow noopener\" target=\"_blank\"><\/p>\n<p>    <img decoding=\"async\" loading=\"lazy\"  src=\"https:\/\/www.europesays.com\/no\/wp-content\/uploads\/2025\/12\/E31887CE-BB11-443D-801F-E282F97A02D1.jpeg\" alt=\"\" class=\"brick-c-cFOWSL\" style=\"\"\/><\/p>\n<p>\n            Les ogs\u00e5<\/p>\n<p>              N\u00e5 har butikken funnet nye lokaler: \u2013 Det var en voldsom glede\n        <\/p>\n<p>  <\/a><\/p>\n<p>  <a href=\"https:\/\/www.h-avis.no\/5-62-1409278\" class=\"related-teaser has-image default-story-teaser article--c-eRUmMG article--c-eRUmMG-jKCPdD-design-default\" rel=\"nofollow noopener\" target=\"_blank\"><\/p>\n<p>    <img decoding=\"async\" loading=\"lazy\"  src=\"https:\/\/www.europesays.com\/no\/wp-content\/uploads\/2025\/12\/6804E690-2BEE-40C7-B091-556EAAA4BFA2.jpeg\" alt=\"\" class=\"brick-c-cFOWSL\" style=\"\"\/><\/p>\n<p>\n            Les ogs\u00e5<\/p>\n<p>              M\u00e5 ut av lokalene: \u2013 Det er forferdelig\n        <\/p>\n<p>  <\/a><br \/>\n  Utelukker comeback p\u00e5 S\u00f8rhaug<\/p>\n<p>Men de stenger ikke helt enn\u00e5.<\/p>\n<p><b>\u2013 Det er kjedelig \u00e5 gi seg, men det vil nok fortsatt ta noen m\u00e5neder f\u00f8r vi stenger for godt. N\u00e5 blir det en fin avslutning \u00e5 kunne glede v\u00e5re trofaste kunder med opph\u00f8rssalg og salg p\u00e5 julevarer. <\/b><\/p>\n<p>   <img decoding=\"async\" width=\"5712\" height=\"4284\" fetchpriority=\"low\"  loading=\"lazy\"  src=\"https:\/\/www.europesays.com\/no\/wp-content\/uploads\/2025\/12\/image_93D521E6-027D-4D2F-9A5B-9C243BB307CF_1765116072_1.jpeg\" alt=\"\" class=\"brick-c-cFOWSL\" style=\"--brick-image-ratio: 5712 \/ 4284;\"\/><\/p>\n<p>      PLASSERINGSTR\u00d8BBEL: Kroneland har ikke lyktes p\u00e5 S\u00f8rhaug, if\u00f8lge daglig leder. Han savner deres gamle og mer sentrale plassering ved Plantasjen og Spar i Spannavegen.<br \/>\n      Foto: J\u00f8rgen Gr\u00f8nner\n    <\/p>\n<p>Han vil ikke si noe mer konkret om n\u00e5r de tror de stenger d\u00f8rene.<\/p>\n<p>\u2013 Det er avhengig av n\u00e5r vi f\u00e5r solgt ut. Jeg tenker et par m\u00e5neder over jul, skriver Lyngholm.<\/p>\n<p>\u2013 Utelukkes det et comeback denne gangen? <\/p>\n<p><b>\u2013 Da m\u00e5 det i s\u00e5 fall bli en annen plass. Det er ingen konkrete planer, sier han.<\/b><\/p>\n<p>\u2013 Er det plasseringen som gj\u00f8r at det ikke blir l\u00f8nnsomt nok? <\/p>\n<p><b>\u2013 Det handler nok om plassering. Kundene kommenterer daglig at det var mye bedre da vi l\u00e5 mer sentralt, sier han. <\/b><\/p>\n","protected":false},"excerpt":{"rendered":"HAUGESUND: I januar i fjor la daglig leder Per Sigvald Lyngholm ut melding om at de m\u00e5tte legge&hellip;\n","protected":false},"author":2,"featured_media":107039,"comment_status":"","ping_status":"","sticky":false,"template":"","format":"standard","meta":{"footnotes":""},"categories":[56],"tags":[36,60,61,3523,1337,62,30,28,29,1510],"class_list":{"0":"post-107038","1":"post","2":"type-post","3":"status-publish","4":"format-standard","5":"has-post-thumbnail","7":"category-naeringsliv","8":"tag-art","9":"tag-business","10":"tag-economy","11":"tag-handel","12":"tag-haugesund","13":"tag-naeringsliv","14":"tag-no","15":"tag-norge","16":"tag-norway","17":"tag-story"},"share_on_mastodon":{"url":"https:\/\/pubeurope.com\/@no\/115681564213326772","error":""},"_links":{"self":[{"href":"https:\/\/www.europesays.com\/no\/wp-json\/wp\/v2\/posts\/107038","targetHints":{"allow":["GET"]}}],"collection":[{"href":"https:\/\/www.europesays.com\/no\/wp-json\/wp\/v2\/posts"}],"about":[{"href":"https:\/\/www.europesays.com\/no\/wp-json\/wp\/v2\/types\/post"}],"author":[{"embeddable":true,"href":"https:\/\/www.europesays.com\/no\/wp-json\/wp\/v2\/users\/2"}],"replies":[{"embeddable":true,"href":"https:\/\/www.europesays.com\/no\/wp-json\/wp\/v2\/comments?post=107038"}],"version-history":[{"count":0,"href":"https:\/\/www.europesays.com\/no\/wp-json\/wp\/v2\/posts\/107038\/revisions"}],"wp:featuredmedia":[{"embeddable":true,"href":"https:\/\/www.europesays.com\/no\/wp-json\/wp\/v2\/media\/107039"}],"wp:attachment":[{"href":"https:\/\/www.europesays.com\/no\/wp-json\/wp\/v2\/media?parent=107038"}],"wp:term":[{"taxonomy":"category","embeddable":true,"href":"https:\/\/www.europesays.com\/no\/wp-json\/wp\/v2\/categories?post=107038"},{"taxonomy":"post_tag","embeddable":true,"href":"https:\/\/www.europesays.com\/no\/wp-json\/wp\/v2\/tags?post=107038"}],"curies":[{"name":"wp","href":"https:\/\/api.w.org\/{rel}","templated":true}]}}