{"id":107040,"date":"2025-12-08T02:28:09","date_gmt":"2025-12-08T02:28:09","guid":{"rendered":"https:\/\/www.europesays.com\/no\/107040\/"},"modified":"2025-12-08T02:28:09","modified_gmt":"2025-12-08T02:28:09","slug":"eigersund-lund-naeringslivsloggen-nytt-selskap-skal-selge-kaffe-og-te-pa-nett","status":"publish","type":"post","link":"https:\/\/www.europesays.com\/no\/107040\/","title":{"rendered":"Eigersund, Lund | N\u00e6ringslivsloggen: Nytt selskap skal selge kaffe og te p\u00e5 nett"},"content":{"rendered":"<p>  Nyregistrering<\/p>\n<p><b>Christin Larsen<\/b> innehaver av et nyopprettet enkeltpersonforetak med samme navn. Hun skal drive med salg av kaffe og te p\u00e5 nett. Larsen holder til i Egersund.<\/p>\n<p>Fusjon<\/p>\n<p>Egersund Eiendomsutvikling AS, der <b>\u00d8yvind Espeland <\/b>er daglig leder,<b> Terje Midbr\u00f8d <\/b>styreleder og <b>Torbj\u00f8rn Helland<\/b> styremedlem, tar over Hafs\u00f8hagen AS. Det er de samme personene som er involverte i begge selskapene.<\/p>\n<p>Bohus Egersund AS er slettet i Foretaksregisteret etter fusjon med Bohus Butikkdrift AS.<\/p>\n<p>Endring av form\u00e5l<\/p>\n<p>Foretaket til lundd\u00f8len <b>Jan Ove Kjellesvik <\/b>skal heretter drive med lastebiltransport og utleie av bygg- og anleggsmaskiner. F\u00f8r var det godstransport og oppdrett av storfe som var form\u00e5let til selskapet.<\/p>\n<p>Endring av styre og daglig leder<\/p>\n<p>N\u00e5 er det <b>Evelina Meiryte<\/b> som er styreleder og daglig leder i Vasketaxi AS. F\u00f8r var det Frode Egebakken som hadde disse rollene. Egersundsselskapet leverer rengj\u00f8ringstjenester.<\/p>\n<p>Oppl\u00f8sning<\/p>\n<p><b>Skulevold r\u00f8rleggerfirma AS<\/b>, med forretningsadresse p\u00e5 Moi, er meldt oppl\u00f8st. Eventuelle krav\/innsigelser m\u00e5 meldes foretaket ved styrets leder, Martin Skulevold, innen seks uker fra 4. desember, st\u00e5r det i oppdateringen fra Br\u00f8nn\u00f8ysund.<\/p>\n<p>Endring av revisor<\/p>\n<p><b>Reklamehuset Fuglseth AS<\/b> har endret revisor. Tidligere brukte selskapet Pricewaterhousecoopers AS. N\u00e5 er det PwC Assurance som skal kontrollere virksomhetens \u00e5rsregnskap.<\/p>\n<p>  <a href=\"https:\/\/www.dalane-tidende.no\/5-101-822097\" class=\"related-teaser has-image default-story-teaser article--c-eRUmMG article--c-eRUmMG-jKCPdD-design-default\" rel=\"nofollow noopener\" target=\"_blank\"><\/p>\n<p>    <img decoding=\"async\" loading=\"lazy\"  src=\"https:\/\/www.europesays.com\/no\/wp-content\/uploads\/2025\/12\/KwBFFGE9WWY.jpg\" alt=\"\" class=\"brick-c-cFOWSL\" style=\"\"\/><\/p>\n<p>\n            Les ogs\u00e5<\/p>\n<p>              N\u00e6ringslivsloggen: Nytt selskap satser p\u00e5 utvikling av mobilapper\n        <\/p>\n<p>  <\/a><\/p>\n","protected":false},"excerpt":{"rendered":"Nyregistrering Christin Larsen innehaver av et nyopprettet enkeltpersonforetak med samme navn. Hun skal drive med salg av kaffe&hellip;\n","protected":false},"author":2,"featured_media":107041,"comment_status":"","ping_status":"","sticky":false,"template":"","format":"standard","meta":{"footnotes":""},"categories":[56],"tags":[36,60,61,88,1084,62,30,28,29,1510],"class_list":{"0":"post-107040","1":"post","2":"type-post","3":"status-publish","4":"format-standard","5":"has-post-thumbnail","7":"category-naeringsliv","8":"tag-art","9":"tag-business","10":"tag-economy","11":"tag-eigersund","12":"tag-lund","13":"tag-naeringsliv","14":"tag-no","15":"tag-norge","16":"tag-norway","17":"tag-story"},"share_on_mastodon":{"url":"https:\/\/pubeurope.com\/@no\/115681591756513819","error":""},"_links":{"self":[{"href":"https:\/\/www.europesays.com\/no\/wp-json\/wp\/v2\/posts\/107040","targetHints":{"allow":["GET"]}}],"collection":[{"href":"https:\/\/www.europesays.com\/no\/wp-json\/wp\/v2\/posts"}],"about":[{"href":"https:\/\/www.europesays.com\/no\/wp-json\/wp\/v2\/types\/post"}],"author":[{"embeddable":true,"href":"https:\/\/www.europesays.com\/no\/wp-json\/wp\/v2\/users\/2"}],"replies":[{"embeddable":true,"href":"https:\/\/www.europesays.com\/no\/wp-json\/wp\/v2\/comments?post=107040"}],"version-history":[{"count":0,"href":"https:\/\/www.europesays.com\/no\/wp-json\/wp\/v2\/posts\/107040\/revisions"}],"wp:featuredmedia":[{"embeddable":true,"href":"https:\/\/www.europesays.com\/no\/wp-json\/wp\/v2\/media\/107041"}],"wp:attachment":[{"href":"https:\/\/www.europesays.com\/no\/wp-json\/wp\/v2\/media?parent=107040"}],"wp:term":[{"taxonomy":"category","embeddable":true,"href":"https:\/\/www.europesays.com\/no\/wp-json\/wp\/v2\/categories?post=107040"},{"taxonomy":"post_tag","embeddable":true,"href":"https:\/\/www.europesays.com\/no\/wp-json\/wp\/v2\/tags?post=107040"}],"curies":[{"name":"wp","href":"https:\/\/api.w.org\/{rel}","templated":true}]}}