{"id":107042,"date":"2025-12-08T02:29:10","date_gmt":"2025-12-08T02:29:10","guid":{"rendered":"https:\/\/www.europesays.com\/no\/107042\/"},"modified":"2025-12-08T02:29:10","modified_gmt":"2025-12-08T02:29:10","slug":"thailand-har-gjennomfort-luftangrep-langs-grensen-til-kambodsja","status":"publish","type":"post","link":"https:\/\/www.europesays.com\/no\/107042\/","title":{"rendered":"Thailand har gjennomf\u00f8rt luftangrep langs grensen til Kambodsja"},"content":{"rendered":"\n<p class=\"_lead_o9xde_2 _lead_xtcu6_50 layout-component text-serif-m layout-normal text-serif-l layout-component layout-wide layout-padded _wide_17hqh_1 layout-padded\">En thailandsk soldat er drept og flere andre s\u00e5ret i grensekamper med Kambodsja, if\u00f8lge den thailandske h\u00e6ren.<\/p>\n<ul aria-hidden=\"true\" class=\"_images_ntbth_112\">\n<li><a class=\"_link_ntbth_117\" href=\"https:\/\/www.vg.no\/forfatter\/ntb\" style=\"z-index:1\" title=\"NTB\" rel=\"nofollow noopener\" target=\"_blank\"><img alt=\"Bilde av NTB\" class=\"_image_ntbth_93\" fetchpriority=\"low\" loading=\"lazy\" decoding=\"async\" itemprop=\"image\"  src=\"https:\/\/www.europesays.com\/no\/wp-content\/uploads\/2025\/12\/1765160948_653_c33980b0-5d07-4027-84a1-813f90a7c8d6\"  width=\"480\"\/><\/a><\/li>\n<\/ul>\n<p> Oppdatert mandag 8. desember kl. 03:23     <\/p>\n<p class=\"_paragraph_o9xde_4 _paragraph_xtcu6_10 layout-component text-serif-m layout-normal text-serif-m layout-padded\">Talsperson for den thailandske h\u00e6ren, Winthai Suvaree, sier at kambodsjanske styrker mandag morgen \u00e5pnet ild mot thailandske soldater i provinsen Ubon Ratchathani.<\/p>\n<p class=\"_paragraph_o9xde_4 _paragraph_xtcu6_10 layout-component text-serif-m layout-normal text-serif-m layout-padded\">If\u00f8lge Suvaree ble en thailandsk soldat drept, mens ytterligere fire ble s\u00e5ret. Han sier <a href=\"https:\/\/www.vg.no\/tag\/thailand?utm_source=vg-article&amp;utm_medium=auto-tagger&amp;utm_campaign=3pjB8P\" class=\"_link_o9xde_39\" rel=\"nofollow noopener\" target=\"_blank\">Thailand<\/a> har gjennomf\u00f8rt luftangrep langs grensen til Kambodsja.<\/p>\n<p class=\"_paragraph_o9xde_4 _paragraph_xtcu6_10 layout-component text-serif-m layout-normal text-serif-m layout-padded\">Kambodsjas forsvarsdepartement sier p\u00e5 sin side at thailandske styrker innledet et angrep p\u00e5 deres styrker i grenseprovinsene Preah Vihear og Oddar Meanchey, og at Kambodsja ikke har gjengjeldt angrepet.<\/p>\n<p class=\"_paragraph_o9xde_4 _paragraph_xtcu6_10 layout-component text-serif-m layout-normal text-serif-m layout-padded\">Begge land har anklager hverandre for \u00e5 bryte en v\u00e5penhvileavtalen som ble signert p\u00e5 Asean-m\u00f8tet i Malaysia 26. oktober under oppsyn av USAs president Donald Trump.<\/p>\n<p class=\"_paragraph_o9xde_4 _paragraph_xtcu6_10 layout-component text-serif-m layout-normal text-serif-m layout-padded\">Konflikten, som eskalerte til krig i juli, har r\u00f8tter i en langvarig strid om blant annet flere grensetempler ved den 800 kilometer lange grensen mellom de to landene. En uklar grenseoppgang gjort av franske koloniadministratorer i 1907 har f\u00f8rt til at begge nasjoner gj\u00f8r krav p\u00e5 de omstridte templene.<\/p>\n<p>    <img decoding=\"async\" alt=\"Tips oss illustrasjon\" src=\"https:\/\/www.europesays.com\/no\/wp-content\/uploads\/2025\/10\/pssst-small.webp.webp\"\/>    <\/p>\n<p class=\"title-serif-s\">Har du tips?<\/p>\n<p class=\"text-sans-m\">Send oss informasjon, bilder eller video.<\/p>\n<p>  <a href=\"https:\/\/www.vg.no\/tips-oss\" rel=\"nofollow noopener\" target=\"_blank\"> Tips oss <\/a>      <\/p>\n","protected":false},"excerpt":{"rendered":"En thailandsk soldat er drept og flere andre s\u00e5ret i grensekamper med Kambodsja, if\u00f8lge den thailandske h\u00e6ren. Oppdatert&hellip;\n","protected":false},"author":2,"featured_media":107043,"comment_status":"","ping_status":"","sticky":false,"template":"","format":"standard","meta":{"footnotes":""},"categories":[12],"tags":[20,21,24,25,15,3549,22,23,13,30,28,29,14,16,745,26,27,42,43,44,45],"class_list":{"0":"post-107042","1":"post","2":"type-post","3":"status-publish","4":"format-standard","5":"has-post-thumbnail","7":"category-verden","8":"tag-breaking-news","9":"tag-breakingnews","10":"tag-featured-news","11":"tag-featurednews","12":"tag-headlines","13":"tag-kambodsja","14":"tag-latest-news","15":"tag-latestnews","16":"tag-news","17":"tag-no","18":"tag-norge","19":"tag-norway","20":"tag-nyheter","21":"tag-overskrifter","22":"tag-thailand","23":"tag-top-stories","24":"tag-topstories","25":"tag-verden","26":"tag-world","27":"tag-world-news","28":"tag-worldnews"},"share_on_mastodon":{"url":"https:\/\/pubeurope.com\/@no\/115681595615070978","error":""},"_links":{"self":[{"href":"https:\/\/www.europesays.com\/no\/wp-json\/wp\/v2\/posts\/107042","targetHints":{"allow":["GET"]}}],"collection":[{"href":"https:\/\/www.europesays.com\/no\/wp-json\/wp\/v2\/posts"}],"about":[{"href":"https:\/\/www.europesays.com\/no\/wp-json\/wp\/v2\/types\/post"}],"author":[{"embeddable":true,"href":"https:\/\/www.europesays.com\/no\/wp-json\/wp\/v2\/users\/2"}],"replies":[{"embeddable":true,"href":"https:\/\/www.europesays.com\/no\/wp-json\/wp\/v2\/comments?post=107042"}],"version-history":[{"count":0,"href":"https:\/\/www.europesays.com\/no\/wp-json\/wp\/v2\/posts\/107042\/revisions"}],"wp:featuredmedia":[{"embeddable":true,"href":"https:\/\/www.europesays.com\/no\/wp-json\/wp\/v2\/media\/107043"}],"wp:attachment":[{"href":"https:\/\/www.europesays.com\/no\/wp-json\/wp\/v2\/media?parent=107042"}],"wp:term":[{"taxonomy":"category","embeddable":true,"href":"https:\/\/www.europesays.com\/no\/wp-json\/wp\/v2\/categories?post=107042"},{"taxonomy":"post_tag","embeddable":true,"href":"https:\/\/www.europesays.com\/no\/wp-json\/wp\/v2\/tags?post=107042"}],"curies":[{"name":"wp","href":"https:\/\/api.w.org\/{rel}","templated":true}]}}