{"id":107067,"date":"2025-12-08T04:40:49","date_gmt":"2025-12-08T04:40:49","guid":{"rendered":"https:\/\/www.europesays.com\/no\/107067\/"},"modified":"2025-12-08T04:40:49","modified_gmt":"2025-12-08T04:40:49","slug":"na-er-stig-laegdene-blitt-biskop","status":"publish","type":"post","link":"https:\/\/www.europesays.com\/no\/107067\/","title":{"rendered":"N\u00e5 er Stig L\u00e6gdene blitt biskop"},"content":{"rendered":"<p>    BISKOP: \u2013 I kirke, samfunn, verden og familien m\u00e5 vi \u00f8ve oss i \u00e5 t\u00e5le<br \/>\nhverandre ogs\u00e5 n\u00e5r vi er dypt uenige, sa den nyinnsatte biskopen i Nord-H\u00e5logaland i sin preken.<\/p>\n<p>\n        B\u00d8NN: Stig L\u00e6gdene under vigslingsb\u00f8nnen i Troms\u00f8 domkirke.<br \/>\n        Rune Stoltz Bertinussen \/ NTB\n    <\/p>\n<p>                Bestill abonnement her<\/p>\n<p>\n                    <a class=\"lab-paywall-teaser-offer-button\" href=\"http:\/\/kampanje.vl.no\/betalingsmur\" rel=\"nofollow noopener\" target=\"_blank\">KJ\u00d8P<\/a>\n                <\/p>\n","protected":false},"excerpt":{"rendered":"BISKOP: \u2013 I kirke, samfunn, verden og familien m\u00e5 vi \u00f8ve oss i \u00e5 t\u00e5le hverandre ogs\u00e5 n\u00e5r&hellip;\n","protected":false},"author":2,"featured_media":107068,"comment_status":"","ping_status":"","sticky":false,"template":"","format":"standard","meta":{"footnotes":""},"categories":[5],"tags":[20,21,24,25,15,19,22,23,17,18,13,30,28,29,14,16,26,27],"class_list":{"0":"post-107067","1":"post","2":"type-post","3":"status-publish","4":"format-standard","5":"has-post-thumbnail","7":"category-overskrifter","8":"tag-breaking-news","9":"tag-breakingnews","10":"tag-featured-news","11":"tag-featurednews","12":"tag-headlines","13":"tag-hovedoppslag","14":"tag-latest-news","15":"tag-latestnews","16":"tag-main-news","17":"tag-mainnews","18":"tag-news","19":"tag-no","20":"tag-norge","21":"tag-norway","22":"tag-nyheter","23":"tag-overskrifter","24":"tag-top-stories","25":"tag-topstories"},"share_on_mastodon":{"url":"https:\/\/pubeurope.com\/@no\/115682114476690350","error":""},"_links":{"self":[{"href":"https:\/\/www.europesays.com\/no\/wp-json\/wp\/v2\/posts\/107067","targetHints":{"allow":["GET"]}}],"collection":[{"href":"https:\/\/www.europesays.com\/no\/wp-json\/wp\/v2\/posts"}],"about":[{"href":"https:\/\/www.europesays.com\/no\/wp-json\/wp\/v2\/types\/post"}],"author":[{"embeddable":true,"href":"https:\/\/www.europesays.com\/no\/wp-json\/wp\/v2\/users\/2"}],"replies":[{"embeddable":true,"href":"https:\/\/www.europesays.com\/no\/wp-json\/wp\/v2\/comments?post=107067"}],"version-history":[{"count":0,"href":"https:\/\/www.europesays.com\/no\/wp-json\/wp\/v2\/posts\/107067\/revisions"}],"wp:featuredmedia":[{"embeddable":true,"href":"https:\/\/www.europesays.com\/no\/wp-json\/wp\/v2\/media\/107068"}],"wp:attachment":[{"href":"https:\/\/www.europesays.com\/no\/wp-json\/wp\/v2\/media?parent=107067"}],"wp:term":[{"taxonomy":"category","embeddable":true,"href":"https:\/\/www.europesays.com\/no\/wp-json\/wp\/v2\/categories?post=107067"},{"taxonomy":"post_tag","embeddable":true,"href":"https:\/\/www.europesays.com\/no\/wp-json\/wp\/v2\/tags?post=107067"}],"curies":[{"name":"wp","href":"https:\/\/api.w.org\/{rel}","templated":true}]}}