{"id":107080,"date":"2025-12-08T05:50:10","date_gmt":"2025-12-08T05:50:10","guid":{"rendered":"https:\/\/www.europesays.com\/no\/107080\/"},"modified":"2025-12-08T05:50:10","modified_gmt":"2025-12-08T05:50:10","slug":"manedskortet-kan-bli-150-kroner-billigere","status":"publish","type":"post","link":"https:\/\/www.europesays.com\/no\/107080\/","title":{"rendered":"M\u00e5nedskortet kan bli 150 kroner billigere"},"content":{"rendered":"<p class=\"extendedContent hyperion-css-eyn926\" data-test-tag=\"lead-text\">Byr\u00e5det har slitt med valgl\u00f8ftet om m\u00e5nedskort til 499 kroner, men f\u00e5r n\u00e5 hjelp fra uventet hold: En MDG-seier i statsbudsjettet kutter prisen med en hundrelapp.<\/p>\n<p><img decoding=\"async\" class=\"image-asset hyperion-css-3y3paa\" data-test-tag=\"image-asset\" src=\"https:\/\/www.europesays.com\/no\/wp-content\/uploads\/2025\/12\/706369ec-b1c0-49a2-856e-94f532db1a7c\"  alt=\"Samferdselsbyr\u00e5d Marit Kristine Vea (V) i Oslo vil gjerne gi de reisende billigere m\u00e5nedkort. N\u00e5 f\u00e5r hun penger fra staten til \u00e5 gj\u00f8re nettopp det.\"  loading=\"eager\" fetchpriority=\"high\" style=\"aspect-ratio:2048 \/ 1366\"\/>Samferdselsbyr\u00e5d Marit Kristine Vea (V) i Oslo vil gjerne gi de reisende billigere m\u00e5nedkort. N\u00e5 f\u00e5r hun penger fra staten til \u00e5 gj\u00f8re nettopp det. Foto: Dan P. Neegaard<\/p>\n<p>Publisert: 08.12.2025 05:49<\/p>\n<p class=\"paywall hyperion-css-1j42uic\">H\u00f8yre-Venstre-byr\u00e5det i Oslo har tidligere varslet betydelig kutt i kommune\u00f8konomien, blant annet som f\u00f8lge av det nye inntektssystemet, som inneb\u00e6rer at Oslo m\u00e5 gi fra seg mer av skatteinntektene sine.<\/p>\n<p class=\"paywall hyperion-css-1j42uic\">Det har g\u00e5tt hardt ut over byr\u00e5dets valgl\u00f8fter. De lovet blant annet \u00e5 sette ned prisen p\u00e5 m\u00e5nedskort til 499 kroner i l\u00f8pet av perioden, som n\u00e5 er halvg\u00e5tt.<\/p>\n<p class=\"hyperion-css-1qm9e9t\">Les hele saken med abonnement<\/p>\n<p>Allerede abonnent? Logg inn<\/p>\n","protected":false},"excerpt":{"rendered":"Byr\u00e5det har slitt med valgl\u00f8ftet om m\u00e5nedskort til 499 kroner, men f\u00e5r n\u00e5 hjelp fra uventet hold: En&hellip;\n","protected":false},"author":2,"featured_media":107081,"comment_status":"","ping_status":"","sticky":false,"template":"","format":"standard","meta":{"footnotes":""},"categories":[10],"tags":[20,21,24,25,15,22,23,13,30,28,29,14,16,26,27],"class_list":{"0":"post-107080","1":"post","2":"type-post","3":"status-publish","4":"format-standard","5":"has-post-thumbnail","7":"category-norge","8":"tag-breaking-news","9":"tag-breakingnews","10":"tag-featured-news","11":"tag-featurednews","12":"tag-headlines","13":"tag-latest-news","14":"tag-latestnews","15":"tag-news","16":"tag-no","17":"tag-norge","18":"tag-norway","19":"tag-nyheter","20":"tag-overskrifter","21":"tag-top-stories","22":"tag-topstories"},"share_on_mastodon":{"url":"https:\/\/pubeurope.com\/@no\/115682386042017073","error":""},"_links":{"self":[{"href":"https:\/\/www.europesays.com\/no\/wp-json\/wp\/v2\/posts\/107080","targetHints":{"allow":["GET"]}}],"collection":[{"href":"https:\/\/www.europesays.com\/no\/wp-json\/wp\/v2\/posts"}],"about":[{"href":"https:\/\/www.europesays.com\/no\/wp-json\/wp\/v2\/types\/post"}],"author":[{"embeddable":true,"href":"https:\/\/www.europesays.com\/no\/wp-json\/wp\/v2\/users\/2"}],"replies":[{"embeddable":true,"href":"https:\/\/www.europesays.com\/no\/wp-json\/wp\/v2\/comments?post=107080"}],"version-history":[{"count":0,"href":"https:\/\/www.europesays.com\/no\/wp-json\/wp\/v2\/posts\/107080\/revisions"}],"wp:featuredmedia":[{"embeddable":true,"href":"https:\/\/www.europesays.com\/no\/wp-json\/wp\/v2\/media\/107081"}],"wp:attachment":[{"href":"https:\/\/www.europesays.com\/no\/wp-json\/wp\/v2\/media?parent=107080"}],"wp:term":[{"taxonomy":"category","embeddable":true,"href":"https:\/\/www.europesays.com\/no\/wp-json\/wp\/v2\/categories?post=107080"},{"taxonomy":"post_tag","embeddable":true,"href":"https:\/\/www.europesays.com\/no\/wp-json\/wp\/v2\/tags?post=107080"}],"curies":[{"name":"wp","href":"https:\/\/api.w.org\/{rel}","templated":true}]}}