{"id":107084,"date":"2025-12-08T05:52:19","date_gmt":"2025-12-08T05:52:19","guid":{"rendered":"https:\/\/www.europesays.com\/no\/107084\/"},"modified":"2025-12-08T05:52:19","modified_gmt":"2025-12-08T05:52:19","slug":"sport-fotball-svensk-avis-om-lokal-trener-na-er-det-sluttforhandlinger","status":"publish","type":"post","link":"https:\/\/www.europesays.com\/no\/107084\/","title":{"rendered":"Sport, Fotball | Svensk avis om lokal trener: \u2013 N\u00e5 er det sluttforhandlinger"},"content":{"rendered":"\n<p><b>FOTBALL: <\/b>Endre Eide har nytt stor suksess i Egersund denne sesongen. I hans f\u00f8rste sesong som hovedtrener i klubben f\u00f8rte han klubben til en sterk 5. plass i 1. divisjon.<\/p>\n<p>I kvaliken til Eliteserien r\u00f8k laget p\u00e5 overtid mot Aalesund. <\/p>\n<p>N\u00e5 blir Eides prestasjoner lagt merke til. <\/p>\n<p>\u2013 Skjer det, s\u00e5 skjer det<\/p>\n<p>Allerede i oktober ble han koblet til den svenske klubben \u00d6ster, som spiller p\u00e5 niv\u00e5 to i Sverige. <\/p>\n<p><b>\u2013 Jeg tenker at det er naturlig i seg selv. Det er en del av mekanismene i fotballen. Samtidig s\u00e5 er jeg veldig avslappet til det. Jeg er ganske rolig n\u00e5r det kommer til slike ting. Skjer det, s\u00e5 skjer det. Skjer det ikke, s\u00e5 skjer det ikke, sa Eide om spekulasjonene <a href=\"https:\/\/www.kvinnheringen.no\/draumen-rauk-i-siste-minutt-stolt-over-a-ha-vore-med-pa-eit-lite-eventyr\/s\/5-27-612620\" rel=\"Follow nofollow noopener\" target=\"_blank\">til Kvinnheringen<\/a> etter kvaliktapet mot Aalesund. <\/b><\/p>\n<p>\u2013 Jobber for \u00e5 komme overens<\/p>\n<p><b>N\u00e5 melder alts\u00e5 den svenske storavisen <\/b><a href=\"https:\/\/www.expressen.se\/sport\/fotboll\/superettan\/endre-eide-slutforhandlar-med-oster\/\" rel=\"Follow nofollow noopener\" target=\"_blank\">Expressen<\/a> <b>at det er sluttforhandlinger mellom Eide og \u00d6sters, som nylig rykket ned fra Allsvenskan.<\/b><\/p>\n<p><b>\u2013 Expressen erfarer at \u00d6ster sluttforhandler om \u00e5 kj\u00f8pe Endre Eide fra Egersund, der partene akkurat n\u00e5 jobber for \u00e5 komme overens, skriver avisen.<\/b><\/p>\n<p>Ingenting er klart eller skrevet under, men \u00d6ster h\u00e5per if\u00f8lge Expressen \u00e5 kunne ha nordmannen p\u00e5 plass i l\u00f8pet av noen uker.<\/p>\n<p>Haugesunds Avis har fors\u00f8kt \u00e5 f\u00e5 Endre Eide i tale, uten \u00e5 lykkes. <\/p>\n<p> Ville ha Eide til FKH<\/p>\n<p>Endre Eide er opprinnelig fra Husnes i Kvinnherad. Etter \u00e5 ha v\u00e6rt spiller i FKH-akademiet, bestemte han seg tidlig for \u00e5 satse som trener.<\/p>\n<p>Etter \u00e5 ha v\u00e6rt hovedtrener i blant annet Vedav\u00e5g, Djerv 1919 og Avaldsnes, var Eide assistenttrener under Sindre Tjelmeland i Start.<\/p>\n<p>Etterp\u00e5 tok han samme jobb i Egersund, f\u00f8r han overtok hovedtreneransvaret f\u00f8r \u00e5rets sesong. <\/p>\n<p>31-\u00e5ringen har ved flere anledninger blitt koblet til en jobb i FKH, senest da Sancheev Manoharan fikk sparken sist mai.<\/p>\n<p>Da var Eide FKH-ekspert Johannes Dale Huseb\u00f8s toppkandidat til FKH-jobben.<\/p>\n<p><b>\u2013 Det hadde v\u00e6rt helt r\u00e5tt.<\/b><b> Han vet hvordan han skal f\u00e5 det beste ut av spillerne. Jeg tror han ville v\u00e6re b\u00e5nntent for en s\u00e5nn oppgave. I mitt hode hadde det v\u00e6rt r\u00e5kult, <a href=\"https:\/\/www.h-avis.no\/incoming\/5-62-1870386.html\" rel=\"Follow nofollow noopener\" target=\"_blank\">sa Huseb\u00f8 i Haugesunds Avis sin fotballpodkast Frelst<\/a>.<\/b><\/p>\n<p>N\u00e5 kan alts\u00e5 Endre Eide v\u00e6re p\u00e5 flyttefot, men ikke til FKH. Derimot kan Sverige v\u00e6re neste stoppested for den talentfulle treneren. <\/p>\n","protected":false},"excerpt":{"rendered":"FOTBALL: Endre Eide har nytt stor suksess i Egersund denne sesongen. I hans f\u00f8rste sesong som hovedtrener i&hellip;\n","protected":false},"author":2,"featured_media":107085,"comment_status":"","ping_status":"","sticky":false,"template":"","format":"standard","meta":{"footnotes":""},"categories":[59],"tags":[36,92,3130,30,28,29,83,82,1510],"class_list":{"0":"post-107084","1":"post","2":"type-post","3":"status-publish","4":"format-standard","5":"has-post-thumbnail","7":"category-sport","8":"tag-art","9":"tag-fotball","10":"tag-kvinnherad","11":"tag-no","12":"tag-norge","13":"tag-norway","14":"tag-sport","15":"tag-sports","16":"tag-story"},"share_on_mastodon":{"url":"https:\/\/pubeurope.com\/@no\/115682393659761017","error":""},"_links":{"self":[{"href":"https:\/\/www.europesays.com\/no\/wp-json\/wp\/v2\/posts\/107084","targetHints":{"allow":["GET"]}}],"collection":[{"href":"https:\/\/www.europesays.com\/no\/wp-json\/wp\/v2\/posts"}],"about":[{"href":"https:\/\/www.europesays.com\/no\/wp-json\/wp\/v2\/types\/post"}],"author":[{"embeddable":true,"href":"https:\/\/www.europesays.com\/no\/wp-json\/wp\/v2\/users\/2"}],"replies":[{"embeddable":true,"href":"https:\/\/www.europesays.com\/no\/wp-json\/wp\/v2\/comments?post=107084"}],"version-history":[{"count":0,"href":"https:\/\/www.europesays.com\/no\/wp-json\/wp\/v2\/posts\/107084\/revisions"}],"wp:featuredmedia":[{"embeddable":true,"href":"https:\/\/www.europesays.com\/no\/wp-json\/wp\/v2\/media\/107085"}],"wp:attachment":[{"href":"https:\/\/www.europesays.com\/no\/wp-json\/wp\/v2\/media?parent=107084"}],"wp:term":[{"taxonomy":"category","embeddable":true,"href":"https:\/\/www.europesays.com\/no\/wp-json\/wp\/v2\/categories?post=107084"},{"taxonomy":"post_tag","embeddable":true,"href":"https:\/\/www.europesays.com\/no\/wp-json\/wp\/v2\/tags?post=107084"}],"curies":[{"name":"wp","href":"https:\/\/api.w.org\/{rel}","templated":true}]}}