{"id":107092,"date":"2025-12-08T06:05:01","date_gmt":"2025-12-08T06:05:01","guid":{"rendered":"https:\/\/www.europesays.com\/no\/107092\/"},"modified":"2025-12-08T06:05:01","modified_gmt":"2025-12-08T06:05:01","slug":"jubler-etter-lok-drama-dinside","status":"publish","type":"post","link":"https:\/\/www.europesays.com\/no\/107092\/","title":{"rendered":"Jubler etter l\u00f8k-drama &#8211; DinSide"},"content":{"rendered":"<ol>\n<li><a href=\"https:\/\/news.google.com\/rss\/articles\/CBMidkFVX3lxTE1TV2Y1R1FRU0R4YndkZTN5RC1Rcy05TW0xU0FGaFZjenZ4NUtwb3ZpeEg5R3FXSlFiSGlXakhhcm0zTzZacmRrWWxPdXRZZlE3XzlXaXowXzhJSkZNbGxuSGdfM29vSFZFdG16LUdyZE9HQnBLZVE?oc=5\" target=\"_blank\" rel=\"nofollow noopener\">Jubler etter l\u00f8k-drama<\/a>&nbsp;&nbsp;DinSide<\/li>\n<li><a href=\"https:\/\/news.google.com\/rss\/articles\/CBMiqAFBVV95cUxQVEZKcFh2SXpaYW5WdHp6ak1iQVVsSGZBS3Z5a1NRbldaWEFLaVg4aUxldWJXdnVjaXFfOWF2ZkliaDV0VVNvVmYycEduOW5feVdkaTV4TTVZbFhlZW4tOTEzUnZpc2hlWnJ6b2RmWURVQ1M2cE9PMlBLM3FpaldjT2NNdzB5NGhidzZiQTUxTFpBcWJCb3U4Q0pLSm5qTDVyV0NfWm9QWHg?oc=5\" target=\"_blank\" rel=\"nofollow noopener\">Landbruksministeren raser mot S\u00f8reide etter l\u00f8kdrama<\/a>&nbsp;&nbsp;Aftenposten<\/li>\n<li><a href=\"https:\/\/news.google.com\/rss\/articles\/CBMilwFBVV95cUxOQ25fRWsxcExyX2kwMmFUVEFKSzBRaldjZExYOTA5cmJQNVdCZmNkMU9pSkdNOTlxRXRLbFU0YXlHcF9BSWJxSGwxZFhWVHBFbDQ1ZDlQTk9vQzFqUXVXMEVCNEc1Z21jU01iQzB4MHdWZVpPWmhUdHFPaUc5bG9FWWxjVEZWWUFqenJUcmtBUmlueVZIMHE4?oc=5\" target=\"_blank\" rel=\"nofollow noopener\">L\u00f8ksuppe med kadmium<\/a>&nbsp;&nbsp;Nationen<\/li>\n<li><a href=\"https:\/\/news.google.com\/rss\/articles\/CBMiswFBVV95cUxOYnlXZGZOZklCQjQ3bGlhMGFZbnBHS0JwZ2pBd0dGd1hCOVVEM1htb2ZKdmdxNWZfU0lpX0xzMEIwcXhybTlJZmk3Nkk3Y1A5clNRUU9FckN0MG11Z2lCYkZibXJTRjZKMXdnSXc1Y2RtYS11Y056Nm1sVkhYdENpUTdZbEw2SUxxVnhGU2NXM0FZYmFzaG5LRFF1RUp0Y3BSbUF6WllHYnB1S3VTWHRNZGw4SQ?oc=5\" target=\"_blank\" rel=\"nofollow noopener\">L\u00f8k-skrell for Ap: \u2013 De har dummet seg ut<\/a>&nbsp;&nbsp;Nettavisen<\/li>\n<li><a href=\"https:\/\/news.google.com\/rss\/articles\/CBMiowFBVV95cUxQQjd6VEdzemU3QmJFWV9WWDk2WjR1Y0VfVEZ2TUx0U3BBVGc5YUhoejAyZFdudk1CV3Q4c3NjVEtJUVVtWi1hSFBrTXZDdVV1WmtRYVMzWnd4cjRCVDdCMnlfOTExVF9aVzFHUm9VWm1ndVZUMWl1Q0dmbUdpMWxWVjZCUE1ObmRMZzQyWjBLQnRLN1NUMXpxQmVucHJ1dFNhckVF?oc=5\" target=\"_blank\" rel=\"nofollow noopener\">Stange, Landbruk og skogbruk | Regjeringen trakk omstridt l\u00f8k-sak fra skjebnem\u00f8te med EU<\/a>&nbsp;&nbsp;Stangeavisa<\/li>\n<\/ol>\n","protected":false},"excerpt":{"rendered":"Jubler etter l\u00f8k-drama&nbsp;&nbsp;DinSide Landbruksministeren raser mot S\u00f8reide etter l\u00f8kdrama&nbsp;&nbsp;Aftenposten L\u00f8ksuppe med kadmium&nbsp;&nbsp;Nationen L\u00f8k-skrell for Ap: \u2013 De har&hellip;\n","protected":false},"author":2,"featured_media":107093,"comment_status":"","ping_status":"","sticky":false,"template":"","format":"standard","meta":{"footnotes":""},"categories":[10],"tags":[20,21,824,24,25,728,15,22,23,13126,737,3998,13,30,28,29,14,16,26,27],"class_list":{"0":"post-107092","1":"post","2":"type-post","3":"status-publish","4":"format-standard","5":"has-post-thumbnail","7":"category-norge","8":"tag-breaking-news","9":"tag-breakingnews","10":"tag-dagligvare","11":"tag-featured-news","12":"tag-featurednews","13":"tag-fritid","14":"tag-headlines","15":"tag-latest-news","16":"tag-latestnews","17":"tag-lok","18":"tag-mat","19":"tag-metadz","20":"tag-news","21":"tag-no","22":"tag-norge","23":"tag-norway","24":"tag-nyheter","25":"tag-overskrifter","26":"tag-top-stories","27":"tag-topstories"},"share_on_mastodon":{"url":"https:\/\/pubeurope.com\/@no\/115682444771760675","error":""},"_links":{"self":[{"href":"https:\/\/www.europesays.com\/no\/wp-json\/wp\/v2\/posts\/107092","targetHints":{"allow":["GET"]}}],"collection":[{"href":"https:\/\/www.europesays.com\/no\/wp-json\/wp\/v2\/posts"}],"about":[{"href":"https:\/\/www.europesays.com\/no\/wp-json\/wp\/v2\/types\/post"}],"author":[{"embeddable":true,"href":"https:\/\/www.europesays.com\/no\/wp-json\/wp\/v2\/users\/2"}],"replies":[{"embeddable":true,"href":"https:\/\/www.europesays.com\/no\/wp-json\/wp\/v2\/comments?post=107092"}],"version-history":[{"count":0,"href":"https:\/\/www.europesays.com\/no\/wp-json\/wp\/v2\/posts\/107092\/revisions"}],"wp:featuredmedia":[{"embeddable":true,"href":"https:\/\/www.europesays.com\/no\/wp-json\/wp\/v2\/media\/107093"}],"wp:attachment":[{"href":"https:\/\/www.europesays.com\/no\/wp-json\/wp\/v2\/media?parent=107092"}],"wp:term":[{"taxonomy":"category","embeddable":true,"href":"https:\/\/www.europesays.com\/no\/wp-json\/wp\/v2\/categories?post=107092"},{"taxonomy":"post_tag","embeddable":true,"href":"https:\/\/www.europesays.com\/no\/wp-json\/wp\/v2\/tags?post=107092"}],"curies":[{"name":"wp","href":"https:\/\/api.w.org\/{rel}","templated":true}]}}