{"id":107094,"date":"2025-12-08T06:08:14","date_gmt":"2025-12-08T06:08:14","guid":{"rendered":"https:\/\/www.europesays.com\/no\/107094\/"},"modified":"2025-12-08T06:08:14","modified_gmt":"2025-12-08T06:08:14","slug":"sanna-sarromaa-ble-mobbet-for-matlagingen-sin","status":"publish","type":"post","link":"https:\/\/www.europesays.com\/no\/107094\/","title":{"rendered":"Sanna Sarromaa ble mobbet for matlagingen sin"},"content":{"rendered":"<p class=\"kicker \" style=\"\">Sanna Sarromaa:\u00a0<\/p>\n<p>  \u00abEndelig\u00bb f\u00e5r Sanna Sarroomaa hjelp, til familiens store begeistring.\u00a0<\/p>\n<p>\n    TRENGTE VEILEDNING: Sanna Sarromaa var ikke vanskelig \u00e5 be da Kjartan Skjelde banket p\u00e5 kj\u00f8kkend\u00f8ren. Foto: Andreas Fadum\/Se og H\u00f8r\n  <\/p>\n<p>Til v\u00e5ren kommer en ny sesong av \u00abKjartan rydder opp &#8211; hjemme\u00bb, hvor kjendiskokk Kjartan Skjelde (49) reiser hjem til ulike kjendiser for \u00e5 hjelpe dem \u00e5 bli bedre p\u00e5 kj\u00f8kkenet. <\/p>\n<p>    <a itemprop=\"url\" href=\"https:\/\/www.seher.no\/kjendis\/mister-sexlysten\/83647569\" rel=\"nofollow noopener\" target=\"_blank\"><\/p>\n<p>      <img loading=\"lazy\" decoding=\"async\" src=\"https:\/\/www.europesays.com\/no\/wp-content\/uploads\/2025\/12\/83645661.webp\" width=\"980\" height=\"441\" title=\"- Mister sexlysten\" alt=\"\" class=\"lazyload\" style=\"--aspect-ratio-image: 2.22; \"\/><\/p>\n<p>        &#8211; Mister sexlysten<\/p>\n<p>    <\/a><\/p>\n<p>En av sesongens deltakere er <a href=\"https:\/\/www.seher.no\/kjendis\/mister-sexlysten\/83647569\" rel=\"nofollow noopener\" target=\"_blank\">forfatter og samfunnsdebattant Sanna Sarromaa (46)<\/a>. Se og H\u00f8r m\u00f8ter henne under Viaplays v\u00e5rlansering, hvor hun kan fortelle at \u00e5 takke ja til programmet var en \u00abno brainer\u00bb.\u00a0<\/p>\n<p>&#8211; Man kan trygt si at det var n\u00f8dvendig, ler Sarromaa.\u00a0<\/p>\n<p>        DATER: Martine Lunde har begynt \u00e5 ta dating livet seri\u00f8st, noe som satt langt inne for henne. Video: Nora Skavhaug \/ R\u00f8d L\u00f8per <\/p>\n<p>&#8211; Jeg har v\u00e6rt forn\u00f8yd med min egen matlaging, men ingen andre har gitt meg ros. Barna mine har alltid mobbet meg for maten min, s\u00e5 da tilbudet kom, s\u00e5 m\u00e5tte jeg ta det.<\/p>\n<p>Til tross for at familien ble lykkelige da Sarromaa skulle f\u00e5 l\u00e6re av Skjelde, var det ogs\u00e5 noe skepsis inne i bildet.<\/p>\n<p>          <img loading=\"lazy\" decoding=\"async\" src=\"https:\/\/www.europesays.com\/no\/wp-content\/uploads\/2025\/12\/83950772.webp\" width=\"686\" height=\"755\" title=\"OVERLYKKELIG: Sanna Sarromaas ektemann, \u00d8yvind Larssen, ble s\u00e5 glad for at kona skulle f\u00e5 hjelp at han lot kameraene slippe til. Foto: Andreas Fadum\/Se og H\u00f8r\" alt=\"\" class=\"\" style=\"--aspect-ratio-image: 0.91; \"\/><\/p>\n<p>\n          OVERLYKKELIG: Sanna Sarromaas ektemann, \u00d8yvind Larssen, ble s\u00e5 glad for at kona skulle f\u00e5 hjelp at han lot kameraene slippe til. Foto: Andreas Fadum\/Se og H\u00f8r\n      <\/p>\n<p>&#8211; Jeg m\u00e5tte overbevise mannen min og sp\u00f8rre ham om det var greit at de filmet hjemme hos oss. Han er en privat type, s\u00e5 han var litt skeptisk. Men han ble helt solgt fordi han syntes jo det var veldig nyttig at jeg skulle l\u00e6re \u00e5 lage bedre mat.\u00a0<\/p>\n<p>    <a itemprop=\"url\" href=\"https:\/\/www.seher.no\/kjendis\/vil-ikke-feire-jul-hjemme\/83947321\" rel=\"nofollow noopener\" target=\"_blank\"><\/p>\n<p>      <img loading=\"lazy\" decoding=\"async\" src=\"https:\/\/www.europesays.com\/no\/wp-content\/uploads\/2025\/12\/1765174093_574_83947267.webp\" width=\"980\" height=\"441\" title=\"- Vil ikke feire jul hjemme\" alt=\"\" class=\"lazyload\" style=\"--aspect-ratio-image: 2.22; \"\/><\/p>\n<p>        &#8211; Vil ikke feire jul hjemme<\/p>\n<p>    <\/a><\/p>\n<p>46-\u00e5ringen har v\u00e6rt klekkelig klar over at matlaging ikke har v\u00e6rt hennes sterkeste side. Barna hennes har nemlig ikke holdt tilbake n\u00e5r det gjelder beskrivelser av maten hennes.\u00a0<\/p>\n<p>&#8211; N\u00e5r jeg lager pizza, s\u00e5 sier de at det er som \u00e5 spise takstein. S\u00e5 de kommer sikkert med noen s\u00e5nne uttalelser p\u00e5 TV, som jeg ikke har f\u00e5tt med meg f\u00f8r.\u00a0<\/p>\n<p>          <img loading=\"lazy\" decoding=\"async\" src=\"https:\/\/www.europesays.com\/no\/wp-content\/uploads\/2025\/12\/83950778.webp\" width=\"686\" height=\"440\" title=\"TAR GREP: Kjartan Skjelde, kjent fra blant annet \u00abCamp Kulinaris\u00bb, rydder opp hjemme hos kjendisene. Foto: Andreas Fadum\/Se og H\u00f8r\" alt=\"\" class=\"\" style=\"--aspect-ratio-image: 1.56; \"\/><\/p>\n<p>\n          TAR GREP: Kjartan Skjelde, kjent fra blant annet \u00abCamp Kulinaris\u00bb, rydder opp hjemme hos kjendisene. Foto: Andreas Fadum\/Se og H\u00f8r\n      <\/p>\n<p>Sarromaa er sjelden redd for \u00e5 si ifra, men p\u00e5 kj\u00f8kkenet lot hun Skjelde ta styringen. Hjelpen tok hun imot med \u00e5pne armer.\u00a0<\/p>\n<p>&#8211; N\u00e5r det gjelder et omr\u00e5de som jeg ikke kan noe om, s\u00e5 er jeg veldig \u00e5pen. Jeg har veldig respekt for fagkompetanse, og Kjartan er veldig pedagogisk og flink, sier hun, f\u00f8r hun legger til:\u00a0<\/p>\n<p>&#8211; P\u00e5 et tidspunkt ble han streng og kjeftet p\u00e5 meg fordi jeg ikke gjorde alt perfekt. Men det var kanskje bare for \u00e5 lage litt drama p\u00e5 TV, ler hun.\u00a0<\/p>\n<p>        NYLIG SINGEL: P\u00e5l \u00abOnklP\u00bb T\u00f8ien r\u00f8per hvem av \u00abRampenissen\u00bb-kollegaene han vil kysse under mistelteinen. Reporter: Victoria L\u00f8vik\/ Sanne Holt. Video: \u00abBeliggenhet, beliggenhet, beliggenhet\u00bb\/ Discovery\/ Sanne Holt\/ R\u00f8d L\u00f8per<\/p>\n<p>Sarromaa kan avsl\u00f8re s\u00e5pass at hun n\u00e5 har l\u00e6rt hvordan man kutter l\u00f8ken i mindre biter og hvordan man f\u00e5r mest mulig smak ut av hvitl\u00f8ken.\u00a0<\/p>\n<p>&#8211; Dette har v\u00e6rt en gave som aldri slutter \u00e5 gi!<\/p>\n","protected":false},"excerpt":{"rendered":"Sanna Sarromaa:\u00a0 \u00abEndelig\u00bb f\u00e5r Sanna Sarroomaa hjelp, til familiens store begeistring.\u00a0 TRENGTE VEILEDNING: Sanna Sarromaa var ikke vanskelig&hellip;\n","protected":false},"author":2,"featured_media":107095,"comment_status":"","ping_status":"","sticky":false,"template":"","format":"standard","meta":{"footnotes":""},"categories":[58],"tags":[71,479,2543,30,28,29,6283,72],"class_list":{"0":"post-107094","1":"post","2":"type-post","3":"status-publish","4":"format-standard","5":"has-post-thumbnail","7":"category-underholdning","8":"tag-entertainment","9":"tag-kjendis","10":"tag-kjendisdesken","11":"tag-no","12":"tag-norge","13":"tag-norway","14":"tag-sanna-sarromaa","15":"tag-underholdning"},"share_on_mastodon":{"url":"https:\/\/pubeurope.com\/@no\/115682456721722727","error":""},"_links":{"self":[{"href":"https:\/\/www.europesays.com\/no\/wp-json\/wp\/v2\/posts\/107094","targetHints":{"allow":["GET"]}}],"collection":[{"href":"https:\/\/www.europesays.com\/no\/wp-json\/wp\/v2\/posts"}],"about":[{"href":"https:\/\/www.europesays.com\/no\/wp-json\/wp\/v2\/types\/post"}],"author":[{"embeddable":true,"href":"https:\/\/www.europesays.com\/no\/wp-json\/wp\/v2\/users\/2"}],"replies":[{"embeddable":true,"href":"https:\/\/www.europesays.com\/no\/wp-json\/wp\/v2\/comments?post=107094"}],"version-history":[{"count":0,"href":"https:\/\/www.europesays.com\/no\/wp-json\/wp\/v2\/posts\/107094\/revisions"}],"wp:featuredmedia":[{"embeddable":true,"href":"https:\/\/www.europesays.com\/no\/wp-json\/wp\/v2\/media\/107095"}],"wp:attachment":[{"href":"https:\/\/www.europesays.com\/no\/wp-json\/wp\/v2\/media?parent=107094"}],"wp:term":[{"taxonomy":"category","embeddable":true,"href":"https:\/\/www.europesays.com\/no\/wp-json\/wp\/v2\/categories?post=107094"},{"taxonomy":"post_tag","embeddable":true,"href":"https:\/\/www.europesays.com\/no\/wp-json\/wp\/v2\/tags?post=107094"}],"curies":[{"name":"wp","href":"https:\/\/api.w.org\/{rel}","templated":true}]}}