{"id":107099,"date":"2025-12-08T06:20:15","date_gmt":"2025-12-08T06:20:15","guid":{"rendered":"https:\/\/www.europesays.com\/no\/107099\/"},"modified":"2025-12-08T06:20:15","modified_gmt":"2025-12-08T06:20:15","slug":"datteren-12-dode-etter-mobbing","status":"publish","type":"post","link":"https:\/\/www.europesays.com\/no\/107099\/","title":{"rendered":"Datteren (12) d\u00f8de etter mobbing"},"content":{"rendered":"<p>    Kort fortalt<\/p>\n<ul lang=\"nb-NO\">\n<li>Foreldrene til Emely, som tok sitt eget liv etter mobbing, saks\u00f8ker Sola kommune for grov uaktsomhet.<\/li>\n<li>De mener kommunen og skolen sviktet i \u00e5 beskytte Emely. Aktivitetsplanene hjalp ikke.<\/li>\n<li>Kommunen hevder de ansatte gjorde sitt beste, og at de ikke kan holdes erstatningsansvarlige.<\/li>\n<li>Professor p\u00e5peker at manglende spesialpedagogisk kompetanse i skoler kan f\u00f8re til lignende tilfeller.<\/li>\n<\/ul>\n<p class=\"italic ai-disclaimer\" data-lab-italic=\"italic\">Sammendraget er laget av ChatGPT og godkjent av Dagbladet.<\/p>\n<p>      Vis mer<br \/>\n      Vis mindre<\/p>\n<p>B\u00e5de politiet og Statsforvalteren frikjente i hovedsak skolen og kommunen.<\/p>\n<p>&#8211; Verken skolen<br \/>\neller Pedagogisk-psykologisk tjeneste (PP-tjenesten) gjorde jobben sin. Pengene<br \/>\ner ikke poenget her. Vi vil ha en unnskyldning fra kommunen og vi vil ikke at<br \/>\nandre skal oppleve dette, sier foreldrene Bengt og Monica Frantzen i Sola<br \/>\nkommune i Rogaland. <\/p>\n<p>De har n\u00e5 oversendt<br \/>\net prosess-skriv til kommunen og reiser erstatningss\u00f8ksm\u00e5l. De to mener at<br \/>\nkommunen \u2013 ved grov uaktsomhet \u2013 er skyld i Emelys d\u00f8d.<\/p>\n<p>          <img loading=\"lazy\" decoding=\"async\" src=\"https:\/\/www.europesays.com\/no\/wp-content\/uploads\/2025\/12\/83926887.webp\" width=\"980\" height=\"559\" title=\"MANGE T\u00c5RER: Det var v\u00e6rt mange t\u00e5rer hos Monica Frantzen etter at datteren Emely tok sitt eget liv, bare 12 \u00e5r gammel. Foto: \u00d8istein Norum Monsen \/ Dagbladet\" alt=\"\" class=\"\" style=\"--aspect-ratio-image: 1.75; \"\/><\/p>\n<p>\n          MANGE T\u00c5RER: Det var v\u00e6rt mange t\u00e5rer hos Monica Frantzen etter at datteren Emely tok sitt eget liv, bare 12 \u00e5r gammel. Foto: \u00d8istein Norum Monsen \/ Dagbladet\n      <\/p>\n<p>&#8211; B\u00e5de Statsforvalteren<br \/>\nog politiet frikjente kommunen fordi det var laget aktivitetsplaner. Men de<br \/>\nhjalp jo ikke i det hele tatt! Jeg skj\u00f8nner ikke hvordan de kan frikjenne noen<br \/>\nuten \u00e5 sjekke innholdet i planene og <a href=\"https:\/\/www.dagbladet.no\/spesial\/emely-paa-benken\" rel=\"nofollow noopener\" target=\"_blank\">hvordan det virket p\u00e5 Emely<\/a>. Dette er ille,<br \/>\nsier de to.<\/p>\n<p>Ekteparet Frantzen<br \/>\nklager blant annet p\u00e5 at aktivitetsplanene er veldig like hverandre og at de<br \/>\nhjalp lite p\u00e5 Emely. De virket til dels mot sin hensikt, og la ensidig press p\u00e5<br \/>\nEmely for \u00e5 forandre seg, mener foreldrene.<\/p>\n<p>    <a itemprop=\"url\" href=\"https:\/\/www.dagbladet.no\/video\/tegningene-som-varslet-tragedien\/hBh89B8g\" rel=\"nofollow noopener\" target=\"_blank\"><\/p>\n<p>      <img loading=\"lazy\" decoding=\"async\" src=\"https:\/\/www.europesays.com\/no\/wp-content\/uploads\/2025\/12\/83926999.webp\" width=\"980\" height=\"441\" title=\"Tegningene som varslet tragedien\" alt=\"\" class=\"lazyload\" style=\"--aspect-ratio-image: 2.22; \"\/><\/p>\n<p>        Tegningene som varslet tragedien<\/p>\n<p>    <\/a><\/p>\n<p>&#8211; Skolen har aldri klart \u00e5 tilrettelegge og skape er trygt skolemilj\u00f8 for Emely. Det er kjernen i saken, supplerer ekteparet Frantzens advokat,\u00a0 Svein Kjetil Lode Svendsen i Elden Advokatbyr\u00e5.<\/p>\n<p>Kommunen vil frifinnes\t<\/p>\n<p>&#8211; Kommunen har i sitt tilsvar lagt fram dokumentasjon for at kommunen ikke kan holdes erstatningsrettslig ansvarlig for det tragiske utfallet av denne saken. Vi har derfor lagt ned p\u00e5stand om at kommunen skal frifinnes, sier kommunens advokat Frode Lauareid ved KS Advokatene til Dagbladet.<\/p>\n<p>Han legger til:<\/p>\n<p>\u00a0&#8211; Kommunen har plikt til \u00e5 yte forsvarlige tjenester, men har ogs\u00e5 plikt til \u00e5 v\u00e6re en ansvarlig arbeidsgiver for de som faktisk yter tjenestene. I denne saken mener kommunen at de ansatte har gjort sitt beste for at eleven skulle ha et trygt og godt skolemilj\u00f8.\u00a0<\/p>\n<p>Han minner om at det er langt mellom det \u00e5 ikke lykkes til \u00e5 v\u00e6re erstatningsansvarlig.<\/p>\n<p>    <a itemprop=\"url\" href=\"https:\/\/www.dagbladet.no\/nyheter\/svikt-pa-alle-nivaer\/80286792\" rel=\"nofollow noopener\" target=\"_blank\"><\/p>\n<p>      <img loading=\"lazy\" decoding=\"async\" src=\"https:\/\/www.europesays.com\/no\/wp-content\/uploads\/2025\/12\/80291681.webp\" width=\"980\" height=\"441\" title=\"- Svikt p\u00e5 alle niv\u00e5er\" alt=\"\" class=\"lazyload\" style=\"--aspect-ratio-image: 2.22; \"\/><\/p>\n<p>        &#8211; Svikt p\u00e5 alle niv\u00e5er<\/p>\n<p>    <\/a><\/p>\n<p>&#8211; En erkjennelse av erstatningsansvar vil v\u00e6re det samme som \u00e5 si at de ansatte har sviktet. Kommunen mener de ansatte ikke har sviktet, understreker Lauareid.<\/p>\n<p>Han sier likevel at saken er tragisk og at kommunens side har sterk medf\u00f8lelse med foreldrene, s\u00f8sken og andre n\u00e6rst\u00e5ende.<\/p>\n<p>&#8211; Burde hatt hjelp f\u00f8r\t<\/p>\n<p>&#8211; Emely hadde impressive spr\u00e5kvansker, og burde<br \/>\nhatt hjelp tidligere. PP-tjenesten skulle ha s\u00f8rget for at hun fikk oppf\u00f8lging<br \/>\nav logoped allerede som tre\u00e5ring da helsestasjonen reagerte, sier professor i<br \/>\nspesialpedagogikk\u00a0Marie-Lisbet\u00a0Amundsen ved Universitetet i<br \/>\nS\u00f8r\u00f8st-Norge.<\/p>\n<p>    Lovgrunnlaget<\/p>\n<p>\u00abMobbeparagrafen\u00bb refererer til kapittel 9A , etter en lovendring kapittel 12, i Oppl\u00e6ringsloven Paragrafen krever at alle elever skal ha et trygt og godt skolemilj\u00f8, fri for mobbing, vold, diskriminering og trakassering.<\/p>\n<p class=\"font-weight-bold m-font-weight-bold\" data-lab-font_weight=\"font-weight-bold\">Aktivitetsplikt. Loven stiller strenge krav til skolens aktivitetsplikt for \u00e5 forebygge og gripe inn i mobbesaker, og gir elevene og foreldrene rettigheter til innsyn og klage dersom tiltakene ikke er tilstrekkelige.\u00a0<\/p>\n<p>      Vis mer<br \/>\n      Vis mindre<\/p>\n<p>Amundsen<br \/>\ner innkalt som vitne i saken. Hun viser til at s\u00e5 lenge PP-tjenesten rundt om i<br \/>\nlandet har for liten kapasitet, og skolene mangler spesialpedagogisk<br \/>\nkompetanse, vil dette skje igjen.<\/p>\n<p>&#8211; Lovbrudd<br \/>\nskjer daglig i den norske skolen, og mange barn og unge med nevrodiagnoser,<br \/>\nfunksjonsnedsettelse og l\u00e6revariasjoner mister all tro p\u00e5 egne evner og<br \/>\nressurser, sier<br \/>\nAmundsen. <\/p>\n<p>Sola kommune \u00f8nsker ikke \u00e5 kommentere hverken lovlighet eller PP-tjeneste, men vil eventuelt forholde seg til det under rettssaken.<\/p>\n<p>\u00a0Vil \u00abta st\u00f8yten\u00bb<\/p>\n<p>Amundsen og ekteparet<br \/>\nFrantzen er enige om at det er mange som st\u00e5r i denne situasjonen, hvor de ikke<br \/>\nf\u00e5r den hjelpen de har krav p\u00e5 i kommunen. Ekteparet Frantzen vil \u00abta st\u00f8yten\u00bb<br \/>\nfor at andre ikke skal oppleve det samme som de gjorde da de mistet sin datter.<\/p>\n<p>          <img loading=\"lazy\" decoding=\"async\" src=\"https:\/\/www.europesays.com\/no\/wp-content\/uploads\/2025\/12\/83926920.webp\" width=\"686\" height=\"666\" title=\"ENGANG GLAD: P\u00e5 hesteryggen f\u00f8lte Emely seg fri og glad Foto: Privat\" alt=\"\" class=\"\" style=\"--aspect-ratio-image: 1.03; \"\/><\/p>\n<p>\n          ENGANG GLAD: P\u00e5 hesteryggen f\u00f8lte Emely seg fri og glad Foto: Privat\n      <\/p>\n<p>&#8211; Statsforvalteren<br \/>\nbare fastslo at det var laget aktivitetsplaner, dermed hadde skolen ikke gjort noe<br \/>\ngalt, slik Statsforvalteren s\u00e5 det, p\u00e5peker Bengt og Monica Frantzen.<\/p>\n<p>Kommunen har plikt<br \/>\ntil \u00e5 sikre alle et godt og trygt skolemilj\u00f8. I aktivitetsplanen skal det st\u00e5<br \/>\nhvilke tiltak skolen skal sette inn for \u00e5 stoppe mobbingen, hvem som skal<br \/>\ngjennomf\u00f8re tiltakene, og n\u00e5r disse skal evalueres.<\/p>\n<p>    Trenger du noen \u00e5 snakke med?<\/p>\n<ul>\n<li>Ring 113: Ved akutt fare for selvmord, ring 113 umiddelbart. Ring heller en gang for mye enn en gang for lite.<\/li>\n<li>Mental Helse tilbyr d\u00f8gn\u00e5pen telefontjeneste og nettjeneste for alle som trenger noen \u00e5 snakke med. Ring 116 123 eller g\u00e5 inn p\u00e5\u00a0<a href=\"https:\/\/sidetmedord.mentalhelse.no\/\" rel=\"nofollow noopener\" target=\"_blank\">Sidetmedord.no<\/a>.<\/li>\n<li><a href=\"https:\/\/mentalhelseungdom.no\/fa-hjelp\/\" rel=\"nofollow noopener\" target=\"_blank\">Mental Helse Ungdom tilbyr chat<\/a>\u00a0for unge voksne som trenger noen \u00e5 snakke med.<\/li>\n<li>Kirkens SOS Norge har d\u00f8gn\u00e5pen hjelpetelefon, chat og meldingstjenestene. Ring 22 4000 40 eller g\u00e5 inn p\u00e5\u00a0<a href=\"https:\/\/www.kirkens-sos.no\/telefon\" rel=\"nofollow noopener\" target=\"_blank\">kirkens-sos.no<\/a>.<\/li>\n<\/ul>\n<p>Kilde:\u00a0<a href=\"https:\/\/www.helsenorge.no\/psykisk-helse\/trenger-du-noen-a-snakke-med\/?gad_source=1&amp;gclid=CjwKCAjwufq2BhAmEiwAnZqw8kOXj-otjPbpepM1ATjWAlnETKsaqeE2IA04nerg9YT5jM7QhqU_txoCEucQAvD_BwE\" rel=\"nofollow noopener\" target=\"_blank\">Helsenorge.no<\/a><\/p>\n<p>      Vis mer<br \/>\n      Vis mindre<\/p>\n<p>Oppreisningskrav<\/p>\n<p>Stevningen er et<br \/>\noppreisningskrav mot Sola kommune, som de to alts\u00e5 mener ved sin uaktsomhet har forvoldt Emelys d\u00f8d. S\u00e6rlig fra tredje klasse ble hun mobbet, og i januar 2023<br \/>\ntok hun livet sitt, bare 12 \u00e5r gammel.<\/p>\n<p>Hun ble henvist til PP-tjenesten<br \/>\ntre \u00e5r gammel. Men f\u00f8rst syv \u00e5r gammel fikk hun diagnosen \u00abimpressiv<br \/>\nspr\u00e5kforstyrrelse\u00bb, en diagnose som krever tett logopedisk oppf\u00f8lging fra<br \/>\ntidlig alder.<\/p>\n<p>          <img loading=\"lazy\" decoding=\"async\" src=\"https:\/\/www.europesays.com\/no\/wp-content\/uploads\/2025\/12\/83926946.webp\" width=\"980\" height=\"559\" title=\"F\u00d8RSTE GANG: Ekteparet Frantzen reagerte voldsomt p\u00e5 at f\u00f8rste gang de h\u00f8rte fra kommunen etter Emelys d\u00f8d, var n\u00e5r kommunen ville fjerne det spontane kunstverket til gatekunstneren T\u00f6ddel. Historien om Emely gjorde dypt inntrykk p\u00e5 T\u00f6ddel. Foto: Privat\" alt=\"\" class=\"\" style=\"--aspect-ratio-image: 1.75; \"\/><\/p>\n<p>\n          F\u00d8RSTE GANG: Ekteparet Frantzen reagerte voldsomt p\u00e5 at f\u00f8rste gang de h\u00f8rte fra kommunen etter Emelys d\u00f8d, var n\u00e5r kommunen ville fjerne det spontane kunstverket til gatekunstneren T\u00f6ddel. Historien om Emely gjorde dypt inntrykk p\u00e5 T\u00f6ddel. Foto: Privat\n      <\/p>\n<p>I stevningen hevder<br \/>\nforeldrene at det til dels ble satt i verk tiltak som var direkte skadelige for<br \/>\nEmely. Foreldrene varslet skolen en rekke ganger. Vinteren 2022 n\u00e5dde mobbingen<br \/>\net h\u00f8ydepunkt, if\u00f8lge stevningen, da Emely gjentatte ganger ble oppfordret til \u00e5<br \/>\nta sitt eget liv<\/p>\n<p>Suicidal<\/p>\n<p>I januar 2022 ble Emely<br \/>\nbeskrevet av fastlegen som tilb\u00f8yelig til \u00e5 ta sitt eget liv (suicidal). I mars<br \/>\n2022 ble hun beskrevet som \u00abakutt\u00bb suicidal som f\u00f8lge av \u00absv\u00e6rt alvorlig mobbing<br \/>\nover lang tid\u00bb.<\/p>\n<p>          <img loading=\"lazy\" decoding=\"async\" src=\"https:\/\/www.europesays.com\/no\/wp-content\/uploads\/2025\/12\/83926969.webp\" width=\"980\" height=\"559\" title=\"S\u00d8RGER: Emelys s\u00f8ster er blant dem som s\u00f8rger over Emely. Her ved graven. Foto: \u00d8istein Norum Monsen \/ Dagbladet\" alt=\"\" class=\"\" style=\"--aspect-ratio-image: 1.75; \"\/><\/p>\n<p>\n          S\u00d8RGER: Emelys s\u00f8ster er blant dem som s\u00f8rger over Emely. Her ved graven. Foto: \u00d8istein Norum Monsen \/ Dagbladet\n      <\/p>\n<p>Dysjaland skole, der<br \/>\nEmely gikk, laget i alt 12 aktivitetsplaner for den mobbede jenta i perioden 2018-2022.<br \/>\nDisse hjalp ikke Emely til \u00e5 bli bedre, og var i noen grad rettet mot at Emely<br \/>\nm\u00e5tte endre seg, konkluderer foreldrene.<\/p>\n<p>I 2023 gjennomf\u00f8rte<br \/>\nStatsforvalteren i Rogaland, av eget initiativ etter Dagbladets omtale, et<br \/>\ntilsyn p\u00e5 Dysjaland skole. Statsforvalteren fant at det var laget<br \/>\naktivitetsplaner og at det derfor var i orden. Derimot fikk kommunen kritikk<br \/>\nfordi internkontrollen ikke hadde fanget opp en s\u00e5 alvorlig mobbesak. <\/p>\n<p>Ingen evaluerte<br \/>\ninnholdet i planene og &#8211; som Dagbladet har skrevet f\u00f8r &#8211; <a href=\"https:\/\/www.dagbladet.no\/nyheter\/svikt-pa-alle-nivaer\/80286792\" rel=\"nofollow noopener\" target=\"_blank\">ingen evaluerer det PP-tjenesten<br \/>\ngj\u00f8r<\/a>.<\/p>\n<p>&#8211; N\u00e5r mobbing avdekkes, m\u00e5 det<br \/>\nsynliggj\u00f8res hvilke tiltak skolen setter inn, og hvorvidt dette har f\u00f8rt til<br \/>\nendring. Det er ikke godt nok at det settes inn tiltak hvis det ikke endrer<br \/>\nsituasjonen for den som utsettes for mobbing, sier Amundsen.<\/p>\n<p>Saken er berammet til mai, og det er satt av fem dager til den.<\/p>\n<p>&#8211; Vi h\u00e5per politikere f\u00e5r med seg Emely-saken og hennes liv, slik at endring kan iverksettes, sier foreldrene til Emely.<\/p>\n","protected":false},"excerpt":{"rendered":"Kort fortalt Foreldrene til Emely, som tok sitt eget liv etter mobbing, saks\u00f8ker Sola kommune for grov uaktsomhet.&hellip;\n","protected":false},"author":2,"featured_media":107100,"comment_status":"","ping_status":"","sticky":false,"template":"","format":"standard","meta":{"footnotes":""},"categories":[10],"tags":[20,21,13332,24,25,15,2539,22,23,79,13,30,28,29,14,16,4187,26,27],"class_list":{"0":"post-107099","1":"post","2":"type-post","3":"status-publish","4":"format-standard","5":"has-post-thumbnail","7":"category-norge","8":"tag-breaking-news","9":"tag-breakingnews","10":"tag-emely-saken","11":"tag-featured-news","12":"tag-featurednews","13":"tag-headlines","14":"tag-innenriks","15":"tag-latest-news","16":"tag-latestnews","17":"tag-mobbing","18":"tag-news","19":"tag-no","20":"tag-norge","21":"tag-norway","22":"tag-nyheter","23":"tag-overskrifter","24":"tag-rettssak","25":"tag-top-stories","26":"tag-topstories"},"share_on_mastodon":{"url":"https:\/\/pubeurope.com\/@no\/115682504084934384","error":""},"_links":{"self":[{"href":"https:\/\/www.europesays.com\/no\/wp-json\/wp\/v2\/posts\/107099","targetHints":{"allow":["GET"]}}],"collection":[{"href":"https:\/\/www.europesays.com\/no\/wp-json\/wp\/v2\/posts"}],"about":[{"href":"https:\/\/www.europesays.com\/no\/wp-json\/wp\/v2\/types\/post"}],"author":[{"embeddable":true,"href":"https:\/\/www.europesays.com\/no\/wp-json\/wp\/v2\/users\/2"}],"replies":[{"embeddable":true,"href":"https:\/\/www.europesays.com\/no\/wp-json\/wp\/v2\/comments?post=107099"}],"version-history":[{"count":0,"href":"https:\/\/www.europesays.com\/no\/wp-json\/wp\/v2\/posts\/107099\/revisions"}],"wp:featuredmedia":[{"embeddable":true,"href":"https:\/\/www.europesays.com\/no\/wp-json\/wp\/v2\/media\/107100"}],"wp:attachment":[{"href":"https:\/\/www.europesays.com\/no\/wp-json\/wp\/v2\/media?parent=107099"}],"wp:term":[{"taxonomy":"category","embeddable":true,"href":"https:\/\/www.europesays.com\/no\/wp-json\/wp\/v2\/categories?post=107099"},{"taxonomy":"post_tag","embeddable":true,"href":"https:\/\/www.europesays.com\/no\/wp-json\/wp\/v2\/tags?post=107099"}],"curies":[{"name":"wp","href":"https:\/\/api.w.org\/{rel}","templated":true}]}}