{"id":107104,"date":"2025-12-08T06:27:09","date_gmt":"2025-12-08T06:27:09","guid":{"rendered":"https:\/\/www.europesays.com\/no\/107104\/"},"modified":"2025-12-08T06:27:09","modified_gmt":"2025-12-08T06:27:09","slug":"sv-profiler-krever-oppvask-misnoye-med-bergsto-nrk-norge-oversikt-over-nyheter-fra-ulike-deler-av-landet","status":"publish","type":"post","link":"https:\/\/www.europesays.com\/no\/107104\/","title":{"rendered":"SV-profiler krever oppvask \u2013 misn\u00f8ye med Bergst\u00f8 \u2013 NRK Norge \u2013 Oversikt over nyheter fra ulike deler av landet"},"content":{"rendered":"<p>\u2013 Jeg mener at vi b\u00f8r kalle inn til et ekstraordin\u00e6rt landsm\u00f8te. Det er krise i organisasjonen n\u00e5, sier Inger Brokka de Ruiter, som er varaordf\u00f8rer i Arendal i Agder.<\/p>\n<p>Alle som er glade i SV, m\u00e5 n\u00e5 samles for \u00e5 finne ut av \u00abhvordan vi kan berge stumpene\u00bb, mener hun.<\/p>\n<p><strong>\u2013 Vi m\u00e5 snakke om ledelse, vi m\u00e5 snakke om kurs, og mest av alt om hvordan vi blir en organisasjon som henger sammen, for det gj\u00f8r vi ikke s\u00e5nn som ting er n\u00e5, sier de Ruiter.<\/strong><\/p>\n<p><img decoding=\"async\"   src=\"data:image\/gif;base64,R0lGODlhAQABAIAAAAAAAP\/\/\/yH5BAEAAAAALAAAAAABAAEAAAIBRAA7\" loading=\"eager\" alt=\"Inger Brokka de Ruiter.\" title=\"Foto: Per-K\u00e5re Sandbakk \/ NRK\"\/><\/p>\n<p class=\"\">KRITISK: Arendals varaordf\u00f8rer Inger Brokka de Ruiter.<\/p>\n<p>Foto: Per-K\u00e5re Sandbakk \/ NRK<\/p>\n<p>Hun f\u00e5r st\u00f8tte fra partiets gruppeleder i Kristiansand, Andreas Landmark, i kravet om et ekstraordin\u00e6rt landsm\u00f8te.<\/p>\n<p><strong>\u2013 Jeg tenker at man alltid m\u00e5 ha en \u00e5pen diskusjon om ledelsen, sier han.<\/strong><\/p>\n<p>\u2013 Og jeg tenker at med de erfaringene vi har gjort oss n\u00e5 det siste \u00e5ret, m\u00e5 organisasjonen og ledelsen sp\u00f8rre seg sj\u00f8l, om de er de beste til \u00e5 sitte i de posisjonene.<\/p>\n<p>Nationen har i flere artikler fortalt om situasjonen i SV og i et <a href=\"https:\/\/www.nationen.no\/tar-oppgjor-med-eget-parti-vanskelig-a-forsta-hva-som-er-prosjektet-vart\/s\/5-148-830431\" ec-id=\"https:\/\/www.nationen.no\/tar-oppgjor-med-eget-parti-vanskelig-a-forsta-hva-som-er-prosjektet-vart\/s\/5-148-830431\" ec-name=\"intervju med avisen sa de Ruiter\" rel=\"nofollow noopener\" target=\"_blank\">intervju med avisen sa de Ruiter <\/a>at hun hadde mistet tilliten til partilederen.<\/p>\n<p>Men n\u00e5 g\u00e5r b\u00e5de Landmark og de Ruiter lenger og sier til NRK at et ekstraordin\u00e6rt landsm\u00f8te er n\u00f8dvendig.<\/p>\n<p>De Ruiter stiller ogs\u00e5 sp\u00f8rsm\u00e5l ved SVs prioriteringer av \u00abgratis SFO og barnehage, n\u00e5r du m\u00e5 legge ned barnehage og SFO i kommunene.\u00bb<\/p>\n<p>Flere \u00e5rsaker<\/p>\n<p>Det er flere grunner til at h\u00f8sten har v\u00e6rt preget av uro i og rundt SV:<\/p>\n<ul>\n<li><a href=\"https:\/\/www.nrk.no\/norge\/kilder-til-nrk_-intern-splittelse-da-sv-sa-nei-1.17675614\" ec-id=\"pp:article:1.17675614\" ec-name=\"Et splittet parti valgte \u00e5 g\u00e5 ut av forhandlingene\" rel=\"nofollow noopener\" target=\"_blank\">Et splittet parti valgte \u00e5 g\u00e5 ut av forhandlingene<\/a> med de fire andre partiene om \u00e5rets statsbudsjett. F\u00e5 dager senere inngikk likevel SV en budsjettavtale.<\/li>\n<li>Mange b\u00e5de i og utenfor SV har spurt seg hvorfor partiet i valgkampen <a href=\"https:\/\/www.nrk.no\/nyheter\/sv-stilte-palestina-ultimatum-til-store-_-no-har-dei-gatt-bort-fra-det-1.17615768\" ec-id=\"pp:article:1.17615768\" ec-name=\"stilte ultimatum\" rel=\"nofollow noopener\" target=\"_blank\">stilte ultimatum<\/a> om oljefondets investeringer i Israel.<\/li>\n<li>I en video postet da budsjettet var klart, sa SV-nestleder at det var <a href=\"https:\/\/www.nrk.no\/norge\/svs-nestleiar-marian-hussein-misnogd-etter-budsjettenigheten-1.17678260\" ec-id=\"pp:article:1.17678260\" ec-name=\"\u00abmed tungt hjerte\u00bb\" rel=\"nofollow noopener\" target=\"_blank\">\u00abmed tungt hjerte\u00bb<\/a> partiet inngitt en budsjettavtale, og at \u00aben dag vil historien d\u00f8mme Norge\u00bb. Videoen ble senere slettet.<\/li>\n<li>SV <a href=\"https:\/\/www.nrk.no\/norge\/sv-mistet-nesten-50.000-velgere_-_-vi-bommet-ganske-kraftig-1.17574723\" ec-id=\"pp:article:1.17574723\" ec-name=\"tapte nesten 50 000 velgere\" rel=\"nofollow noopener\" target=\"_blank\">tapte nesten 50 000 velgere<\/a> i h\u00f8stens stortingsvalg, sammenlignet med 2021. M\u00e5linger etter valget har pekt videre nedover.<\/li>\n<\/ul>\n<p>Landmark fra Kristiansand utdyper hvorfor han mener det er n\u00f8dvendig med et ekstraordin\u00e6rt landsm\u00f8te.<\/p>\n<p>\u2013 Det er ingen tvil om at 2025 har v\u00e6rt et veldig vanskelig \u00e5r for SV, med mange kjipe saker som har skapt mange \u00abf\u00f8lgeskader\u00bb, sier han.<\/p>\n<p>\u2013 I den situasjonen partiet er n\u00e5, hvor jeg opplever at det ikke er velgerne som har forlatt SV, men SV som har forlatt velgerne, s\u00e5 mener jeg at det er fornuftig \u00e5 ta en fot i bakken.<\/p>\n<p>Landmark skj\u00f8nner ikke hvor strategien om \u00e5 stille ultimatum om oljefondet kom fra og mener problemene med strategien ble tydelig etter budsjettforliket.<\/p>\n<p>\u2013 Da man s\u00e5 at partiet, etter mye fram og tilbake, pr\u00f8vde \u00e5 feire seirene det hadde f\u00e5tt og signerte, fikk du en nestleder som gikk imot hele startbudsjettet.<\/p>\n<p><img decoding=\"async\"   src=\"data:image\/gif;base64,R0lGODlhAQABAIAAAAAAAP\/\/\/yH5BAEAAAAALAAAAAABAAEAAAIBRAA7\" loading=\"eager\" alt=\"Andreas Landmark\" title=\"Foto: Svein Sundsdal\"\/><\/p>\n<p class=\"\">VANSKELIG: SVs gruppeleder i Kristiansand Andreas Landmark skj\u00f8nte ikke strategien som ble lagt i valgkampen.<\/p>\n<p>Foto: Svein Sundsdal<\/p>\n<p>Vil ikke bruke K-ordet<\/p>\n<p>Lokalpolitikere i SV som NRK har v\u00e6rt i kontakt med, er s\u00e6rlig kritiske til SVs ultimatum om oljefondet og Palestina, som ble droppet etter valget.<\/p>\n<p>Noen er kritiske til at det ble stilt ultimatum, andre til at det ble droppet etter valget.<\/p>\n<p><strong>Men partileder Kirsti Bergst\u00f8 er ikke enig i at partiet st\u00e5r i en krise:<\/strong><\/p>\n<p>\u2013 Vi gikk litt tilbake ved valget. Jeg skulle \u00f8nske vi gikk frem. Men det \u00e5 bruke krise er et veldig hardt ord som jeg ikke kjenner meg igjen i, sier hun til NRK.<\/p>\n<p><img decoding=\"async\"   src=\"data:image\/gif;base64,R0lGODlhAQABAIAAAAAAAP\/\/\/yH5BAEAAAAALAAAAAABAAEAAAIBRAA7\" loading=\"eager\" alt=\"Politikerne p\u00e5 Stortinget i forbindelse med nattens budsjettforhandlinger.\" title=\"Foto: Heiko Junge \/ NTB\"\/><\/p>\n<p class=\"\">R\u00d8DGR\u00d8NT: SV-leder Kirsti Bergst\u00f8 sammen med budsjettkameratene.<\/p>\n<p>Foto: Heiko Junge \/ NTB<\/p>\n<p>\u2013 Jeg har v\u00e6rt med i dette partiet da vi faktisk har st\u00e5tt i kriser, vi er ikke der n\u00e5. Men vi kan l\u00f8fte laget hvis alle vil v\u00e6re med p\u00e5 det, og det er en invitasjon som jeg h\u00e5per folk tar imot, sier partilederen.<\/p>\n<p>Bergst\u00f8 tok over som SV-leder etter Audun Lysbakken v\u00e5ren 2023. Hun mener det ikke er grunnlag for et ekstraordin\u00e6rt landsm\u00f8te, men sier hun tar signalene om frustrasjon p\u00e5 alvor.<\/p>\n<p>\u2013 Jeg tar alle tilbakemeldinger til meg og \u00f8nsker \u00e5 ta dem p\u00e5 alvor. Jeg h\u00e5per ogs\u00e5 at det er tanker som bringes inn i partiet, og ikke bare i offentligheten.<\/p>\n<p>Bergst\u00f8 tok selv initiativ til en strategidebatt i partiet da SV var samlet til landsstyrem\u00f8te i Oslo i november.<\/p>\n<p>\u2013 N\u00e5 er vi ikke der vi \u00f8nsker \u00e5 v\u00e6re, innr\u00f8mmet Bergst\u00f8 fra talerstolen. Hun mente partiet m\u00e5 gj\u00f8re en jobb med hvordan det fremst\u00e5r, sa hun fra talerstolen.<\/p>\n<p>\u2013 Til v\u00e5ren skal vi ha en diskusjon om politisk strategi og prioriteringene v\u00e5re.<\/p>\n<p>\u2013 En del uro<\/p>\n<p>Mona Berger, som er gruppeleder for bystyregruppa til SV i Trondheim, st\u00f8tter ikke forslaget om et ekstraordin\u00e6rt landsm\u00f8te. Hun understreker ogs\u00e5 at hun har tillit til partiledelsen.<\/p>\n<p><strong>\u2013 Det er en del uro, og jeg ogs\u00e5 er litt urolig for den situasjonen vi er i, sier hun til NRK.<\/strong><\/p>\n<p>\u2013 Men jeg mener at man kan l\u00e6re av det, og at vi m\u00e5 jobbe sammen strategisk for \u00e5 finne gode l\u00f8sninger for det laget som vi har n\u00e5.<\/p>\n<p>SV har sitt neste ordin\u00e6re landsstyrem\u00f8te i januar. Landsstyret er partiets h\u00f8yeste organ mellom landsm\u00f8tene.<\/p>\n<p>P\u00e5 m\u00f8tet i januar er det ventet at evalueringen av valget vil bli lagt fram.<\/p>\n<p>        Over tid St\u00f8tten til Sosialistisk Venstreparti     <\/p>\n<p> 0\u00a0%<\/p>\n<p> 5\u00a0%<\/p>\n<p> 10\u00a0%<\/p>\n<p> 15\u00a0%<\/p>\n<p> 20\u00a0%<\/p>\n<p data-typo=\"figurtekst\">Grafen viser Sosialistisk Venstrepartis oppslutning i NRKs meningsm\u00e5linger fra Norstat fra valg\u00e5ret 2021.<\/p>\n<p>Publisert<\/p>\n<p>08.12.2025, kl. 06.48<\/p>\n","protected":false},"excerpt":{"rendered":"\u2013 Jeg mener at vi b\u00f8r kalle inn til et ekstraordin\u00e6rt landsm\u00f8te. Det er krise i organisasjonen n\u00e5,&hellip;\n","protected":false},"author":2,"featured_media":107105,"comment_status":"","ping_status":"","sticky":false,"template":"","format":"standard","meta":{"footnotes":""},"categories":[10],"tags":[20,21,24,25,15,22,23,13,30,28,29,14,16,26,27],"class_list":{"0":"post-107104","1":"post","2":"type-post","3":"status-publish","4":"format-standard","5":"has-post-thumbnail","7":"category-norge","8":"tag-breaking-news","9":"tag-breakingnews","10":"tag-featured-news","11":"tag-featurednews","12":"tag-headlines","13":"tag-latest-news","14":"tag-latestnews","15":"tag-news","16":"tag-no","17":"tag-norge","18":"tag-norway","19":"tag-nyheter","20":"tag-overskrifter","21":"tag-top-stories","22":"tag-topstories"},"share_on_mastodon":{"url":"https:\/\/pubeurope.com\/@no\/115682531372822783","error":""},"_links":{"self":[{"href":"https:\/\/www.europesays.com\/no\/wp-json\/wp\/v2\/posts\/107104","targetHints":{"allow":["GET"]}}],"collection":[{"href":"https:\/\/www.europesays.com\/no\/wp-json\/wp\/v2\/posts"}],"about":[{"href":"https:\/\/www.europesays.com\/no\/wp-json\/wp\/v2\/types\/post"}],"author":[{"embeddable":true,"href":"https:\/\/www.europesays.com\/no\/wp-json\/wp\/v2\/users\/2"}],"replies":[{"embeddable":true,"href":"https:\/\/www.europesays.com\/no\/wp-json\/wp\/v2\/comments?post=107104"}],"version-history":[{"count":0,"href":"https:\/\/www.europesays.com\/no\/wp-json\/wp\/v2\/posts\/107104\/revisions"}],"wp:featuredmedia":[{"embeddable":true,"href":"https:\/\/www.europesays.com\/no\/wp-json\/wp\/v2\/media\/107105"}],"wp:attachment":[{"href":"https:\/\/www.europesays.com\/no\/wp-json\/wp\/v2\/media?parent=107104"}],"wp:term":[{"taxonomy":"category","embeddable":true,"href":"https:\/\/www.europesays.com\/no\/wp-json\/wp\/v2\/categories?post=107104"},{"taxonomy":"post_tag","embeddable":true,"href":"https:\/\/www.europesays.com\/no\/wp-json\/wp\/v2\/tags?post=107104"}],"curies":[{"name":"wp","href":"https:\/\/api.w.org\/{rel}","templated":true}]}}