{"id":107114,"date":"2025-12-08T06:34:10","date_gmt":"2025-12-08T06:34:10","guid":{"rendered":"https:\/\/www.europesays.com\/no\/107114\/"},"modified":"2025-12-08T06:34:10","modified_gmt":"2025-12-08T06:34:10","slug":"hvordan-far-du-gjestene-til-a-ga-uten-a-vaere-uhoflig","status":"publish","type":"post","link":"https:\/\/www.europesays.com\/no\/107114\/","title":{"rendered":"Hvordan f\u00e5r du gjestene til \u00e5 g\u00e5, uten \u00e5 v\u00e6re uh\u00f8flig?"},"content":{"rendered":"<p class=\"extendedContent hyperion-css-1t9vqrb\" data-test-tag=\"lead-text\">\u2013 Hvordan f\u00e5r jeg gjestene ut, uten \u00e5 v\u00e6re uh\u00f8flig? sp\u00f8r leseren. En av landets fremste festarrang\u00f8rer svarer med sinte advarsler. Samt \u00abdet vennlige, absolutt korrekte \u00e5 si.\u00bbap-feature-arrow<\/p>\n<p><img decoding=\"async\" class=\"image-asset hyperion-css-u06ts1\" data-test-tag=\"image-asset\" src=\"https:\/\/www.europesays.com\/no\/wp-content\/uploads\/2025\/12\/c7a05d64-2e38-4f59-9082-c6c1f2ec3204\"  alt=\"\"  loading=\"eager\" fetchpriority=\"high\" style=\"aspect-ratio:2048 \/ 1365\"\/> Illustrasjon: Christen Pedersen \/ NTB<\/p>\n<p>Publisert: 08.12.2025 06:30<\/p>\n<p class=\"paywall hyperion-css-1j42uic\">Middag privat kl. 19. Deretter kaffe. Konjakk. Drinker. Stemningen stiger, tiden g\u00e5r. Hva gj\u00f8r verten klokken to? Eller halv fem?<\/p>\n<p class=\"paywall hyperion-css-1j42uic\"><strong>Det er nettopp slike ustoppelige selskaper innsenderen ber om hjelp til. Og viser til at \u00e9n venn henter frem st\u00f8vsugeren ut p\u00e5 morgenkvisten. Pyjamas og tannb\u00f8rste, av alle ting, nevnes som et annet eksempel p\u00e5 ekstrem-tiltak.<\/strong><\/p>\n<p class=\"hyperion-css-1qm9e9t\">Les hele saken med abonnement<\/p>\n<p>Allerede abonnent? Logg inn<\/p>\n","protected":false},"excerpt":{"rendered":"\u2013 Hvordan f\u00e5r jeg gjestene ut, uten \u00e5 v\u00e6re uh\u00f8flig? sp\u00f8r leseren. En av landets fremste festarrang\u00f8rer svarer&hellip;\n","protected":false},"author":2,"featured_media":107115,"comment_status":"","ping_status":"","sticky":false,"template":"","format":"standard","meta":{"footnotes":""},"categories":[10],"tags":[20,21,24,25,15,22,23,13,30,28,29,14,16,26,27],"class_list":{"0":"post-107114","1":"post","2":"type-post","3":"status-publish","4":"format-standard","5":"has-post-thumbnail","7":"category-norge","8":"tag-breaking-news","9":"tag-breakingnews","10":"tag-featured-news","11":"tag-featurednews","12":"tag-headlines","13":"tag-latest-news","14":"tag-latestnews","15":"tag-news","16":"tag-no","17":"tag-norge","18":"tag-norway","19":"tag-nyheter","20":"tag-overskrifter","21":"tag-top-stories","22":"tag-topstories"},"share_on_mastodon":{"url":"https:\/\/pubeurope.com\/@no\/115682559063624219","error":""},"_links":{"self":[{"href":"https:\/\/www.europesays.com\/no\/wp-json\/wp\/v2\/posts\/107114","targetHints":{"allow":["GET"]}}],"collection":[{"href":"https:\/\/www.europesays.com\/no\/wp-json\/wp\/v2\/posts"}],"about":[{"href":"https:\/\/www.europesays.com\/no\/wp-json\/wp\/v2\/types\/post"}],"author":[{"embeddable":true,"href":"https:\/\/www.europesays.com\/no\/wp-json\/wp\/v2\/users\/2"}],"replies":[{"embeddable":true,"href":"https:\/\/www.europesays.com\/no\/wp-json\/wp\/v2\/comments?post=107114"}],"version-history":[{"count":0,"href":"https:\/\/www.europesays.com\/no\/wp-json\/wp\/v2\/posts\/107114\/revisions"}],"wp:featuredmedia":[{"embeddable":true,"href":"https:\/\/www.europesays.com\/no\/wp-json\/wp\/v2\/media\/107115"}],"wp:attachment":[{"href":"https:\/\/www.europesays.com\/no\/wp-json\/wp\/v2\/media?parent=107114"}],"wp:term":[{"taxonomy":"category","embeddable":true,"href":"https:\/\/www.europesays.com\/no\/wp-json\/wp\/v2\/categories?post=107114"},{"taxonomy":"post_tag","embeddable":true,"href":"https:\/\/www.europesays.com\/no\/wp-json\/wp\/v2\/tags?post=107114"}],"curies":[{"name":"wp","href":"https:\/\/api.w.org\/{rel}","templated":true}]}}