{"id":107126,"date":"2025-12-08T06:42:12","date_gmt":"2025-12-08T06:42:12","guid":{"rendered":"https:\/\/www.europesays.com\/no\/107126\/"},"modified":"2025-12-08T06:42:12","modified_gmt":"2025-12-08T06:42:12","slug":"politi-knivstikking-mann-knivstukket-en-pagrepet","status":"publish","type":"post","link":"https:\/\/www.europesays.com\/no\/107126\/","title":{"rendered":"Politi, Knivstikking | Mann knivstukket \u2013 en p\u00e5grepet"},"content":{"rendered":"\n<p>Klokken 02.23, natt til mandag, melder Nordland politidistrikt om en knivstikking i Narvik-omr\u00e5det. <\/p>\n<p>En mann er p\u00e5grepet og mistenkt for \u00e5 st\u00e5 bak knivstikkingen.<\/p>\n<p>\u2013 Forn\u00e6rmede ble funnet av politiet utenfor en adresse. Han ble umiddelbart kj\u00f8rt til sykehuset og er overtatt av helse. Politiet kjenner ikke til skadegraden til forn\u00e6rmede, opplyser operasjonsleder May Wenche Hansen ved Nordland politidistrikt.<\/p>\n<p>Det jobbes n\u00e5 med bevissikring i saken. <\/p>\n<p>\u2013 Etterforskningen fortsetter i morgen tidlig, med blant annet avh\u00f8r, opplyser Hansen i en melding natt til mandag.<\/p>\n<p>Hansen sier mandag morgen til Fremover at politiet ikke kjent med at det er noen relasjon mellom han som er p\u00e5grepet og forn\u00e6rmede. <\/p>\n<p>Hun vil heller ikke si noe om alder p\u00e5 de to involverte. <\/p>\n","protected":false},"excerpt":{"rendered":"Klokken 02.23, natt til mandag, melder Nordland politidistrikt om en knivstikking i Narvik-omr\u00e5det. En mann er p\u00e5grepet og&hellip;\n","protected":false},"author":2,"featured_media":9634,"comment_status":"","ping_status":"","sticky":false,"template":"","format":"standard","meta":{"footnotes":""},"categories":[5],"tags":[36,20,21,24,25,15,19,1476,22,23,17,18,13,30,3657,28,29,14,16,254,1510,26,27],"class_list":{"0":"post-107126","1":"post","2":"type-post","3":"status-publish","4":"format-standard","5":"has-post-thumbnail","7":"category-overskrifter","8":"tag-art","9":"tag-breaking-news","10":"tag-breakingnews","11":"tag-featured-news","12":"tag-featurednews","13":"tag-headlines","14":"tag-hovedoppslag","15":"tag-knivstikking","16":"tag-latest-news","17":"tag-latestnews","18":"tag-main-news","19":"tag-mainnews","20":"tag-news","21":"tag-no","22":"tag-nordland-politidistrikt","23":"tag-norge","24":"tag-norway","25":"tag-nyheter","26":"tag-overskrifter","27":"tag-politi","28":"tag-story","29":"tag-top-stories","30":"tag-topstories"},"share_on_mastodon":{"url":"https:\/\/pubeurope.com\/@no\/115682590344192345","error":""},"_links":{"self":[{"href":"https:\/\/www.europesays.com\/no\/wp-json\/wp\/v2\/posts\/107126","targetHints":{"allow":["GET"]}}],"collection":[{"href":"https:\/\/www.europesays.com\/no\/wp-json\/wp\/v2\/posts"}],"about":[{"href":"https:\/\/www.europesays.com\/no\/wp-json\/wp\/v2\/types\/post"}],"author":[{"embeddable":true,"href":"https:\/\/www.europesays.com\/no\/wp-json\/wp\/v2\/users\/2"}],"replies":[{"embeddable":true,"href":"https:\/\/www.europesays.com\/no\/wp-json\/wp\/v2\/comments?post=107126"}],"version-history":[{"count":0,"href":"https:\/\/www.europesays.com\/no\/wp-json\/wp\/v2\/posts\/107126\/revisions"}],"wp:featuredmedia":[{"embeddable":true,"href":"https:\/\/www.europesays.com\/no\/wp-json\/wp\/v2\/media\/9634"}],"wp:attachment":[{"href":"https:\/\/www.europesays.com\/no\/wp-json\/wp\/v2\/media?parent=107126"}],"wp:term":[{"taxonomy":"category","embeddable":true,"href":"https:\/\/www.europesays.com\/no\/wp-json\/wp\/v2\/categories?post=107126"},{"taxonomy":"post_tag","embeddable":true,"href":"https:\/\/www.europesays.com\/no\/wp-json\/wp\/v2\/tags?post=107126"}],"curies":[{"name":"wp","href":"https:\/\/api.w.org\/{rel}","templated":true}]}}