{"id":107127,"date":"2025-12-08T06:43:10","date_gmt":"2025-12-08T06:43:10","guid":{"rendered":"https:\/\/www.europesays.com\/no\/107127\/"},"modified":"2025-12-08T06:43:10","modified_gmt":"2025-12-08T06:43:10","slug":"manchester-united-legende-ut-mot-mainoo-behandling-han-blir-odelagt","status":"publish","type":"post","link":"https:\/\/www.europesays.com\/no\/107127\/","title":{"rendered":"Manchester United-legende ut mot Mainoo-behandling: \u2013 Han blir \u00f8delagt"},"content":{"rendered":"\n<p class=\"_lead_o9xde_2 _lead_xtcu6_50 layout-component text-serif-m layout-normal text-serif-l layout-component layout-wide layout-padded _wide_17hqh_1 layout-padded\">Manchester United-ikonet Paul Scholes er lite forn\u00f8yd med at Kobbie Mainoo ikke f\u00e5r spilletid av United-trener Ruben Amorim.<\/p>\n<ul class=\"_gallery_1qa3s_23\" tabindex=\"0\">\n<li class=\"_item_1qa3s_37\" data-index=\"0\"><img fetchpriority=\"high\" decoding=\"async\" class=\"_image_foru8_23 _introGallery_foru8_43\" data-fullscreen- width=\"3402\" height=\"2268\" itemprop=\"image\" loading=\"eager\"  src=\"https:\/\/www.europesays.com\/no\/wp-content\/uploads\/2025\/12\/5c14d1c5-f167-4081-bd06-e679ec355649\"  style=\"object-position:50% 50%;aspect-ratio:var(--gallery-aspect-ratio, 16 \/ 9)\"\/>Kobbie Mainoo scoret i januar mot rumenske FCSB i Europaligaen. N\u00e5 sliter unggutten med \u00e5 f\u00e5 spilletid.  Foto: Andreea Alexandru \/ AP \/ NTB<\/li>\n<li class=\"_item_1qa3s_37\" data-index=\"1\"><img decoding=\"async\" class=\"_image_foru8_23 _introGallery_foru8_43\" data-fullscreen- width=\"5184\" height=\"3456\" itemprop=\"image\" loading=\"lazy\"  src=\"https:\/\/www.europesays.com\/no\/wp-content\/uploads\/2025\/12\/76f7176e-eb6c-4acc-a44b-b9b1029a2306\"  style=\"object-position:50% 50%;aspect-ratio:var(--gallery-aspect-ratio, 16 \/ 9)\"\/>Manchester United-legende Paul Scholes er misforn\u00f8yd med behandlingen av Mainoo.  Foto: Jon Super \/ AP \/ NTB<\/li>\n<\/ul>\n<p>Kobbie Mainoo scoret i januar mot rumenske FCSB i Europaligaen. N\u00e5 sliter unggutten med \u00e5 f\u00e5 spilletid.  Foto: Andreea Alexandru \/ AP \/ NTB<\/p>\n<ul aria-hidden=\"true\" class=\"_images_ntbth_112\">\n<li><a class=\"_link_ntbth_117\" href=\"https:\/\/www.vg.no\/forfatter\/ntb\" style=\"z-index:1\" title=\"NTB\" rel=\"nofollow noopener\" target=\"_blank\"><img alt=\"Bilde av NTB\" class=\"_image_ntbth_93\" fetchpriority=\"low\" loading=\"lazy\" decoding=\"async\" itemprop=\"image\"  src=\"https:\/\/www.europesays.com\/no\/wp-content\/uploads\/2025\/12\/1765176190_322_c33980b0-5d07-4027-84a1-813f90a7c8d6\"  width=\"480\"\/><\/a><\/li>\n<\/ul>\n<p> Oppdatert mandag 8. desember kl. 07:16     <\/p>\n<p class=\"_paragraph_o9xde_4 _paragraph_xtcu6_10 layout-component text-serif-m layout-normal text-serif-m layout-padded\">\u2013 Gutten blir \u00f8delagt av \u00e5 ikke brukes i et lag som ikke kan kontrollere en fotballkamp, skrev Scholes i et Instagram-innlegg som han siden har slettet.<\/p>\n<p class=\"_paragraph_o9xde_4 _paragraph_xtcu6_10 layout-component text-serif-m layout-normal text-serif-m layout-padded\">20-\u00e5ringen har bare f\u00e5tt \u00e9n start denne sesongen. Den kom i det ydmykende tapet for Grimsby Town fra niv\u00e5 4 i ligacupen. I Premier League har det bare blitt 171 minutter fordelt p\u00e5 ni kamper, alle innhopp fra benken.<\/p>\n<p class=\"_paragraph_o9xde_4 _paragraph_xtcu6_10 layout-component text-serif-m layout-normal text-serif-m layout-padded\"> \u2013 Jeg hater \u00e5 se egenutviklede spillere dra, men det er nok det beste for ham n\u00e5. Nok er nok, skrev han videre.<\/p>\n<p class=\"_paragraph_o9xde_4 _paragraph_xtcu6_10 layout-component text-serif-m layout-normal text-serif-m layout-padded\">En rekke medier meldte i august at Mainoo hadde bedt om \u00e5 f\u00e5 forlate klubben p\u00e5 l\u00e5n, et \u00f8nske som ikke gikk i oppfyllelse.<\/p>\n<p class=\"_paragraph_o9xde_4 _paragraph_xtcu6_10 layout-component text-serif-m layout-normal text-serif-m layout-padded\">Mandag kveld spiller <a href=\"https:\/\/www.vg.no\/tag\/manchester-united?utm_source=vg-article&amp;utm_medium=auto-tagger&amp;utm_campaign=8pw56G\" class=\"_link_o9xde_39\" rel=\"nofollow noopener\" target=\"_blank\">Manchester United<\/a> borte mot Wolverhampton i Premier League. Amorims lag kan klatre helt opp til 6.-plass med seier over tabelljumboen.<\/p>\n<p>Amorim: \u2013 Min avgj\u00f8relse<\/p>\n<p class=\"_paragraph_o9xde_4 _paragraph_xtcu6_10 layout-component text-serif-m layout-normal text-serif-m layout-padded\">Etter poengdelingen med West Ham torsdag kveld, ble Amorim spurt om han tror det er en risiko for at Mainoo blir demoralisert etter \u00e5 ha blitt v\u00e6rende p\u00e5 benken nok en gang.<\/p>\n<p class=\"_paragraph_o9xde_4 _paragraph_xtcu6_10 layout-component text-serif-m layout-normal text-serif-m layout-padded\">\u2013 Jeg skj\u00f8nner hva dere sier. Dere elsker Kobbie. Han starter for England, men det betyr ikke at jeg m\u00e5 sette ham inn n\u00e5r jeg ikke synes jeg burde sette ham inn. Det er min avgj\u00f8relse, sa portugiseren p\u00e5 en pressekonferanse etter kampen.<\/p>\n<p class=\"_paragraph_o9xde_4 _paragraph_xtcu6_10 layout-component text-serif-m layout-normal text-serif-m layout-padded\">Amorim understrekte samtidig at hans eneste m\u00e5l er \u00e5 vinne fotballkamper.<\/p>\n<p class=\"_paragraph_o9xde_4 _paragraph_xtcu6_10 layout-component text-serif-m layout-normal text-serif-m layout-padded\">\u2013 Jeg vil bare vinne. Jeg pr\u00f8ver \u00e5 sette de beste spillerne p\u00e5 banen, la han til.<\/p>\n<p>Fra bankers til benk<\/p>\n<p class=\"_paragraph_o9xde_4 _paragraph_xtcu6_10 layout-component text-serif-m layout-normal text-serif-m layout-padded\">Allerede i en alder av 18 var Mainoo en viktig del av Erik Ten Hags mannskap p\u00e5 Old Trafford. I 2023\/2024-sesongen startet han 24 kamper. Forrige sesong var han i startelleveren 19 ganger.<\/p>\n<p class=\"_paragraph_o9xde_4 _paragraph_xtcu6_10 layout-component text-serif-m layout-normal text-serif-m layout-padded\">P\u00e5 landslaget fikk han starte fire av Englands seks EM-kamper i fjor, inkludert finalen. Han har imidlertid ikke blitt tatt ut til landslaget siden Thomas Tuchel ble England-trener i januar.<\/p>\n<p class=\"_paragraph_o9xde_4 _paragraph_xtcu6_10 layout-component text-serif-m layout-normal text-serif-m layout-padded\">Det ser dermed lite sannsynlig ut at Mainoo f\u00e5r v\u00e6re med \u00e5 spille VM neste sommer.<\/p>\n<p class=\"_paragraph_o9xde_4 _paragraph_xtcu6_10 layout-component text-serif-m layout-normal text-serif-m layout-padded\">Scholes ble selv utviklet i United og tilbrakte hele karrieren p\u00e5 Old Trafford. I l\u00f8pet av sine 20 \u00e5r i klubben vant han 11 Premier League-titler og to Champions League-titler.<\/p>\n","protected":false},"excerpt":{"rendered":"Manchester United-ikonet Paul Scholes er lite forn\u00f8yd med at Kobbie Mainoo ikke f\u00e5r spilletid av United-trener Ruben Amorim.&hellip;\n","protected":false},"author":2,"featured_media":107128,"comment_status":"","ping_status":"","sticky":false,"template":"","format":"standard","meta":{"footnotes":""},"categories":[59],"tags":[13333,158,30,28,29,161,192,83,82],"class_list":{"0":"post-107127","1":"post","2":"type-post","3":"status-publish","4":"format-standard","5":"has-post-thumbnail","7":"category-sport","8":"tag-kobbie-mainoo","9":"tag-manchester-united","10":"tag-no","11":"tag-norge","12":"tag-norway","13":"tag-premier-league","14":"tag-ruben-amorim","15":"tag-sport","16":"tag-sports"},"share_on_mastodon":{"url":"https:\/\/pubeurope.com\/@no\/115682594528085281","error":""},"_links":{"self":[{"href":"https:\/\/www.europesays.com\/no\/wp-json\/wp\/v2\/posts\/107127","targetHints":{"allow":["GET"]}}],"collection":[{"href":"https:\/\/www.europesays.com\/no\/wp-json\/wp\/v2\/posts"}],"about":[{"href":"https:\/\/www.europesays.com\/no\/wp-json\/wp\/v2\/types\/post"}],"author":[{"embeddable":true,"href":"https:\/\/www.europesays.com\/no\/wp-json\/wp\/v2\/users\/2"}],"replies":[{"embeddable":true,"href":"https:\/\/www.europesays.com\/no\/wp-json\/wp\/v2\/comments?post=107127"}],"version-history":[{"count":0,"href":"https:\/\/www.europesays.com\/no\/wp-json\/wp\/v2\/posts\/107127\/revisions"}],"wp:featuredmedia":[{"embeddable":true,"href":"https:\/\/www.europesays.com\/no\/wp-json\/wp\/v2\/media\/107128"}],"wp:attachment":[{"href":"https:\/\/www.europesays.com\/no\/wp-json\/wp\/v2\/media?parent=107127"}],"wp:term":[{"taxonomy":"category","embeddable":true,"href":"https:\/\/www.europesays.com\/no\/wp-json\/wp\/v2\/categories?post=107127"},{"taxonomy":"post_tag","embeddable":true,"href":"https:\/\/www.europesays.com\/no\/wp-json\/wp\/v2\/tags?post=107127"}],"curies":[{"name":"wp","href":"https:\/\/api.w.org\/{rel}","templated":true}]}}