{"id":107131,"date":"2025-12-08T06:49:14","date_gmt":"2025-12-08T06:49:14","guid":{"rendered":"https:\/\/www.europesays.com\/no\/107131\/"},"modified":"2025-12-08T06:49:14","modified_gmt":"2025-12-08T06:49:14","slug":"delstaten-florida-boikotter-fem-norske-universiteter","status":"publish","type":"post","link":"https:\/\/www.europesays.com\/no\/107131\/","title":{"rendered":"Delstaten Florida boikotter fem norske universiteter"},"content":{"rendered":"<p>I Florida har delstatsmyndighetene g\u00e5tt ut mot bedrifter, organisasjoner og institusjoner som har markert avstand til eller har avsluttet formelle samarbeid med Israel. Dette er en del av politikken til Floridas konservative guvern\u00f8r, republikaneren Ron DeSantis, som tidligere ogs\u00e5 var presidentkandidat.\u00a0<\/p>\n<p>Det er Florida State Board of Administration (SBA) som har utarbeidet lista, som blir oppdatert kvartalsvis. If\u00f8lge SBA er det etter lovens bokstav forbudt \u00e5 samarbeide med de som blir f\u00f8rt opp p\u00e5 lista.<\/p>\n<p>De norske studiestedene som er f\u00f8rt opp fra og med oktober, er f\u00f8lgende:<\/p>\n<ul>\n<li class=\"lab-bodytext-line\">Universitetet i Stavanger<\/li>\n<li class=\"lab-bodytext-line\">Nord universitet<\/li>\n<li class=\"lab-bodytext-line\">Universitetet i Bergen<\/li>\n<li class=\"lab-bodytext-line\">Bergen Arkitekth\u00f8gskole<\/li>\n<li class=\"lab-bodytext-line\">OsloMet<\/li>\n<li class=\"lab-bodytext-line\">Universitetet i S\u00f8r\u00f8st-Norge<\/li>\n<\/ul>\n<p> I tillegg er ogs\u00e5 Oslo kommune, LO og Storebrand p\u00e5 Floridas boikott-liste. Alle er oppf\u00f8rt med 12 m\u00e5neders boikott-periode fra 1. oktober i \u00e5r.<\/p>\n<p>Ogs\u00e5 Oljefondet og Folketrygdfondet kan dukke opp p\u00e5 neste oppdatering av boikott-lista. Finansminister Jens Stoltenberg har if\u00f8lge <a href=\"https:\/\/e24.no\/internasjonal-oekonomi\/i\/yEezbe\/florida-truer-med-aa-sette-oljefondet-paa-anti-israel-liste\" rel=\"nofollow noopener\" target=\"_blank\">E24 <\/a>mottatt et brev, med en advarsel om at dette kan skje, fordi fondene har utelukket selskaper myndighetene de mener har en tilknytning til okkupasjon p\u00e5 Vestbredden.<\/p>\n<p>        <a itemprop=\"url\" class=\"\" href=\"https:\/\/www.khrono.no\/slutt-pa-at-ansatte-kan-bruke-airbnb-og-bookingcom-pa-jobbreiser\/1019822\" data-k5a-url=\"https:\/\/www.khrono.no\/a\/1019822\" rel=\"nofollow noopener\" target=\"_blank\"><\/p>\n<p>Universitetet i Oslo<\/p>\n<p>            Slutt p\u00e5 at ansatte kan bruke Airbnb og Booking.com p\u00e5 jobbreiser <\/p>\n<p>        <\/a><\/p>\n<p>\u00d8nsker en protestb\u00f8lge<\/p>\n<p>Professor Torkel Brekke ved MF vitenskapelig h\u00f8yskole gleder seg over boikotten av norske studiesteder. I fjor\u00a0skrev han kronikken \u00abPlease Boycott My Country\u00bb, i <a href=\"https:\/\/www.wsj.com\/opinion\/please-boycott-my-country-norway-higher-education-israel-antisemitism-2582f516\" data-lab-font_weight=\"font-weight-bold\" class=\"font-weight-bold m-font-weight-bold\" rel=\"nofollow noopener\" target=\"_blank\">Wall Street Journal<\/a>, der han <a href=\"https:\/\/www.khrono.no\/oppfordrer-til-amerikansk-boikott-av-norske-universiteter\/853804\" data-lab-font_weight=\"font-weight-bold\" class=\"font-weight-bold m-font-weight-bold\" rel=\"nofollow noopener\" target=\"_blank\">oppfordrer til boikott<\/a> av alle norske virksomheter som Brekke mener driver med antisionisme.\u00a0<\/p>\n<p>                <img decoding=\"async\" src=\"https:\/\/www.europesays.com\/no\/wp-content\/uploads\/2025\/12\/417123.webp\" width=\"480\" height=\"274\" title=\"Professor Torkel Brekke synes Floridas boikott av norske universiteter er helt p\u00e5 sin plass.\" alt=\"\" loading=\"lazy\" style=\"\"\/><\/p>\n<p>\n            Professor Torkel Brekke synes Floridas boikott av norske universiteter er helt p\u00e5 sin plass.<br \/>\n            \u00d8ystein Fimland\n        <\/p>\n<p class=\"italic m-italic\" data-lab-italic=\"italic\"> \u2014 Da har du f\u00e5tt det som du ville?<\/p>\n<p> \u2014 Ja, det er jo bare \u00e9n delstat, da. Det gjenst\u00e5r mange stater,<br \/>\nog hva som skjer p\u00e5 f\u00f8deralt niv\u00e5, vet jeg ikke noe om.\u00a0<\/p>\n<p class=\"italic m-italic\" data-lab-italic=\"italic\"> \u2014 Du \u00f8nsker at det skal g\u00e5 en b\u00f8lge gjennom Amerika p\u00e5 med<br \/>\nen boikott mot disse nevnte studiestedene?\u00a0<\/p>\n<p> \u2014 Ja, selvf\u00f8lgelig. Ikke bare i Amerika. Poenget m\u00e5 jo v\u00e6re \u00e5<br \/>\nstille til ansvar de organisasjonene som st\u00f8tter opp under det som er en<br \/>\nglobal kampanje med klare rasistiske konsekvenser.\u00a0<\/p>\n<p>        <a itemprop=\"url\" class=\"\" href=\"https:\/\/www.khrono.no\/uio-styret-holdt-israel-diskusjon-hemmelig\/1019608\" data-k5a-url=\"https:\/\/www.khrono.no\/a\/1019608\" rel=\"nofollow noopener\" target=\"_blank\"><\/p>\n<p>styrem\u00f8te UiO<\/p>\n<p>            UiO-styret holdt Israel-diskusjon hemmelig<\/p>\n<p>        <\/a><\/p>\n<p>\u2014 B\u00f8r v\u00e6re upolitiske\u00a0<\/p>\n<p>Man kan ikke bare sitte i et hj\u00f8rne av verden og boikotte,<br \/>\nmener Brekke.\u00a0Han sier det m\u00e5 bli et st\u00f8rre alvor over det for de som<br \/>\nengasjerer seg mot Israel. <\/p>\n<p> \u2014 Ved \u00e5 vedta disse boikottene vi ser p\u00e5 norske universiteter<br \/>\nog h\u00f8gskoler, blir man en del av den globale, antisionistiske politikken som vi<br \/>\nser ut\u00f8ves i dag. Det m\u00e5 reageres p\u00e5, det er viktig.<\/p>\n<p> \u2014 Det vi ser i dag er at forskere fra Israel blir nektet \u00e5<br \/>\ndelta i internasjonale forskernettverk, konferanser, tidsskifter og s\u00e5<br \/>\nvidere.\u00a0Og resultatet er en rasistisk form for utestengelse.<\/p>\n<p class=\"italic m-italic\" data-lab-italic=\"italic\"> \u2014 Hvorfor mener du er galt av norske universiteter i \u00e5<br \/>\nmarkere motstand til Israel gjennom boikotter?\u00a0<\/p>\n<p> \u2014 Jeg ser ikke noe poeng i det hele tatt i at norske<br \/>\nutdanningsinstitusjoner har politiske meninger om p\u00e5g\u00e5ende saker i det hele<br \/>\ntatt.\u00a0<\/p>\n<p class=\"italic m-italic\" data-lab-italic=\"italic\"> \u2014 De skal v\u00e6re upolitiske i all sin fremferd?\u00a0<\/p>\n<p> \u2014 Ja, det mener jeg absolutt at de skal v\u00e6re.<\/p>\n<p class=\"italic m-italic\" data-lab-italic=\"italic\"> \u2014 Ville du ha st\u00f8ttet en akademisk boikott mot<br \/>\nPalestina?\u00a0<\/p>\n<p> \u2014 Nei. Selvf\u00f8lgelig ikke. Men det er et litt morsomt sp\u00f8rsm\u00e5l.<br \/>\nDet palestinske lederskapet er jo udemokratisk, og kommer jo aller nederst p\u00e5<br \/>\nalle internasjonale rankinger av demokratiske friheter og<br \/>\nmenneskerettigheter.\u00a0Men likevel s\u00e5 ville jeg ha v\u00e6rt mot en boikott av<br \/>\npalestinske, akademiske institusjoner.\u00a0<\/p>\n<p class=\"italic m-italic\" data-lab-italic=\"italic\"> \u2014 Hvis Florida hadde satt opp din arbeidsplass MF p\u00e5<br \/>\nboikottlista, ville du ha st\u00f8ttet den boikotten?<\/p>\n<p> \u2014 Ja, selvf\u00f8lgelig. Hvis de hadde gjort en grundig<br \/>\nunders\u00f8kelse av at institusjonen boikottet p\u00e5 den m\u00e5ten vi snakker om her, s\u00e5<br \/>\nville jeg selvf\u00f8lgelig st\u00f8ttet det.\u00a0<\/p>\n<p class=\"italic m-italic\" data-lab-italic=\"italic\"> \u2014 Og det ville v\u00e6rt greit for ledelsen ved MF, at du ville<br \/>\ng\u00e5tt aktivt inn for en boikott av dem?<\/p>\n<p> \u2014 Det har jeg ikke svar p\u00e5, jeg regner med at det ikke blir<br \/>\naktuelt. Og s\u00e5 er det noe som heter lojalitet til arbeidsgiver. Men sp\u00f8rsm\u00e5let<br \/>\ner uansett bare hypotetisk, s\u00e5 dette kan jeg ikke svare p\u00e5.<\/p>\n<p>        <a itemprop=\"url\" class=\"\" href=\"https:\/\/www.khrono.no\/bi-professoren-vil-ikkje-vere-ein-taus-tilskodar\/1018739\" data-k5a-url=\"https:\/\/www.khrono.no\/a\/1018739\" rel=\"nofollow noopener\" target=\"_blank\"><\/p>\n<p>FINALIST \u00e5rets namn i akademia<\/p>\n<p>            BI-professoren vil ikkje v\u00e6re ein taus tilskodar<\/p>\n<p>        <\/a><\/p>\n<p> \u2014 Foruroligende<\/p>\n<p>Klaus Mohn, rektor ved Universitetet i Stavanger (UiS), mener \u00e5 lese ut av lista at den er mest rettet mot<br \/>\nkommersielle forbindelser generelt og investeringer spesielt.\u00a0<\/p>\n<p> \u2014 Dermed<br \/>\nforst\u00e5r jeg ikke helt relevansen av \u00e5 inkludere norske universiteter og<br \/>\nh\u00f8yskoler, sier Mohn.<\/p>\n<p>Han tror ikke listeoppf\u00f8ringen vil f\u00e5 konsekvenser for universitetet, fordi den akademiske utvekslingen med Florida per n\u00e5 er ikke er spesielt omfattende. For eksempel har de ingen avtaler om studentutveksling med universiteter i Florida.<\/p>\n<p>\u2014\u00a0S\u00e5 er det riktig at styret ved UiS har lagt<br \/>\nbegrensninger p\u00e5 samarbeidet med israelske universitet og h\u00f8yskoler p\u00e5<br \/>\ninstitusjonsniv\u00e5, men jeg vil samtidig minne om v\u00e5rt styre ikke har vedtatt<br \/>\nnoen full boikott av Israel som s\u00e5dan. <\/p>\n<p>\u2014\u00a0Rent overordnet: Hvordan ser du p\u00e5 det at en<br \/>\namerikansk delstat velger \u00e5 plukke ut norske universiteter og h\u00f8gskoler til<br \/>\nen slik liste?\u00a0<\/p>\n<p>\u2014\u00a0Det er foruroligende. Hvis det skulle bre seg opp i<br \/>\nen generell trend som gjelder et st\u00f8rre utvalg av amerikanske delstater, s\u00e5 vil<br \/>\ndette selvsagt bli problematisk.<\/p>\n<p>        <a itemprop=\"url\" class=\"\" href=\"https:\/\/www.khrono.no\/aksjonerte-med-e-poster-og-fikk-utsatt-israel-vedtak\/1010319\" data-k5a-url=\"https:\/\/www.khrono.no\/a\/1010319\" rel=\"nofollow noopener\" target=\"_blank\"><\/p>\n<p>Universitetet i Oslo<\/p>\n<p>            Aksjonerte med e-poster og fikk utsatt Israel-vedtak<\/p>\n<p>        <\/a><\/p>\n<p>Ikke institusjonell boikott<\/p>\n<p>Hans rektorkollega i Bergen er ogs\u00e5 urolig over den demokratiske utviklingen i USA.<\/p>\n<p> \u2014\u00a0Det er utrolig trist og uforst\u00e5elig at det skjer, selvf\u00f8lgelig.<br \/>\nDet sier ogs\u00e5 hvor langt det har g\u00e5tt i USA, sier Margareth Hagen ved Universitetet i Bergen (UiB).\u00a0<\/p>\n<p>                <img decoding=\"async\" src=\"https:\/\/www.europesays.com\/no\/wp-content\/uploads\/2025\/12\/567307.webp\" width=\"480\" height=\"274\" title=\"Margareth Hagen er urolig over den demokratiske utviklingen i USA.\" alt=\"\" loading=\"lazy\" style=\"\"\/><\/p>\n<p>\n            Margareth Hagen er urolig over den demokratiske utviklingen i USA.<br \/>\n            Silje Katrine Robinson\n        <\/p>\n<p class=\"italic m-italic\" data-lab-italic=\"italic\"> \u2014\u00a0Hva er det som har utl\u00f8st at dere er oppf\u00f8rt p\u00e5 lista, tror du?<\/p>\n<p> \u2014 Det kan skyldes at to av v\u00e5re fakulteter har sagt opp avtaler med<br \/>\nisraelske institusjoner. S\u00e5 var det ogs\u00e5 en<br \/>\nsak fra tidligere \u00e5r som ogs\u00e5 <a href=\"https:\/\/www.khrono.no\/samarbeid-mellom-uib-og-amerikansk-universitet-skrinlagt-svaert-alvorlig\/960584\" data-lab-font_weight=\"font-weight-bold\" class=\"font-weight-bold m-font-weight-bold\" rel=\"nofollow noopener\" target=\"_blank\">Khrono har omtalt<\/a>,\u00a0et planlagt, internasjonalt<br \/>\nsamarbeid mellom Senter for kvinne- og kj\u00f8nnsforskning ved UiB og et universitet i<br \/>\nFlorida.<\/p>\n<p>UiB<br \/>\nhar tre prosjekter med University of Central Florida. Et av disse, som heter AI LEARN, er i ferd med<br \/>\n\u00e5 starte opp, mens to er i ferd med avsluttes. Det f\u00f8rste n\u00e5 i desember, det andre i januar. P\u00e5 n\u00e5v\u00e6rende<br \/>\ntidspunkt vet ikke UiB hvilke konsekvenser Floridas boikott-liste har for University of Central<br \/>\nFlorida\u2019s deltakelse i AI LEARN.<\/p>\n<p>UiB<br \/>\nhar ingen utvekslingsavtaler med universiteter i Florida.<\/p>\n<p>Margareth Hagen sier universitetet ikke har vedtatt noen institusjonell, akademisk boikott av Israel.\u00a0<\/p>\n<p>\u2014\u00a0Vi har behandlet dette i UiBs styre i flere omganger,<br \/>\nog det de sier er at akademisk frihet er en grunnverdi for et demokratisk og<br \/>\nkunnskapsbasert samfunn.\u00a0Uten akademisk frihet s\u00e5 har ikke universitetet<br \/>\nden rollen de skal ha, nemlig \u00e5 ha h\u00f8yt tillit, kvalitet og \u00e5 v\u00e6re<br \/>\nsannhetss\u00f8kende.<\/p>\n<p>UiB-rektoren sier det er helt grunnleggende at forskerne kan arbeide<br \/>\nfritt, uten f\u00f8ringer og uten politisk tvang.<\/p>\n<p>\u2014 Hvis ikke de kan arbeide fritt<br \/>\nuten politiske f\u00f8ringer, s\u00e5 kan heller ikke befolkningen ha tillit til forskningen<br \/>\nsom leveres hos oss. Det er et viktig prinsipp at<br \/>\nforskningsmilj\u00f8ene st\u00e5r fritt til \u00e5 inng\u00e5 eller avvikle samarbeid med sine samarbeidspartnere, og de har et<br \/>\nselvstendig ansvar for disse valgene, sier Margareth Hagen.<\/p>\n","protected":false},"excerpt":{"rendered":"I Florida har delstatsmyndighetene g\u00e5tt ut mot bedrifter, organisasjoner og institusjoner som har markert avstand til eller har&hellip;\n","protected":false},"author":2,"featured_media":107132,"comment_status":"","ping_status":"","sticky":false,"template":"","format":"standard","meta":{"footnotes":""},"categories":[10],"tags":[20,21,24,25,15,22,23,13,30,28,29,14,16,26,27],"class_list":{"0":"post-107131","1":"post","2":"type-post","3":"status-publish","4":"format-standard","5":"has-post-thumbnail","7":"category-norge","8":"tag-breaking-news","9":"tag-breakingnews","10":"tag-featured-news","11":"tag-featurednews","12":"tag-headlines","13":"tag-latest-news","14":"tag-latestnews","15":"tag-news","16":"tag-no","17":"tag-norge","18":"tag-norway","19":"tag-nyheter","20":"tag-overskrifter","21":"tag-top-stories","22":"tag-topstories"},"share_on_mastodon":{"url":"https:\/\/pubeurope.com\/@no\/115682617970189074","error":""},"_links":{"self":[{"href":"https:\/\/www.europesays.com\/no\/wp-json\/wp\/v2\/posts\/107131","targetHints":{"allow":["GET"]}}],"collection":[{"href":"https:\/\/www.europesays.com\/no\/wp-json\/wp\/v2\/posts"}],"about":[{"href":"https:\/\/www.europesays.com\/no\/wp-json\/wp\/v2\/types\/post"}],"author":[{"embeddable":true,"href":"https:\/\/www.europesays.com\/no\/wp-json\/wp\/v2\/users\/2"}],"replies":[{"embeddable":true,"href":"https:\/\/www.europesays.com\/no\/wp-json\/wp\/v2\/comments?post=107131"}],"version-history":[{"count":0,"href":"https:\/\/www.europesays.com\/no\/wp-json\/wp\/v2\/posts\/107131\/revisions"}],"wp:featuredmedia":[{"embeddable":true,"href":"https:\/\/www.europesays.com\/no\/wp-json\/wp\/v2\/media\/107132"}],"wp:attachment":[{"href":"https:\/\/www.europesays.com\/no\/wp-json\/wp\/v2\/media?parent=107131"}],"wp:term":[{"taxonomy":"category","embeddable":true,"href":"https:\/\/www.europesays.com\/no\/wp-json\/wp\/v2\/categories?post=107131"},{"taxonomy":"post_tag","embeddable":true,"href":"https:\/\/www.europesays.com\/no\/wp-json\/wp\/v2\/tags?post=107131"}],"curies":[{"name":"wp","href":"https:\/\/api.w.org\/{rel}","templated":true}]}}