{"id":107133,"date":"2025-12-08T06:50:22","date_gmt":"2025-12-08T06:50:22","guid":{"rendered":"https:\/\/www.europesays.com\/no\/107133\/"},"modified":"2025-12-08T06:50:22","modified_gmt":"2025-12-08T06:50:22","slug":"erlend-svardal-boe-advarer-hoyre-mot-ostkandsfloke","status":"publish","type":"post","link":"https:\/\/www.europesays.com\/no\/107133\/","title":{"rendered":"Erlend Svardal B\u00f8e advarer H\u00f8yre mot \u00f8stkandsfloke"},"content":{"rendered":"\n<ol class=\"_list_o9xde_3 _list_xtcu6_9 _ordered_o9xde_79 layout-component text-serif-m layout-normal text-serif-m layout-padded\">\n<li class=\"_item_o9xde_30\">Erlend<\/li>\n<li class=\"_item_o9xde_30\">Svardal<\/li>\n<li class=\"_item_o9xde_30\">B\u00f8e<\/li>\n<\/ol>\n<p class=\"_paragraph_o9xde_4 _paragraph_xtcu6_10 layout-component text-serif-m layout-normal text-serif-m layout-padded\">Han sier nemlig til VG at han vil advare p\u00e5 det sterkeste mot \u00e5 f\u00e5 en ledelse best\u00e5ende kun av folk i og rundt Oslo-omr\u00e5det &#8211; slik det if\u00f8lge <a href=\"https:\/\/www.vg.no\/nyheter\/i\/j0Pa9z\/opplysniger-til-vg-asheim-og-svenneby-ligger-an-til-aa-bli-hoeyre-nestledere\" data-track-element-type=\"Link\" data-track-id=\"link:j0Pa9z\" class=\"_link_o9xde_39\" rel=\"nofollow noopener\" target=\"_blank\">flere medier<\/a> ligger an til n\u00e5.<\/p>\n<p class=\"_paragraph_o9xde_4 _paragraph_xtcu6_10 layout-component text-serif-m layout-normal text-serif-m layout-padded\">\u2013 Enn s\u00e5 lenge er det spekulasjoner, for valgkomiteen har ikke lagt fram noe enn\u00e5. Men det er sv\u00e6rt uheldig hvis vi har en ledelse med kun folk fra \u00d8stlandet. For folk ute i landet vil gjerne identifisere seg med oss. Og et parti som har ambisjoner om \u00e5 styre et land, m\u00e5 ogs\u00e5 speile det samme landet. <\/p>\n<p>\u2013 Trenger noen utenfra<\/p>\n<p class=\"_paragraph_o9xde_4 _paragraph_xtcu6_10 layout-component text-serif-m layout-normal text-serif-m layout-padded\">L\u00f8rdag kveld varslet ogs\u00e5 forh\u00e5ndsfavoritten Peter Fr\u00f8lich <a href=\"https:\/\/www.vg.no\/nyheter\/i\/wrEr2A\/tv2-froelich-sier-nei\" data-track-element-type=\"Link\" data-track-id=\"link:wrEr2A\" class=\"_link_o9xde_39\" rel=\"nofollow noopener\" target=\"_blank\">at han ikke vil ha nestledervervet<\/a>, til fordel for heller \u00e5 bli leder av Stortingets utenriks- og forsvarskomit\u00e9 &#8211; to verv han mener er uforenelige.<\/p>\n<p><img decoding=\"async\" alt=\"Bilde av Peter Fr\u00f8lich\" class=\"_image_ygndg_42\" height=\"30\" itemprop=\"image\" loading=\"lazy\"  src=\"https:\/\/www.europesays.com\/no\/wp-content\/uploads\/2025\/12\/0854ed82-1b0d-4499-87bc-dfafebc7b06c\"  width=\"40\"\/><strong class=\"_name_ygndg_51 title-serif-xs\">Peter Fr\u00f8lich<\/strong><\/p>\n<p class=\"_paragraph_o9xde_4 text-sans-m _description_ygndg_56\">Ikke lenger nestlederkandidat<\/p>\n<p class=\"_paragraph_o9xde_4 _paragraph_xtcu6_10 layout-component text-serif-m layout-normal text-serif-m layout-padded\">\u2013 S\u00e5 dersom spekulasjonene om tre fra \u00d8stlandet stemmer, s\u00e5 h\u00e5per jeg valgkomiteen trekker i bremsen og g\u00e5r noen runder med seg selv. Velger vi kun folk fra \u00d8stlandet, s\u00e5 skyter vi oss sj\u00f8l i foten. Det er \u00e5 invitere til konflikt internt. Vi trenger en person utenfra \u00d8stlandsomr\u00e5det inn i ledelsen.<\/p>\n<p class=\"_paragraph_o9xde_4 _paragraph_xtcu6_10 layout-component text-serif-m layout-normal text-serif-m layout-padded\">\u2013 Og du mener denne \u00abnoen\u00bb er du?<\/p>\n<p class=\"_paragraph_o9xde_4 _paragraph_xtcu6_10 layout-component text-serif-m layout-normal text-serif-m layout-padded\">\u2013 Ja, jeg har stilt meg til disposjon, og \u00f8nsker jo det, selvf\u00f8lgelig. Jeg b\u00e5de er fra Vestlandet og bor i Nord-Norge, og er villig til \u00e5 gj\u00f8re jobben. <\/p>\n<p class=\"_paragraph_o9xde_4 _paragraph_xtcu6_10 layout-component text-serif-m layout-normal text-serif-m layout-padded\">\u2013 S\u00e5 du mener at alle disse problemene kan l\u00f8ses hvis du velges inn i ledelsen?<\/p>\n<p class=\"_paragraph_o9xde_4 _paragraph_xtcu6_10 layout-component text-serif-m layout-normal text-serif-m layout-padded\">\u2013 Ja, men du m\u00e5 legge til at jeg svarer det med glimt i \u00f8yet, sier han, og legger til:<\/p>\n<p class=\"_paragraph_o9xde_4 _paragraph_xtcu6_10 layout-component text-serif-m layout-normal text-serif-m layout-padded\">\u2013 Ine er en ordentlig og skikkelig politiker. Da trenger vi en friskus fra nord inn i ledertrioen, sier han.<\/p>\n<p class=\"_paragraph_o9xde_4 _paragraph_xtcu6_10 layout-component text-serif-m layout-normal text-serif-m layout-padded\"><strong class=\"_strong_o9xde_25\">Apropos friskus &#8211; vi t\u00e5ler en reprise av B\u00f8es ville jenka-dans p\u00e5 valgnatta:<\/strong><\/p>\n<p>   Advarer<\/p>\n<p class=\"_paragraph_o9xde_4 _paragraph_xtcu6_10 layout-component text-serif-m layout-normal text-serif-m layout-padded\">B\u00f8e advarer H\u00f8yre mot \u00e5 g\u00e5 i det han kaller for \u00abAp-fella\u00bb, hvor man har en leder og to nestledere &#8211; alle tre fra \u00f8stlandsomr\u00e5det.<\/p>\n<p class=\"_paragraph_o9xde_4 _paragraph_xtcu6_10 layout-component text-serif-m layout-normal text-serif-m layout-padded\">B\u00e5de i nord, vest og s\u00f8r, har H\u00f8yre-politikere advart mot en partiledelse kun best\u00e5ende av \u00f8stlendinger.  H\u00f8yre-ordf\u00f8rer Sture Pedersen i B\u00f8 i Vester\u00e5len uttalte til VG \u00abVi blir aldri \u00e5 akseptere tre fra Oslo\u00bb og kom med f\u00f8lgende beskjed til valgkomiteen \u00ab<a href=\"https:\/\/www.vg.no\/nyheter\/i\/n1g1MB\/hoeyre-politikere-kritiserer-ledelse-med-kun-oslo-politikere\" data-track-element-type=\"Link\" data-track-id=\"link:n1g1MB\" class=\"_link_o9xde_39\" rel=\"nofollow noopener\" target=\"_blank\">De kan velge: Samarbeid eller helvete<\/a>.\u00bb.<\/p>\n<p class=\"_paragraph_o9xde_4 _paragraph_xtcu6_10 layout-component text-serif-m layout-normal text-serif-m layout-padded\">\u2013 Derfor burde valgkomiteen lytte til den misn\u00f8yen som er ute i H\u00f8yre rundt om i hele landet n\u00e5, og ta den p\u00e5 alvor. Samtidig vil jeg understreke at jeg ikke har et skeivt ord \u00e5 si om noen av v\u00e5re politikere p\u00e5 \u00d8stlandet. De er kjempedyktige og har gitt oss en kjempeoppslutning. Men vi kan ikke se oss blinde p\u00e5 det, sier B\u00f8e.<\/p>\n<p><img alt=\"Foto: helen wesnes \/ VG\" class=\"_image_qp4xg_65 layout-component layout-normal\" data-fullscreen- data-track-element-type=\"Article image fullscreen\" data-track-name=\"ImageFullscreen\" decoding=\"async\" loading=\"lazy\" height=\"5760\" itemprop=\"image\"  src=\"https:\/\/www.europesays.com\/no\/wp-content\/uploads\/2025\/12\/a721222b-d843-4b51-a2d2-6396b1b919cb\"  style=\"object-position:0% 0%\" width=\"7680\"\/>Foto: helen wesnes \/ VG<\/p>\n<p class=\"_paragraph_o9xde_4 _paragraph_xtcu6_10 layout-component text-serif-m layout-normal text-serif-m layout-padded\">B\u00f8e ber samtidig politikere p\u00e5 Vestlandet, i Agder, i nord og i Tr\u00f8ndelag tenke seg om, om de kan v\u00e6re aktuelle for partiledelsen. <\/p>\n<p class=\"_paragraph_o9xde_4 _paragraph_xtcu6_10 layout-component text-serif-m layout-normal text-serif-m layout-padded\">\u2013 For per n\u00e5 er det kun jeg som er utenfor \u00d8stlandet som har rukket opp h\u00e5nda. <\/p>\n<p class=\"_paragraph_o9xde_4 _paragraph_xtcu6_10 layout-component text-serif-m layout-normal text-serif-m layout-padded\">B\u00e5de Sandra Bruflot fra Buskerud og Mahmoud Farahmand fra Telemark har ogs\u00e5 sagt at de \u00f8nsker \u00e5 bli nestleder &#8211; men begge to er ogs\u00e5 fra \u00d8stlandet.<\/p>\n<p class=\"_paragraph_o9xde_4 _paragraph_xtcu6_10 layout-component text-serif-m layout-normal text-serif-m layout-padded\">\u2013 Er du villig til \u00e5 ta en kamp for \u00e5 komme inn i ledelsen p\u00e5 landsm\u00f8tet? <\/p>\n<p class=\"_paragraph_o9xde_4 _paragraph_xtcu6_10 layout-component text-serif-m layout-normal text-serif-m layout-padded\">\u2013 I utgangspunktet ikke. Men jeg m\u00e5 selvf\u00f8lgelig se an hva som skjer. Jeg mener det viktigste er \u00e5 lande en innstilling som hele partiet kan stille seg bak.<\/p>\n<p>Broiler-ledelse<\/p>\n<p class=\"_paragraph_o9xde_4 _paragraph_xtcu6_10 layout-component text-serif-m layout-normal text-serif-m layout-padded\">John Peter Hernes, leder av Stavanger H\u00f8yre, kritiserte i tillegg til geografisk sammensetning, mangelen p\u00e5 kandidater med bakgrunn fra yrkeslivet utover politikken. B\u00e5de Ine Eriksen S\u00f8reide, Ola Svenneby og Henrik Asheim har i hovedsak hatt hele sin karriere innenfor politikken.<\/p>\n<p class=\"_paragraph_o9xde_4 _paragraph_xtcu6_10 layout-component text-serif-m layout-normal text-serif-m layout-padded\">\u2013 Du har heller ikke noe arbeidserfaring utenfor politikken?<\/p>\n<p class=\"_paragraph_o9xde_4 _paragraph_xtcu6_10 layout-component text-serif-m layout-normal text-serif-m layout-padded\">\u2013 Det stemmer at jeg i stor grad har jobbet med politikk, ja.<\/p>\n<p><img alt=\"Foto: helen wesnes \/ VG\" class=\"_image_qp4xg_65 layout-component layout-normal\" data-fullscreen- data-track-element-type=\"Article image fullscreen\" data-track-name=\"ImageFullscreen\" decoding=\"async\" loading=\"lazy\" height=\"4465\" itemprop=\"image\"  src=\"https:\/\/www.europesays.com\/no\/wp-content\/uploads\/2025\/12\/65261a6e-0a9e-43ce-92f3-b2b9aed33216\"  style=\"object-position:0% 0%\" width=\"5954\"\/>Foto: helen wesnes \/ VG<\/p>\n<p class=\"_paragraph_o9xde_4 _paragraph_xtcu6_10 layout-component text-serif-m layout-normal text-serif-m layout-padded\">\u2013 I stor grad? Det er kun politikk du har jobbet med. Str\u00f8jobber i ten\u00e5rene telles ikke.<\/p>\n<p class=\"_paragraph_o9xde_4 _paragraph_xtcu6_10 layout-component text-serif-m layout-normal text-serif-m layout-padded\">\u2013 Ja, det stemmer at det i stor grad er politikk jeg har jobbet med. <\/p>\n<p class=\"_paragraph_o9xde_4 _paragraph_xtcu6_10 layout-component text-serif-m layout-normal text-serif-m layout-padded\">\u2013 Erlend, v\u00e6r s\u00e5 snill, slutt \u00e5 si: \u00abi stor grad\u00bb.<\/p>\n<p class=\"_paragraph_o9xde_4 _paragraph_xtcu6_10 layout-component text-serif-m layout-normal text-serif-m layout-padded\">\u2013 Ja. Ja, unnskyld. Det blir ikke helt presist, hehe. Jeg har hatt hele min karriere i politikken, okei? Og jeg skulle gjerne hatt flere liv og gjort masse annet ogs\u00e5. Men jeg har grepet de mulighetene som har kommet. <\/p>\n<p class=\"_paragraph_o9xde_4 _paragraph_xtcu6_10 layout-component text-serif-m layout-normal text-serif-m layout-padded\">\u2013 Er du en broiler? Og risikerer H\u00f8yre \u00e5 f\u00e5 en broiler-ledelse?<\/p>\n<p class=\"_paragraph_o9xde_4 _paragraph_xtcu6_10 layout-component text-serif-m layout-normal text-serif-m layout-padded\">\u2013 Noen vil sikkert kalle meg det, fordi jeg i stor grad har jobbet med poli&#8230; eh, unnskyld, la meg omformulere:<\/p>\n<p class=\"_paragraph_o9xde_4 _paragraph_xtcu6_10 layout-component text-serif-m layout-normal text-serif-m layout-padded\">\u2013 Fordi det er politikk jeg har jobbet med. Men jeg har v\u00e6rt opptatt av \u00e5 m\u00f8te folk, og snakke med folk. Jeg har mange lytteposter. Og jeg har v\u00e6rt utrolig engasjert i eldreomsorg. Det kan man v\u00e6re, uten \u00e5 ha v\u00e6rt gammel selv. S\u00e5 det handler om evnen til \u00e5 sette seg inn i ting. <\/p>\n<p><img alt=\"Foto: helen wesnes \/ VG\" class=\"_image_qp4xg_65 layout-component layout-normal\" data-fullscreen- data-track-element-type=\"Article image fullscreen\" data-track-name=\"ImageFullscreen\" decoding=\"async\" loading=\"lazy\" height=\"5760\" itemprop=\"image\"  src=\"https:\/\/www.europesays.com\/no\/wp-content\/uploads\/2025\/12\/efecdf6c-ee52-469a-9045-0bfd31129c29\"  style=\"object-position:0% 0%\" width=\"8640\"\/>Foto: helen wesnes \/ VG<\/p>\n<p class=\"_paragraph_o9xde_4 _paragraph_xtcu6_10 layout-component text-serif-m layout-normal text-serif-m layout-padded\">Han sier samtidig at dersom man kun har folk i H\u00f8yres toppledelse som har jobbet med politikk, m\u00e5 man f\u00e5 inn andre erfaringer i resten av ledelsen.<\/p>\n<p class=\"_paragraph_o9xde_4 _paragraph_xtcu6_10 layout-component text-serif-m layout-normal text-serif-m layout-padded\">\u2013 Vi har ogs\u00e5 et arbeidsutvalg, og det er viktig \u00e5 ha en sammensetning som er godt satt sammen, og da er det mange hensyn \u00e5 ta &#8211; ogs\u00e5 arbeidserfaring.<\/p>\n<p class=\"_paragraph_o9xde_4 _paragraph_xtcu6_10 layout-component text-serif-m layout-normal text-serif-m layout-padded\"><strong class=\"_strong_o9xde_25\">Les VGs intervjuer med kandidatene:<\/strong><\/p>\n<p>Les ogs\u00e5<\/p>\n","protected":false},"excerpt":{"rendered":"Erlend Svardal B\u00f8e Han sier nemlig til VG at han vil advare p\u00e5 det sterkeste mot \u00e5 f\u00e5&hellip;\n","protected":false},"author":2,"featured_media":107134,"comment_status":"","ping_status":"","sticky":false,"template":"","format":"standard","meta":{"footnotes":""},"categories":[5],"tags":[20,21,24,25,15,19,22,23,17,18,13,30,28,281,29,14,16,26,27],"class_list":{"0":"post-107133","1":"post","2":"type-post","3":"status-publish","4":"format-standard","5":"has-post-thumbnail","7":"category-overskrifter","8":"tag-breaking-news","9":"tag-breakingnews","10":"tag-featured-news","11":"tag-featurednews","12":"tag-headlines","13":"tag-hovedoppslag","14":"tag-latest-news","15":"tag-latestnews","16":"tag-main-news","17":"tag-mainnews","18":"tag-news","19":"tag-no","20":"tag-norge","21":"tag-norsk-politikk","22":"tag-norway","23":"tag-nyheter","24":"tag-overskrifter","25":"tag-top-stories","26":"tag-topstories"},"share_on_mastodon":{"url":"https:\/\/pubeurope.com\/@no\/115682621944655817","error":""},"_links":{"self":[{"href":"https:\/\/www.europesays.com\/no\/wp-json\/wp\/v2\/posts\/107133","targetHints":{"allow":["GET"]}}],"collection":[{"href":"https:\/\/www.europesays.com\/no\/wp-json\/wp\/v2\/posts"}],"about":[{"href":"https:\/\/www.europesays.com\/no\/wp-json\/wp\/v2\/types\/post"}],"author":[{"embeddable":true,"href":"https:\/\/www.europesays.com\/no\/wp-json\/wp\/v2\/users\/2"}],"replies":[{"embeddable":true,"href":"https:\/\/www.europesays.com\/no\/wp-json\/wp\/v2\/comments?post=107133"}],"version-history":[{"count":0,"href":"https:\/\/www.europesays.com\/no\/wp-json\/wp\/v2\/posts\/107133\/revisions"}],"wp:featuredmedia":[{"embeddable":true,"href":"https:\/\/www.europesays.com\/no\/wp-json\/wp\/v2\/media\/107134"}],"wp:attachment":[{"href":"https:\/\/www.europesays.com\/no\/wp-json\/wp\/v2\/media?parent=107133"}],"wp:term":[{"taxonomy":"category","embeddable":true,"href":"https:\/\/www.europesays.com\/no\/wp-json\/wp\/v2\/categories?post=107133"},{"taxonomy":"post_tag","embeddable":true,"href":"https:\/\/www.europesays.com\/no\/wp-json\/wp\/v2\/tags?post=107133"}],"curies":[{"name":"wp","href":"https:\/\/api.w.org\/{rel}","templated":true}]}}