{"id":107135,"date":"2025-12-08T06:51:13","date_gmt":"2025-12-08T06:51:13","guid":{"rendered":"https:\/\/www.europesays.com\/no\/107135\/"},"modified":"2025-12-08T06:51:13","modified_gmt":"2025-12-08T06:51:13","slug":"aktiv-familiehelg-pa-kvitfjell-med-sonnen-storm","status":"publish","type":"post","link":"https:\/\/www.europesays.com\/no\/107135\/","title":{"rendered":"Aktiv familiehelg p\u00e5 Kvitfjell med s\u00f8nnen Storm"},"content":{"rendered":"<p class=\"kicker \" style=\"\">Aksel Lund Svindal:\u00a0<\/p>\n<p>  En helg i fjellet ble alt annet enn rolig for familien &#8211; for minstemann skal tidlig kr\u00f8kes.\u00a0<\/p>\n<p>\n    FAMILIEN: Aksel Lund Svindal og Amalie Iuel med s\u00f8nnen Storm p\u00e5 17. mai. Foto: Instagram @amalieiuel\/@asvindal\n  <\/p>\n<p> I september i 2023 fikk idrettsparet Amalie Iuel (31) og Aksel Lund Svindal (42) sitt f\u00f8rste barn sammen, s\u00f8nnen Storm (2). Siden den gang har paret stadig delt glimt fra hverdagen som sm\u00e5barnsforeldre. <\/p>\n<p>    <a itemprop=\"url\" href=\"https:\/\/www.seher.no\/kjendis\/vekker-oppsikt-med-nytt-bilde\/83923870\" rel=\"nofollow noopener\" target=\"_blank\"><\/p>\n<p>      <img loading=\"lazy\" decoding=\"async\" src=\"https:\/\/www.europesays.com\/no\/wp-content\/uploads\/2025\/12\/1765176670_946_83923974.webp\" width=\"147\" height=\"98\" title=\"Vekker oppsikt med nytt bilde\" alt=\"\" class=\"lazyload\" style=\"--aspect-ratio-image: 1.50; \"\/><\/p>\n<p>        Vekker oppsikt med nytt bilde<\/p>\n<p>    <\/a><\/p>\n<p> Og gutten kr\u00f8kes tidlig!\u00a0<\/p>\n<p>Forrige helg var familien samlet p\u00e5 Kvitfjell, og bildene tilsier at den tidligere alpinisten slett ikke ligger p\u00e5 latsiden.\u00a0<\/p>\n<p>          <img loading=\"lazy\" decoding=\"async\" src=\"https:\/\/www.europesays.com\/no\/wp-content\/uploads\/2025\/12\/83934208.webp\" width=\"686\" height=\"638\" title=\"I SKIBAKKEN: Lille Storm ser ut til \u00e5 stortrives i skibakken og det er ingen tvil om at han har en god l\u00e6remester. Foto: @asvindal\" alt=\"\" class=\"\" style=\"--aspect-ratio-image: 1.08; \"\/><\/p>\n<p>\n          I SKIBAKKEN: Lille Storm ser ut til \u00e5 stortrives i skibakken og det er ingen tvil om at han har en god l\u00e6remester. Foto: @asvindal\n      <\/p>\n<p>Flere bilder delt av skistjernen p\u00e5 <a href=\"https:\/\/www.instagram.com\/p\/DRpUbYTCJW_\/?img_index=5\" rel=\"nofollow noopener\" target=\"_blank\">Instagram <\/a>viser en aktiv helg i skibakken, men det som kanskje vekker mest oppmerksomhet, er at minstemann allerede er med pappa i bakken. <\/p>\n<p>          <img loading=\"lazy\" decoding=\"async\" src=\"https:\/\/www.europesays.com\/no\/wp-content\/uploads\/2025\/12\/83934230.webp\" width=\"686\" height=\"693\" title=\"IDYLL: Bildene tyder p\u00e5 at det ikke var noen kort tur i bakken. Solen g\u00e5r ned over Kvitfjell, mens Storm nyter utsikten fra toppen.&#10;Foto: @asvindal\" alt=\"\" class=\"\" style=\"--aspect-ratio-image: 0.99; \"\/><\/p>\n<p>\n          IDYLL: Bildene tyder p\u00e5 at det ikke var noen kort tur i bakken. Solen g\u00e5r ned over Kvitfjell, mens Storm nyter utsikten fra toppen.<br \/>\nFoto: @asvindal\n      <\/p>\n<p data-lab-font_weight=\"font-weight-bold\" class=\"font-weight-bold m-font-weight-bold\">Men det er ikke bare Storm og pappa som er aktiv i familien.\u00a0<\/p>\n<p>Dr\u00f8ye syv m\u00e5neder etter f\u00f8dselen<a href=\"https:\/\/www.seher.no\/kjendis\/drommer-om-a-utvide-familien\/83380511\" rel=\"nofollow noopener\" target=\"_blank\">\u00a0var mamma Amalie allerede tilbake p\u00e5 l\u00f8pebanen<\/a>. Denne v\u00e5ren har hun imponert med sine resultater, hvor hun blant annet har vunnet Continental Gold Tour-stevnet. <\/p>\n<p>        SKATTELISTENE: Hvem tjener egentlig mest i GUTTA \u2013 og hvem sjokkerer p\u00e5 skattelistene fra Skal vi danse? Her f\u00e5r du svaret. Reporter: Thea Hope \/ Silja Furset<\/p>\n<p> Selv om hun har kombinert friidrettslivet og mammalivet p\u00e5 glitrende vis, er hun likevel fast bestemt p\u00e5 at hun ikke g\u00e5r for en eventuell familiefor\u00f8kelse f\u00f8r idrettskarrieren er over. <\/p>\n<p> &#8211; Jeg vil gjerne gj\u00f8re meg ferdig med idrettskarrieren f\u00f8rst, fortalte hun til nettstedet\u00a0<a href=\"https:\/\/www.klikk.no\/underholdning\/amalie-iuel-vil-vente-med-barn-nummer-to-7540699\" rel=\"nofollow noopener\" target=\"_blank\">klikk.no<\/a>. Hun la til at livet br\u00e5tt har gitt litt mer mening etter at hun ble mamma for f\u00f8rste gang. <\/p>\n<p> &#8211; N\u00e5r du blir mor, f\u00e5r du tankene over p\u00e5 litt andre ting ogs\u00e5. Livet blir mer balansert, og jeg f\u00f8ler at jeg er p\u00e5 en mye bedre plass n\u00e5, sa 31-\u00e5ringen. <\/p>\n<p> Selv om duoen virker \u00e5 utfylle hverandre p\u00e5 en aldeles mesterlig m\u00e5te, er en liten verdensborger til alts\u00e5 ikke helt i planene &#8211; riktig enn\u00e5. <\/p>\n<p><script async src=\"\/\/www.instagram.com\/embed.js\"><\/script><\/p>\n","protected":false},"excerpt":{"rendered":"Aksel Lund Svindal:\u00a0 En helg i fjellet ble alt annet enn rolig for familien &#8211; for minstemann skal&hellip;\n","protected":false},"author":2,"featured_media":107136,"comment_status":"","ping_status":"","sticky":false,"template":"","format":"standard","meta":{"footnotes":""},"categories":[59],"tags":[12973,1669,4104,479,30,28,29,83,82],"class_list":{"0":"post-107135","1":"post","2":"type-post","3":"status-publish","4":"format-standard","5":"has-post-thumbnail","7":"category-sport","8":"tag-aksel_lund_svindal","9":"tag-amalie-iuel","10":"tag-eksklusivt","11":"tag-kjendis","12":"tag-no","13":"tag-norge","14":"tag-norway","15":"tag-sport","16":"tag-sports"},"share_on_mastodon":{"url":"https:\/\/pubeurope.com\/@no\/115682625727369655","error":""},"_links":{"self":[{"href":"https:\/\/www.europesays.com\/no\/wp-json\/wp\/v2\/posts\/107135","targetHints":{"allow":["GET"]}}],"collection":[{"href":"https:\/\/www.europesays.com\/no\/wp-json\/wp\/v2\/posts"}],"about":[{"href":"https:\/\/www.europesays.com\/no\/wp-json\/wp\/v2\/types\/post"}],"author":[{"embeddable":true,"href":"https:\/\/www.europesays.com\/no\/wp-json\/wp\/v2\/users\/2"}],"replies":[{"embeddable":true,"href":"https:\/\/www.europesays.com\/no\/wp-json\/wp\/v2\/comments?post=107135"}],"version-history":[{"count":0,"href":"https:\/\/www.europesays.com\/no\/wp-json\/wp\/v2\/posts\/107135\/revisions"}],"wp:featuredmedia":[{"embeddable":true,"href":"https:\/\/www.europesays.com\/no\/wp-json\/wp\/v2\/media\/107136"}],"wp:attachment":[{"href":"https:\/\/www.europesays.com\/no\/wp-json\/wp\/v2\/media?parent=107135"}],"wp:term":[{"taxonomy":"category","embeddable":true,"href":"https:\/\/www.europesays.com\/no\/wp-json\/wp\/v2\/categories?post=107135"},{"taxonomy":"post_tag","embeddable":true,"href":"https:\/\/www.europesays.com\/no\/wp-json\/wp\/v2\/tags?post=107135"}],"curies":[{"name":"wp","href":"https:\/\/api.w.org\/{rel}","templated":true}]}}