{"id":107139,"date":"2025-12-08T06:55:12","date_gmt":"2025-12-08T06:55:12","guid":{"rendered":"https:\/\/www.europesays.com\/no\/107139\/"},"modified":"2025-12-08T06:55:12","modified_gmt":"2025-12-08T06:55:12","slug":"trump-mener-zelenskyj-ikke-er-klar","status":"publish","type":"post","link":"https:\/\/www.europesays.com\/no\/107139\/","title":{"rendered":"Trump mener Zelenskyj \u00abikke er klar\u00bb"},"content":{"rendered":"<p class=\"kicker \" style=\"\">Donald Trump<\/p>\n<p>  USAs president, Donald Trump, ser ut til \u00e5 v\u00e6re rasende og angre p\u00e5 at han ben\u00e5det den demokratiske kongressrepresentanten Henry Cuellar.<\/p>\n<p>\n    IKKE FORN\u00d8YD: USAs president, Donald Trump er ikke forn\u00f8yd etter at en demokratisk politiker han ben\u00e5det, ikke vil skifte parti. Foto: AP Photo\/Julia Demaree Nikhinson\n  <\/p>\n<p>    Kort fortalt<\/p>\n<ul lang=\"nb-NO\">\n<li>Trump er sint over at kongressrepresentantenHenry Cuellar, som han ben\u00e5det, stiller til gjenvalg som demokrat.<\/li>\n<li>Cuellar og kona sto tiltalt for korrupsjon, men benekter anklagene.<\/li>\n<\/ul>\n<p class=\"italic ai-disclaimer\" data-lab-italic=\"italic\">Sammendraget er laget av ChatGPT og godkjent av Dagbladet.<\/p>\n<p>      Vis mer<br \/>\n      Vis mindre<\/p>\n<p>NEW YORK (Dagbladet): Trump (79) tilbrakte s\u00f8ndagskvelden som vert for det tradisjonsrike Kennedy Center Honors hvor artister som Kiss og Gloria Gaynor og Hollywood-skuespiller Sylvester Stallone ble hedret.\u00a0<\/p>\n<p class=\"font-weight-bold m-font-weight-bold\" data-lab-font_weight=\"font-weight-bold\">Litt tidligere p\u00e5 dagen uttrykte han imidlertid sint anger over at den demokratiske politikeren Henry Cuellar, som han ben\u00e5det onsdag, varslet at han ville stille til gjenvalg som demokrat, skriver <a href=\"https:\/\/nypost.com\/2025\/12\/07\/us-news\/trump-say-he-regrets-pardoning-rep-henry-cuellar-after-dem-announces-hes-running-for-reelection\/\" rel=\"nofollow noopener\" target=\"_blank\">The New York Post<\/a>.<\/p>\n<p>    <a itemprop=\"url\" href=\"https:\/\/www.dagbladet.no\/nyheter\/vurderer-trumps-kontroversielle-plan\/83946226\" rel=\"nofollow noopener\" target=\"_blank\"><\/p>\n<p>      <img loading=\"lazy\" decoding=\"async\" src=\"https:\/\/www.europesays.com\/no\/wp-content\/uploads\/2025\/12\/83935845.webp\" width=\"980\" height=\"441\" title=\"Vurderer Trumps kontroversielle plan\" alt=\"\" class=\"lazyload\" style=\"--aspect-ratio-image: 2.22; \"\/><\/p>\n<p>        Vurderer Trumps kontroversielle plan<\/p>\n<p>    <\/a><\/p>\n<p>&#8211; Mangel p\u00e5 LOJALITET  <\/p>\n<p>Mange ble overrasket da Trump ben\u00e5det Cuellar og kona hans som var mistenkt for korrupsjon, hvitvasking av penger og for \u00e5 ha mottatt 600 000 dollar (om lag 6 millioner kroner) fra et statseid oljeselskap fra Aserbajdsjan og en meksikansk bank.\u00a0<\/p>\n<p>        HARDT UT: Donald Trump langet ut mot en reporter i Det hvite hus, like etter at han bekreftet at den 20 \u00e5r gamle nasjonalgarde-soldaten Sarah Beckstrom d\u00f8de av skadene hun fikk etter skytingen i n\u00e6rheten av Det hvite hus onsdag. Reporter: Jostein Sletten \/ Dagbladet<\/p>\n<p>N\u00e5 er Trump sint for at kongressrepresentanten fra Texas ikke vil skifte parti, men heller stille til valg igjen som demokrat.\u00a0<\/p>\n<p>&#8211; For en mangel p\u00e5 LOJALITET, skrev Trump i et langt og tilsynelatende sint innlegg p\u00e5 Truth Social s\u00f8ndag.\u00a0<\/p>\n<p class=\"font-weight-bold m-font-weight-bold\" data-lab-font_weight=\"font-weight-bold\">Trump antydet at han kan ha forventet at ben\u00e5dningen skulle hjelpe Republikanerne med \u00e5 holde p\u00e5 det knappe flertallet i Representantenes hus i mellomvalget i 2026, skriver <a href=\"https:\/\/apnews.com\/article\/trump-pardon-cuellar-democrat-texas-party-switch-26b1b9e4dda9e7f16bd58e957a547e2a\" rel=\"nofollow noopener\" target=\"_blank\">AP<\/a>.\u00a0<\/p>\n<p>Vil samarbeide<\/p>\n<p>I et intervju med Fox News etter Trumps innlegg i sosiale medier omtaler Cuellar seg som en konservativ demokrat, som er villig til \u00e5 samarbeide med Trump-administrasjonen.\u00a0<\/p>\n<p>&#8211; Jeg mener at enhver som setter partiet sitt foran landet gj\u00f8r landet en bj\u00f8rnetjeneste, sier Cuellar til TV-kanalen.\u00a0<\/p>\n<p>Han siterer ogs\u00e5 tidligere president Lyndon Johnson som ogs\u00e5 var en demokrat fra Texas.<\/p>\n<p class=\"font-weight-bold m-font-weight-bold\" data-lab-font_weight=\"font-weight-bold\">&#8211; Jeg er amerikaner, texaner og demokrat &#8211; i den rekkef\u00f8lgen, sier Cuellar.<\/p>\n<p>    <a itemprop=\"url\" href=\"https:\/\/www.dagbladet.no\/nyheter\/gjorde-narr-av-ham\/83950267\" rel=\"nofollow noopener\" target=\"_blank\"><\/p>\n<p>      <img loading=\"lazy\" decoding=\"async\" src=\"https:\/\/www.europesays.com\/no\/wp-content\/uploads\/2025\/12\/83950438.webp\" width=\"980\" height=\"441\" title=\"- Gjorde narr av ham\" alt=\"\" class=\"lazyload\" style=\"--aspect-ratio-image: 2.22; \"\/><\/p>\n<p>        &#8211; Gjorde narr av ham<\/p>\n<p>    <\/a><\/p>\n<p>&#8211; Ikke lenger Mr. Nice Guy  <\/p>\n<p>Trump p\u00e5 sin side p\u00e5peker at Cuellar ble p\u00e5grepet og siktet i 2024 da demokraten Joe Biden var president. Han hevder at kongressrepresentanten n\u00e5 fortsetter \u00e5 jobbe med\u00a0\u00abden samme RADIKALE VENSTRESIDEN\u00bb som ville sende ham og kona hans i fengsel.<\/p>\n<p>&#8211; For en mangel p\u00e5 LOJALITET. Noe velgerne i Texas og Henrys d\u00f8tre ikke vil like. Vel vel, neste gang er det ikke lenger Mr. Nice Guy! skriver Trump.\u00a0<\/p>\n<p>Det var Cuellars to d\u00f8tre som skrev et brev til Trump i november hvor de ba ham ben\u00e5de foreldrene.\u00a0<\/p>\n<p>Republikanerne i Texas fikk nylig st\u00f8tte fra h\u00f8yesterett til \u00e5 endre valgdistriktene i sin fav\u00f8r slik at de har gode muligheter til \u00e5 vinne ytterligere fem kongresseter i delstaten i mellomvalget neste \u00e5r. Valgdistriktet til Cuellar, som omfatter deler av San Antonio, ble imidlertid ikke endret. Cuellar mener derfor han har gode muligheter til \u00e5 vinne gjenvalg.\u00a0<\/p>\n<p class=\"font-weight-bold m-font-weight-bold\" data-lab-font_weight=\"font-weight-bold\">Trump p\u00e5 sin side kjemper hardt for \u00e5 unng\u00e5 at Demokratene tar kontroll over Representantenes hus i mellomvalget. Da det skjedde i hans f\u00f8rste presidentperiode, f\u00f8rte det til at han ble satt under flere etterforskninger og stilt for riksrett to ganger.\u00a0<\/p>\n<p>Cuellar og ektefellen er anklaget for \u00e5 ha mottatt hundretusenvis av dollar i bytte mot \u00e5 fremme interessene til et statlig energiselskap i Aserbaidsjan og en meksikansk bank. Ekteparet benekter anklagene og hevder de er uskyldige.\u00a0<\/p>\n<p>Rettssaken mot de to skulle etter planen ha startet i april.\u00a0<\/p>\n","protected":false},"excerpt":{"rendered":"Donald Trump USAs president, Donald Trump, ser ut til \u00e5 v\u00e6re rasende og angre p\u00e5 at han ben\u00e5det&hellip;\n","protected":false},"author":2,"featured_media":107140,"comment_status":"","ping_status":"","sticky":false,"template":"","format":"standard","meta":{"footnotes":""},"categories":[12],"tags":[20,21,24,25,15,22,23,13,30,28,29,14,16,26,27,412,42,43,44,45],"class_list":{"0":"post-107139","1":"post","2":"type-post","3":"status-publish","4":"format-standard","5":"has-post-thumbnail","7":"category-verden","8":"tag-breaking-news","9":"tag-breakingnews","10":"tag-featured-news","11":"tag-featurednews","12":"tag-headlines","13":"tag-latest-news","14":"tag-latestnews","15":"tag-news","16":"tag-no","17":"tag-norge","18":"tag-norway","19":"tag-nyheter","20":"tag-overskrifter","21":"tag-top-stories","22":"tag-topstories","23":"tag-utenriks","24":"tag-verden","25":"tag-world","26":"tag-world-news","27":"tag-worldnews"},"share_on_mastodon":{"url":"https:\/\/pubeurope.com\/@no\/115682641790034983","error":""},"_links":{"self":[{"href":"https:\/\/www.europesays.com\/no\/wp-json\/wp\/v2\/posts\/107139","targetHints":{"allow":["GET"]}}],"collection":[{"href":"https:\/\/www.europesays.com\/no\/wp-json\/wp\/v2\/posts"}],"about":[{"href":"https:\/\/www.europesays.com\/no\/wp-json\/wp\/v2\/types\/post"}],"author":[{"embeddable":true,"href":"https:\/\/www.europesays.com\/no\/wp-json\/wp\/v2\/users\/2"}],"replies":[{"embeddable":true,"href":"https:\/\/www.europesays.com\/no\/wp-json\/wp\/v2\/comments?post=107139"}],"version-history":[{"count":0,"href":"https:\/\/www.europesays.com\/no\/wp-json\/wp\/v2\/posts\/107139\/revisions"}],"wp:featuredmedia":[{"embeddable":true,"href":"https:\/\/www.europesays.com\/no\/wp-json\/wp\/v2\/media\/107140"}],"wp:attachment":[{"href":"https:\/\/www.europesays.com\/no\/wp-json\/wp\/v2\/media?parent=107139"}],"wp:term":[{"taxonomy":"category","embeddable":true,"href":"https:\/\/www.europesays.com\/no\/wp-json\/wp\/v2\/categories?post=107139"},{"taxonomy":"post_tag","embeddable":true,"href":"https:\/\/www.europesays.com\/no\/wp-json\/wp\/v2\/tags?post=107139"}],"curies":[{"name":"wp","href":"https:\/\/api.w.org\/{rel}","templated":true}]}}