{"id":107145,"date":"2025-12-08T07:03:11","date_gmt":"2025-12-08T07:03:11","guid":{"rendered":"https:\/\/www.europesays.com\/no\/107145\/"},"modified":"2025-12-08T07:03:11","modified_gmt":"2025-12-08T07:03:11","slug":"politiet-hendelse-mann-knivstukket-i-narvik","status":"publish","type":"post","link":"https:\/\/www.europesays.com\/no\/107145\/","title":{"rendered":"Politiet, Hendelse | Mann knivstukket i Narvik"},"content":{"rendered":"\n<p>Politiet melder klokken 02.24 natt til mandag at en mann er mistenkt for knivstikking og p\u00e5grepet i Narvik.<\/p>\n<p>Knivstikkingen fant sted i Vassvik.<\/p>\n<p>\u2013 Forn\u00e6rmede ble funnet av politiet utenfor en adresse. Han ble umiddelbart kj\u00f8rt til sykehuset og er overtatt helse, skriver politiet i sin logg..<\/p>\n<p>Politiet er ikke kjent med tilstanden p\u00e5 mannen som er knivstukket. <\/p>\n<p>\u2013 Politiet jobber n\u00e5 med bevissikring i saken. Etterforskningen fortsetter i morgen tidlig, med blant annet avh\u00f8r av naboer i omr\u00e5det, forteller operasjonsleder May Wenche Hansen til Fremover.<\/p>\n<p>\u2013 Er det noen relasjon mellom siktede og den som er knivstukket?<\/p>\n<p>\u2013 Vi er ikke kjent at det er noen relasjon mellom han vi har p\u00e5grepet og forn\u00e6rmede, sier Hansen videre. Hun er sv\u00e6rt tilbakeholden med opplysninger.<\/p>\n<p>\u2013 Kan du si noe om alder p\u00e5 disse to?<\/p>\n<p>\u2013 Nei, det er for tidlig for oss \u00e5 g\u00e5 ut med alder p\u00e5 de involverte. Vi vil gj\u00f8re flere unders\u00f8kelser og komme med mer informasjon i l\u00f8pet av dagen.<\/p>\n","protected":false},"excerpt":{"rendered":"Politiet melder klokken 02.24 natt til mandag at en mann er mistenkt for knivstikking og p\u00e5grepet i Narvik.&hellip;\n","protected":false},"author":2,"featured_media":2503,"comment_status":"","ping_status":"","sticky":false,"template":"","format":"standard","meta":{"footnotes":""},"categories":[10],"tags":[36,20,21,24,25,15,1576,22,23,3348,13,30,28,29,14,16,468,1510,26,27],"class_list":{"0":"post-107145","1":"post","2":"type-post","3":"status-publish","4":"format-standard","5":"has-post-thumbnail","7":"category-norge","8":"tag-art","9":"tag-breaking-news","10":"tag-breakingnews","11":"tag-featured-news","12":"tag-featurednews","13":"tag-headlines","14":"tag-hendelse","15":"tag-latest-news","16":"tag-latestnews","17":"tag-narvik","18":"tag-news","19":"tag-no","20":"tag-norge","21":"tag-norway","22":"tag-nyheter","23":"tag-overskrifter","24":"tag-politiet","25":"tag-story","26":"tag-top-stories","27":"tag-topstories"},"share_on_mastodon":{"url":"https:\/\/pubeurope.com\/@no\/115682672830440573","error":""},"_links":{"self":[{"href":"https:\/\/www.europesays.com\/no\/wp-json\/wp\/v2\/posts\/107145","targetHints":{"allow":["GET"]}}],"collection":[{"href":"https:\/\/www.europesays.com\/no\/wp-json\/wp\/v2\/posts"}],"about":[{"href":"https:\/\/www.europesays.com\/no\/wp-json\/wp\/v2\/types\/post"}],"author":[{"embeddable":true,"href":"https:\/\/www.europesays.com\/no\/wp-json\/wp\/v2\/users\/2"}],"replies":[{"embeddable":true,"href":"https:\/\/www.europesays.com\/no\/wp-json\/wp\/v2\/comments?post=107145"}],"version-history":[{"count":0,"href":"https:\/\/www.europesays.com\/no\/wp-json\/wp\/v2\/posts\/107145\/revisions"}],"wp:featuredmedia":[{"embeddable":true,"href":"https:\/\/www.europesays.com\/no\/wp-json\/wp\/v2\/media\/2503"}],"wp:attachment":[{"href":"https:\/\/www.europesays.com\/no\/wp-json\/wp\/v2\/media?parent=107145"}],"wp:term":[{"taxonomy":"category","embeddable":true,"href":"https:\/\/www.europesays.com\/no\/wp-json\/wp\/v2\/categories?post=107145"},{"taxonomy":"post_tag","embeddable":true,"href":"https:\/\/www.europesays.com\/no\/wp-json\/wp\/v2\/tags?post=107145"}],"curies":[{"name":"wp","href":"https:\/\/api.w.org\/{rel}","templated":true}]}}