{"id":10715,"date":"2025-08-17T18:27:09","date_gmt":"2025-08-17T18:27:09","guid":{"rendered":"https:\/\/www.europesays.com\/no\/10715\/"},"modified":"2025-08-17T18:27:09","modified_gmt":"2025-08-17T18:27:09","slug":"donald-trump-deler-brevet-fra-melania-trump-til-vladimir-putin","status":"publish","type":"post","link":"https:\/\/www.europesays.com\/no\/10715\/","title":{"rendered":"Donald Trump deler brevet fra Melania Trump til Vladimir Putin"},"content":{"rendered":"\n<p class=\"_lead_1bvmi_2 _lead_xtcu6_50 layout-component text-serif-m layout-normal text-serif-l layout-component layout-wide layout-padded _wide_17hqh_1 layout-padded\">Donald Trump deler s\u00f8ndag kveld brevet fra USAs f\u00f8rstedame. <\/p>\n<p><img alt=\" Foto: AFT\/Donald Trump, Truth Social\" class=\"_image_qp4xg_65 layout-component layout-wide\" data-fullscreen- data-track-element-type=\"Article image fullscreen\" data-track-name=\"ImageFullscreen\" fetchpriority=\"high\" decoding=\"sync\" loading=\"eager\" height=\"1668\" itemprop=\"image\"  src=\"https:\/\/www.europesays.com\/no\/wp-content\/uploads\/2025\/08\/a3a30b6f-d257-4587-832c-c9f52029e31e\"  style=\"object-position:0% 0%\" width=\"2500\"\/> Foto: AFT\/Donald Trump, Truth Social<\/p>\n<ul aria-hidden=\"true\" class=\"_images_1y6fe_106\">\n<li><a class=\"_link_1y6fe_111\" href=\"https:\/\/www.vg.no\/forfatter\/hedda-kurseth\" style=\"z-index:1\" title=\"Hedda Kurseth\" rel=\"nofollow noopener\" target=\"_blank\"><img alt=\"Bilde av Hedda Kurseth\" class=\"_image_1y6fe_88\" fetchpriority=\"low\" loading=\"lazy\" decoding=\"async\" itemprop=\"image\"  src=\"https:\/\/www.europesays.com\/no\/wp-content\/uploads\/2025\/08\/1755455228_399_b6ad06ce-2f4e-4492-9dd9-7cfbdae81f6d\"  width=\"480\"\/><\/a><\/li>\n<\/ul>\n<p> Oppdatert s\u00f8ndag 17. august kl. 20:12     <\/p>\n<p class=\"_paragraph_1bvmi_4 _paragraph_xtcu6_10 layout-component text-serif-m layout-normal text-serif-m layout-padded\">Da USAs president Donald Trump m\u00f8tte Vladimir Putin i Alaska natt til l\u00f8rdag, tok han med seg et brev fra f\u00f8rstedamen <a href=\"https:\/\/www.vg.no\/tag\/melania-trump?utm_source=vg-article&amp;utm_medium=auto-tagger&amp;utm_campaign=RzWA18\" class=\"_link_1bvmi_39\" rel=\"nofollow noopener\" target=\"_blank\">Melania Trump<\/a>. <\/p>\n<p class=\"_paragraph_1bvmi_4 _paragraph_xtcu6_10 layout-component text-serif-m layout-normal text-serif-m layout-padded\">Det var f\u00f8rst <a href=\"https:\/\/www.foxnews.com\/politics\/first-lady-melania-trumps-peace-letter-putin-it-time\" class=\"_link_1bvmi_39\" rel=\"nofollow noopener\" target=\"_blank\">Fox News<\/a> som omtalte brevet og <a href=\"https:\/\/www.vg.no\/nyheter\/i\/W0rMwj\/melania-trump-ba-putin-om-fred-i-personlig-brev\" data-track-element-type=\"Link\" data-track-id=\"link:W0rMwj\" class=\"_link_1bvmi_39\" rel=\"nofollow noopener\" target=\"_blank\">flere medier omtalte det<\/a>. <\/p>\n<p class=\"_paragraph_1bvmi_4 _paragraph_xtcu6_10 layout-component text-serif-m layout-normal text-serif-m layout-padded\">S\u00f8ndag kveld deler ektemannen brevet p\u00e5 sin egen Truth Social: <\/p>\n<p><img alt=\"Her er brevet Melania Trump ga til Putin  Foto: Donald Trump \/ Truth Social\" class=\"_image_qp4xg_65 layout-component layout-normal\" data-fullscreen- data-track-element-type=\"Article image fullscreen\" data-track-name=\"ImageFullscreen\" decoding=\"async\" loading=\"lazy\" height=\"1181\" itemprop=\"image\"  src=\"https:\/\/www.europesays.com\/no\/wp-content\/uploads\/2025\/08\/ac5034fe-b42b-43e9-a133-7ee1e44b1945\"  style=\"object-position:0% 0%\" width=\"869\"\/>Her er brevet Melania Trump ga til Putin  Foto: Donald Trump \/ Truth Social<\/p>\n<p class=\"_paragraph_1bvmi_4 _paragraph_xtcu6_10 layout-component text-serif-m layout-normal text-serif-m layout-padded\">Putin skal ha lest brevet med det samme &#8211; foran b\u00e5de den amerikanske og russiske delegasjonen.<\/p>\n<p class=\"_paragraph_1bvmi_4 _paragraph_xtcu6_10 layout-component text-serif-m layout-normal text-serif-m layout-padded\"><strong class=\"_strong_1bvmi_25\">Ekspertenes dom etter m\u00f8tet: <\/strong><a href=\"https:\/\/www.vg.no\/nyheter\/i\/GydAv9\/eksperter-om-toppmoetet-mellom-trump-og-putin-putin-er-vinneren\" data-track-element-type=\"Link\" data-track-id=\"link:GydAv9\" class=\"_link_1bvmi_39\" rel=\"nofollow noopener\" target=\"_blank\">\u00abFull seier for Putin\u00bb\u00a0<\/a><\/p>\n<p class=\"_paragraph_1bvmi_4 _paragraph_xtcu6_10 layout-component text-serif-m layout-normal text-serif-m layout-padded\">I brevet oppfordrer USAs f\u00f8rstedame Putin til \u00e5 beskytte barn og fremtidige generasjoner.<\/p>\n<p class=\"_paragraph_1bvmi_4 _paragraph_xtcu6_10 layout-component text-serif-m layout-normal text-serif-m layout-padded\">\u2013 Hvert barn deler de samme stille dr\u00f8mmene i hjertet sitt, enten de er f\u00f8dt p\u00e5 landsbygda eller i en storby, skrev Melania Trump, if\u00f8lge nyhetskanalen.<\/p>\n<p class=\"_paragraph_1bvmi_4 _paragraph_xtcu6_10 layout-component text-serif-m layout-normal text-serif-m layout-padded\">Hun understreket at b\u00e5de foreldre og ledere har et ansvar for \u00e5 gi h\u00e5p til neste generasjon, og at dette ansvaret g\u00e5r p\u00e5 tvers av landegrenser og ideologier.<\/p>\n<p class=\"_paragraph_1bvmi_4 _paragraph_xtcu6_10 layout-component text-serif-m layout-normal text-serif-m layout-padded\">\u2013 Vi m\u00e5 strebe etter \u00e5 skape en verdig verden for alle \u2013 slik at hver sjel kan v\u00e5kne til fred, og slik at fremtiden er perfekt beskyttet, sto det videre i brevet.<\/p>\n<p class=\"_paragraph_1bvmi_4 _paragraph_xtcu6_10 layout-component text-serif-m layout-normal text-serif-m layout-padded\">\u2013 Det er p\u00e5 tide, avsluttet hun brevet.<\/p>\n<p class=\"_paragraph_1bvmi_4 _paragraph_xtcu6_10 layout-component text-serif-m layout-normal text-serif-m layout-padded\">Etter toppm\u00f8tet i Alaska varslet Ukrainas Volodymyr Zelenskyj at han skulle reise til Washington p\u00e5 mandag for \u00e5 m\u00f8te Donald Trump. S\u00f8ndag var de europeiske lederne, inkludert statsminister St\u00f8re, i m\u00f8te for \u00e5 legge f\u00f8ringene for morgendagen. <\/p>\n","protected":false},"excerpt":{"rendered":"Donald Trump deler s\u00f8ndag kveld brevet fra USAs f\u00f8rstedame. Foto: AFT\/Donald Trump, Truth Social Oppdatert s\u00f8ndag 17. august&hellip;\n","protected":false},"author":2,"featured_media":10716,"comment_status":"","ping_status":"","sticky":false,"template":"","format":"standard","meta":{"footnotes":""},"categories":[12],"tags":[20,21,24,25,15,22,23,1648,13,30,28,29,14,16,26,27,42,186,43,44,45],"class_list":{"0":"post-10715","1":"post","2":"type-post","3":"status-publish","4":"format-standard","5":"has-post-thumbnail","7":"category-verden","8":"tag-breaking-news","9":"tag-breakingnews","10":"tag-featured-news","11":"tag-featurednews","12":"tag-headlines","13":"tag-latest-news","14":"tag-latestnews","15":"tag-melania-trump","16":"tag-news","17":"tag-no","18":"tag-norge","19":"tag-norway","20":"tag-nyheter","21":"tag-overskrifter","22":"tag-top-stories","23":"tag-topstories","24":"tag-verden","25":"tag-vladimir-putin","26":"tag-world","27":"tag-world-news","28":"tag-worldnews"},"share_on_mastodon":{"url":"","error":""},"_links":{"self":[{"href":"https:\/\/www.europesays.com\/no\/wp-json\/wp\/v2\/posts\/10715","targetHints":{"allow":["GET"]}}],"collection":[{"href":"https:\/\/www.europesays.com\/no\/wp-json\/wp\/v2\/posts"}],"about":[{"href":"https:\/\/www.europesays.com\/no\/wp-json\/wp\/v2\/types\/post"}],"author":[{"embeddable":true,"href":"https:\/\/www.europesays.com\/no\/wp-json\/wp\/v2\/users\/2"}],"replies":[{"embeddable":true,"href":"https:\/\/www.europesays.com\/no\/wp-json\/wp\/v2\/comments?post=10715"}],"version-history":[{"count":0,"href":"https:\/\/www.europesays.com\/no\/wp-json\/wp\/v2\/posts\/10715\/revisions"}],"wp:featuredmedia":[{"embeddable":true,"href":"https:\/\/www.europesays.com\/no\/wp-json\/wp\/v2\/media\/10716"}],"wp:attachment":[{"href":"https:\/\/www.europesays.com\/no\/wp-json\/wp\/v2\/media?parent=10715"}],"wp:term":[{"taxonomy":"category","embeddable":true,"href":"https:\/\/www.europesays.com\/no\/wp-json\/wp\/v2\/categories?post=10715"},{"taxonomy":"post_tag","embeddable":true,"href":"https:\/\/www.europesays.com\/no\/wp-json\/wp\/v2\/tags?post=10715"}],"curies":[{"name":"wp","href":"https:\/\/api.w.org\/{rel}","templated":true}]}}