{"id":107154,"date":"2025-12-08T07:11:09","date_gmt":"2025-12-08T07:11:09","guid":{"rendered":"https:\/\/www.europesays.com\/no\/107154\/"},"modified":"2025-12-08T07:11:09","modified_gmt":"2025-12-08T07:11:09","slug":"trump-usikker-pa-om-zelenskyj-har-lest-fredsforslaget-hans","status":"publish","type":"post","link":"https:\/\/www.europesays.com\/no\/107154\/","title":{"rendered":"Trump usikker p\u00e5 om Zelenskyj har lest fredsforslaget hans"},"content":{"rendered":"\n<p class=\"_lead_o9xde_2 _lead_xtcu6_50 layout-component text-serif-m layout-normal text-serif-l layout-component layout-wide layout-padded _wide_17hqh_1 layout-padded\">Trump sier at ukrainere \u00abelsker\u00bb fredsforslaget han har lagt fram, men at han ikke tror Zelenskyj har lest det.<\/p>\n<ul class=\"_gallery_1qa3s_23\" tabindex=\"0\">\n<li class=\"_item_1qa3s_37\" data-index=\"0\"><img fetchpriority=\"high\" decoding=\"async\" class=\"_image_foru8_23 _introGallery_foru8_43\" data-fullscreen- width=\"6000\" height=\"4000\" itemprop=\"image\" loading=\"eager\"  src=\"https:\/\/www.europesays.com\/no\/wp-content\/uploads\/2025\/12\/b1e712af-f383-4a16-a6f9-e76d34c24e80\"  style=\"object-position:50% 50%;aspect-ratio:var(--gallery-aspect-ratio, 16 \/ 9)\"\/>USAs president Donald Trump har lagt fram en fredsplan for Ukraina, men han er usikker p\u00e5 om Ukrainas president Volodymyr Zelenskyj har lest forslaget hans.  Foto: Evan Vucci \/ AP \/ NTB<\/li>\n<li class=\"_item_1qa3s_37\" data-index=\"1\"><img decoding=\"async\" class=\"_image_foru8_23 _introGallery_foru8_43\" data-fullscreen- width=\"6064\" height=\"4104\" itemprop=\"image\" loading=\"lazy\"  src=\"https:\/\/www.europesays.com\/no\/wp-content\/uploads\/2025\/12\/026d9b78-4cc3-401f-8920-8df3597f7396\"  style=\"object-position:50% 50%;aspect-ratio:var(--gallery-aspect-ratio, 16 \/ 9)\"\/>Mandag skal Zelenskyj m\u00f8te en rekke europeiske ledere i London. Her fra da flere av dem bes\u00f8kte Kyiv i mai. Fra venstre foran Storbritannias president Keir Starmer, Zelenskyj, Frankrikes president Emmanuel Macron, Tysklands forbundskansler Friedrich Merz og Polens statsminister Donald Tusk.  Foto: Ludovic Marin \/ AP \/ NTB<\/li>\n<\/ul>\n<p>USAs president Donald Trump har lagt fram en fredsplan for Ukraina, men han er usikker p\u00e5 om Ukrainas president Volodymyr Zelenskyj har lest forslaget hans.  Foto: Evan Vucci \/ AP \/ NTB<\/p>\n<ul aria-hidden=\"true\" class=\"_images_ntbth_112\">\n<li><a class=\"_link_ntbth_117\" href=\"https:\/\/www.vg.no\/forfatter\/ntb\" style=\"z-index:1\" title=\"NTB\" rel=\"nofollow noopener\" target=\"_blank\"><img alt=\"Bilde av NTB\" class=\"_image_ntbth_93\" fetchpriority=\"low\" loading=\"lazy\" decoding=\"async\" itemprop=\"image\"  src=\"https:\/\/www.europesays.com\/no\/wp-content\/uploads\/2025\/12\/1765177869_197_c33980b0-5d07-4027-84a1-813f90a7c8d6\"  width=\"480\"\/><\/a><\/li>\n<\/ul>\n<p> Oppdatert mandag 8. desember kl. 07:49     <\/p>\n<p class=\"_paragraph_o9xde_4 _paragraph_xtcu6_10 layout-component text-serif-m layout-normal text-serif-m layout-padded\">\u2013 Jeg m\u00e5 si at jeg er litt skuffet over at president Zelenskyj ikke enn\u00e5 har lest forslaget, sa USAs president Donald Trump s\u00f8ndag.<\/p>\n<p class=\"_paragraph_o9xde_4 _paragraph_xtcu6_10 layout-component text-serif-m layout-normal text-serif-m layout-padded\">Han sa samtidig at han var usikker p\u00e5 om Ukraina kom til \u00e5 godta forslaget, og at Russland helst \u00f8nsker \u00e5 ta hele landet, men at de likevel ikke har noe imot det.<\/p>\n<p class=\"_paragraph_o9xde_4 _paragraph_xtcu6_10 layout-component text-serif-m layout-normal text-serif-m layout-padded\">Mandag skal Zelenskyj m\u00f8te en rekke europeiske ledere i London, blant annet Storbritannias statsminister Keir Starmer, Tysklands Forbundskansler Friedrich Merz og Frankrikes president Emmanuel Macron. De skal diskutere den foresl\u00e5tte fredsplanen slik den ligger n\u00e5.<\/p>\n<p class=\"_paragraph_o9xde_4 _paragraph_xtcu6_10 layout-component text-serif-m layout-normal text-serif-m layout-padded\">Det er ikke offentlig kjent om Trumps 28-punktsplan for fred i Ukraina har blitt endret siden den ble lagt fram for tre uker siden. Siden torsdag har spesialutsending Steve Witkoff og Trumps svigers\u00f8nn Jared Kushner holdt samtaler med ukrainske forhandlere i Florida. <\/p>\n","protected":false},"excerpt":{"rendered":"Trump sier at ukrainere \u00abelsker\u00bb fredsforslaget han har lagt fram, men at han ikke tror Zelenskyj har lest&hellip;\n","protected":false},"author":2,"featured_media":107155,"comment_status":"","ping_status":"","sticky":false,"template":"","format":"standard","meta":{"footnotes":""},"categories":[5],"tags":[20,21,24,25,15,19,22,23,17,18,13,30,28,29,14,16,26,27],"class_list":{"0":"post-107154","1":"post","2":"type-post","3":"status-publish","4":"format-standard","5":"has-post-thumbnail","7":"category-overskrifter","8":"tag-breaking-news","9":"tag-breakingnews","10":"tag-featured-news","11":"tag-featurednews","12":"tag-headlines","13":"tag-hovedoppslag","14":"tag-latest-news","15":"tag-latestnews","16":"tag-main-news","17":"tag-mainnews","18":"tag-news","19":"tag-no","20":"tag-norge","21":"tag-norway","22":"tag-nyheter","23":"tag-overskrifter","24":"tag-top-stories","25":"tag-topstories"},"share_on_mastodon":{"url":"https:\/\/pubeurope.com\/@no\/115682704566289030","error":""},"_links":{"self":[{"href":"https:\/\/www.europesays.com\/no\/wp-json\/wp\/v2\/posts\/107154","targetHints":{"allow":["GET"]}}],"collection":[{"href":"https:\/\/www.europesays.com\/no\/wp-json\/wp\/v2\/posts"}],"about":[{"href":"https:\/\/www.europesays.com\/no\/wp-json\/wp\/v2\/types\/post"}],"author":[{"embeddable":true,"href":"https:\/\/www.europesays.com\/no\/wp-json\/wp\/v2\/users\/2"}],"replies":[{"embeddable":true,"href":"https:\/\/www.europesays.com\/no\/wp-json\/wp\/v2\/comments?post=107154"}],"version-history":[{"count":0,"href":"https:\/\/www.europesays.com\/no\/wp-json\/wp\/v2\/posts\/107154\/revisions"}],"wp:featuredmedia":[{"embeddable":true,"href":"https:\/\/www.europesays.com\/no\/wp-json\/wp\/v2\/media\/107155"}],"wp:attachment":[{"href":"https:\/\/www.europesays.com\/no\/wp-json\/wp\/v2\/media?parent=107154"}],"wp:term":[{"taxonomy":"category","embeddable":true,"href":"https:\/\/www.europesays.com\/no\/wp-json\/wp\/v2\/categories?post=107154"},{"taxonomy":"post_tag","embeddable":true,"href":"https:\/\/www.europesays.com\/no\/wp-json\/wp\/v2\/tags?post=107154"}],"curies":[{"name":"wp","href":"https:\/\/api.w.org\/{rel}","templated":true}]}}