{"id":107158,"date":"2025-12-08T07:13:09","date_gmt":"2025-12-08T07:13:09","guid":{"rendered":"https:\/\/www.europesays.com\/no\/107158\/"},"modified":"2025-12-08T07:13:09","modified_gmt":"2025-12-08T07:13:09","slug":"trump-vil-ha-finger-med-i-netflix-og-warner-brothers-sammenslaing","status":"publish","type":"post","link":"https:\/\/www.europesays.com\/no\/107158\/","title":{"rendered":"Trump vil ha finger med i Netflix og Warner Brothers-sammensl\u00e5ing"},"content":{"rendered":"\n<p class=\"_lead_o9xde_2 _lead_xtcu6_50 layout-component text-serif-m layout-normal text-serif-l layout-component layout-wide layout-padded _wide_17hqh_1 layout-padded\">USAs president Donald Trump sier han vil ha en finger med i spillet om en eventuell sammensl\u00e5ing av Netflix og Warner Brothers.<\/p>\n<p><img alt=\"President Donald Trump og f\u00f8rstedame Melania Trump p\u00e5 vei inn til Kennedy Center Honors s\u00f8ndag. Til pressen sa presidenten at han skal v\u00e6re involvert i beslutningen om en sammensl\u00e5ing mellom Netflix og Warner Bros.  Foto: Julia Demaree Nikhinson \/ AP \/ NTB\" class=\"_image_qp4xg_65 layout-component layout-wide\" data-fullscreen- data-track-element-type=\"Article image fullscreen\" data-track-name=\"ImageFullscreen\" fetchpriority=\"high\" decoding=\"sync\" loading=\"eager\" height=\"5240\" itemprop=\"image\"  src=\"https:\/\/www.europesays.com\/no\/wp-content\/uploads\/2025\/12\/fa09efcd-5e2d-4844-b524-a4f15f9c0a27\"  style=\"object-position:0% 0%\" width=\"7856\"\/>President Donald Trump og f\u00f8rstedame Melania Trump p\u00e5 vei inn til Kennedy Center Honors s\u00f8ndag. Til pressen sa presidenten at han skal v\u00e6re involvert i beslutningen om en sammensl\u00e5ing mellom Netflix og Warner Bros.  Foto: Julia Demaree Nikhinson \/ AP \/ NTB<\/p>\n<ul aria-hidden=\"true\" class=\"_images_ntbth_112\">\n<li><a class=\"_link_ntbth_117\" href=\"https:\/\/www.vg.no\/forfatter\/ntb\" style=\"z-index:1\" title=\"NTB\" rel=\"nofollow noopener\" target=\"_blank\"><img alt=\"Bilde av NTB\" class=\"_image_ntbth_93\" fetchpriority=\"low\" loading=\"lazy\" decoding=\"async\" itemprop=\"image\"  src=\"https:\/\/www.europesays.com\/no\/wp-content\/uploads\/2025\/12\/1765177989_747_c33980b0-5d07-4027-84a1-813f90a7c8d6\"  width=\"480\"\/><\/a><\/li>\n<\/ul>\n<p> Oppdatert mandag 8. desember kl. 05:40     <\/p>\n<p class=\"_paragraph_o9xde_4 _paragraph_xtcu6_10 layout-component text-serif-m layout-normal text-serif-m layout-padded\">\u2013 Jeg vil v\u00e6re involvert i den beslutningen, sa Trump til pressen s\u00f8ndag.<\/p>\n<p class=\"_paragraph_o9xde_4 _paragraph_xtcu6_10 layout-component text-serif-m layout-normal text-serif-m layout-padded\">Presidenten sa ikke om han st\u00f8tter en godkjenning av avtalen, men pekte p\u00e5 at en konsentrasjon av markedsmakt kan skape bekymring.<\/p>\n<p class=\"_paragraph_o9xde_4 _paragraph_xtcu6_10 layout-component text-serif-m layout-normal text-serif-m layout-padded\">\u2013 Det er en stor markedsandel. Det er ingen tvil om at det kan v\u00e6re et problem, sa Trump.<\/p>\n<p class=\"_paragraph_o9xde_4 _paragraph_xtcu6_10 layout-component text-serif-m layout-normal text-serif-m layout-padded\"> Fredag ble det kjent at <a href=\"https:\/\/about.netflix.com\/en\/news\/netflix-to-acquire-warner-bros\" class=\"_link_o9xde_39\" rel=\"nofollow noopener\" target=\"_blank\">Netflix kj\u00f8per Warner Bros<\/a> for 72 milliarder dollar. Dermed f\u00e5r <a href=\"https:\/\/www.vg.no\/tag\/netflix?utm_source=vg-article&amp;utm_medium=auto-tagger&amp;utm_campaign=zOL0vw\" class=\"_link_o9xde_39\" rel=\"nofollow noopener\" target=\"_blank\">Netflix<\/a> kontroll over en stor mengde filmer og TV-serier \u2013 blant annet \u00abGame of Thrones\u00bb, \u00abDC Comics\u00bb-universet, \u00abFriends\u00bb og \u00abHarry Potter\u00bb-filmene.<\/p>\n<p class=\"_paragraph_o9xde_4 _paragraph_xtcu6_10 layout-component text-serif-m layout-normal text-serif-m layout-padded\">Avtalen vil trolig bli gransket for mulige brudd p\u00e5 konkurranseregler b\u00e5de i Europa og USA, if\u00f8lge Reuters. Den vil gi Netflix, som allerede er verdens st\u00f8rste str\u00f8mmetjeneste, kontroll over rivalen HBO Max, som har nesten 130 millioner aktive abonnenter.<\/p>\n<p class=\"_paragraph_o9xde_4 _paragraph_xtcu6_10 layout-component text-serif-m layout-normal text-serif-m layout-padded\">Netflix har i forhandlingene argumentert for at sammensl\u00e5ingen vil komme forbrukere til gode gjennom redusert pris for pakkeabonnement. Netflix har ogs\u00e5 lovet Warner Bros \u00e5 fortsette med kinodistribusjon av studioets filmer, noe Netflix ikke har gjort med sine egne.<\/p>\n","protected":false},"excerpt":{"rendered":"USAs president Donald Trump sier han vil ha en finger med i spillet om en eventuell sammensl\u00e5ing av&hellip;\n","protected":false},"author":2,"featured_media":107159,"comment_status":"","ping_status":"","sticky":false,"template":"","format":"standard","meta":{"footnotes":""},"categories":[58],"tags":[55,71,220,30,28,29,72,13334],"class_list":{"0":"post-107158","1":"post","2":"type-post","3":"status-publish","4":"format-standard","5":"has-post-thumbnail","7":"category-underholdning","8":"tag-donald-trump","9":"tag-entertainment","10":"tag-netflix","11":"tag-no","12":"tag-norge","13":"tag-norway","14":"tag-underholdning","15":"tag-warner-brothers"},"share_on_mastodon":{"url":"https:\/\/pubeurope.com\/@no\/115682712527095898","error":""},"_links":{"self":[{"href":"https:\/\/www.europesays.com\/no\/wp-json\/wp\/v2\/posts\/107158","targetHints":{"allow":["GET"]}}],"collection":[{"href":"https:\/\/www.europesays.com\/no\/wp-json\/wp\/v2\/posts"}],"about":[{"href":"https:\/\/www.europesays.com\/no\/wp-json\/wp\/v2\/types\/post"}],"author":[{"embeddable":true,"href":"https:\/\/www.europesays.com\/no\/wp-json\/wp\/v2\/users\/2"}],"replies":[{"embeddable":true,"href":"https:\/\/www.europesays.com\/no\/wp-json\/wp\/v2\/comments?post=107158"}],"version-history":[{"count":0,"href":"https:\/\/www.europesays.com\/no\/wp-json\/wp\/v2\/posts\/107158\/revisions"}],"wp:featuredmedia":[{"embeddable":true,"href":"https:\/\/www.europesays.com\/no\/wp-json\/wp\/v2\/media\/107159"}],"wp:attachment":[{"href":"https:\/\/www.europesays.com\/no\/wp-json\/wp\/v2\/media?parent=107158"}],"wp:term":[{"taxonomy":"category","embeddable":true,"href":"https:\/\/www.europesays.com\/no\/wp-json\/wp\/v2\/categories?post=107158"},{"taxonomy":"post_tag","embeddable":true,"href":"https:\/\/www.europesays.com\/no\/wp-json\/wp\/v2\/tags?post=107158"}],"curies":[{"name":"wp","href":"https:\/\/api.w.org\/{rel}","templated":true}]}}