{"id":107160,"date":"2025-12-08T07:16:10","date_gmt":"2025-12-08T07:16:10","guid":{"rendered":"https:\/\/www.europesays.com\/no\/107160\/"},"modified":"2025-12-08T07:16:10","modified_gmt":"2025-12-08T07:16:10","slug":"naeringsliv-klepp-naeringslivsloggen-habu-skal-drive-med-finansiell-radgivning","status":"publish","type":"post","link":"https:\/\/www.europesays.com\/no\/107160\/","title":{"rendered":"N\u00e6ringsliv, Klepp | N\u00e6ringslivsloggen: H\u00e5bu skal drive med finansiell r\u00e5dgivning"},"content":{"rendered":"<p>  Nyregistreringer<\/p>\n<p><b>AV\u00c5LAND AS <\/b>i H\u00e5 er registrert med forretningsadresse Toppasvingen 3, Varhaug. Selskapet har som form\u00e5l \u00e5 investere i, eie, forvalte og selge andeler i andre selskaper, samt \u00e5 ut\u00f8ve komplement\u00e6re aktiviteter som finansiell r\u00e5dgivning og forvaltning. Kapitalen er satt til 50.000,00 NOK. Styrets leder er Alf V\u00e5land, og selskapets \u00e5rsregnskap skal ikke revideres. Vedtektsdatoen er 2. desember 2025.<\/p>\n<p>Endring av styre og daglig leder<\/p>\n<p>For <b>ROBOTVEGEN 32 S6 AS<\/b> i H\u00e5, med forretningsadresse c\/o Magnus Skretting Toppavegen 18, Varhaug, utg\u00e5r daglig leder.<\/p>\n<p>Endring av forretningsadresse<\/p>\n<p><b>MAESSEN HOLDING AS<\/b> i Klepp har endret sin forretningsadresse fra Kvibakken 56A, N\u00e6rb\u00f8, til Rosevegen 19, Kleppe.<\/p>\n<p><b>INTERI\u00d8RMESTEREN NORGE AS<\/b> i Time har endret sin forretningsadresse fra Rektor S\u00e6lands veg 29, Bryne, til Vesthagen 2, Bryne.<\/p>\n<p>Gjennomf\u00f8ring av fisjon<\/p>\n<p>Det er gjennomf\u00f8rt en fisjon der <b>COOP KLEPP EIENDOM AS<\/b> i Klepp, med forretningsadresse K.K. Kleppes veg 1, Kleppe, er det overdragende foretaket, og CKE HJELP AS i Klepp, med samme forretningsadresse, er det overtakende foretaket.<\/p>\n<p>Endring av kapital og vedtektsdato<\/p>\n<p>For <b>CKE HJELP AS<\/b> i Klepp, med forretningsadresse K.K. Kleppes veg 1, Kleppe, er kapitalen endret til 60.000,00 NOK. Selskapets vedtektsdato er ogs\u00e5 endret til 15. september 2025.<\/p>\n<p>For <b>COOP KLEPP EIENDOM AS<\/b> i Klepp, med forretningsadresse K.K. Kleppes veg 1, Kleppe, er kapitalen endret til 122.000,00 NOK. Selskapets vedtektsdato er ogs\u00e5 endret til 15. september 2023.<\/p>\n<p>Endring av revisor<\/p>\n<p><b>HEBA AS<\/b> i Time, med forretningsadresse Kl\u00f8vervegen 10, Bryne, har f\u00e5tt ny revisor i AAUDIT AS, Grenseveien 21, Sandnes.<\/p>\n<p><b>TOTAR AS<\/b> i Time, med forretningsadresse Kl\u00f8vervegen 10, Bryne, har f\u00e5tt ny revisor i AAUDIT AS, Grenseveien 21, Sandnes.<\/p>\n","protected":false},"excerpt":{"rendered":"Nyregistreringer AV\u00c5LAND AS i H\u00e5 er registrert med forretningsadresse Toppasvingen 3, Varhaug. Selskapet har som form\u00e5l \u00e5 investere&hellip;\n","protected":false},"author":2,"featured_media":7544,"comment_status":"","ping_status":"","sticky":false,"template":"","format":"standard","meta":{"footnotes":""},"categories":[56],"tags":[36,60,61,1471,1470,62,1676,30,28,29,1510,1469],"class_list":{"0":"post-107160","1":"post","2":"type-post","3":"status-publish","4":"format-standard","5":"has-post-thumbnail","7":"category-naeringsliv","8":"tag-art","9":"tag-business","10":"tag-economy","11":"tag-ha","12":"tag-klepp","13":"tag-naeringsliv","14":"tag-naeringslivsloggen","15":"tag-no","16":"tag-norge","17":"tag-norway","18":"tag-story","19":"tag-time"},"share_on_mastodon":{"url":"https:\/\/pubeurope.com\/@no\/115682723971182783","error":""},"_links":{"self":[{"href":"https:\/\/www.europesays.com\/no\/wp-json\/wp\/v2\/posts\/107160","targetHints":{"allow":["GET"]}}],"collection":[{"href":"https:\/\/www.europesays.com\/no\/wp-json\/wp\/v2\/posts"}],"about":[{"href":"https:\/\/www.europesays.com\/no\/wp-json\/wp\/v2\/types\/post"}],"author":[{"embeddable":true,"href":"https:\/\/www.europesays.com\/no\/wp-json\/wp\/v2\/users\/2"}],"replies":[{"embeddable":true,"href":"https:\/\/www.europesays.com\/no\/wp-json\/wp\/v2\/comments?post=107160"}],"version-history":[{"count":0,"href":"https:\/\/www.europesays.com\/no\/wp-json\/wp\/v2\/posts\/107160\/revisions"}],"wp:featuredmedia":[{"embeddable":true,"href":"https:\/\/www.europesays.com\/no\/wp-json\/wp\/v2\/media\/7544"}],"wp:attachment":[{"href":"https:\/\/www.europesays.com\/no\/wp-json\/wp\/v2\/media?parent=107160"}],"wp:term":[{"taxonomy":"category","embeddable":true,"href":"https:\/\/www.europesays.com\/no\/wp-json\/wp\/v2\/categories?post=107160"},{"taxonomy":"post_tag","embeddable":true,"href":"https:\/\/www.europesays.com\/no\/wp-json\/wp\/v2\/tags?post=107160"}],"curies":[{"name":"wp","href":"https:\/\/api.w.org\/{rel}","templated":true}]}}