{"id":107165,"date":"2025-12-08T07:21:09","date_gmt":"2025-12-08T07:21:09","guid":{"rendered":"https:\/\/www.europesays.com\/no\/107165\/"},"modified":"2025-12-08T07:21:09","modified_gmt":"2025-12-08T07:21:09","slug":"deltakerne-i-boksen-sesong-2","status":"publish","type":"post","link":"https:\/\/www.europesays.com\/no\/107165\/","title":{"rendered":"Deltakerne i \u00abBoksen\u00bb sesong 2"},"content":{"rendered":"\n<p class=\"_lead_o9xde_2 _lead_xtcu6_50 layout-component text-serif-m layout-normal text-serif-l layout-component layout-wide layout-padded _wide_17hqh_1 layout-padded\">Disse 13 skal kjempe i de gule boksene.<\/p>\n<p><img alt=\"Deltagerne fra venstre: Anette Trettebergstuen, Morten Hegseth, Margrete R\u00f8ed, Sofie Karlstad, Frode Grod\u00e5s, Kasper Kvello, Tim Kristian, Benedicte Adrian, Emil W\u00e6raas, Tuva Billing, Jon Ludvig Hammer, Tomine Harket og Erik Follestad. Foto: Matti Bernitz\/TV 2\" class=\"_image_qp4xg_65 layout-component layout-wide\" data-fullscreen- data-track-element-type=\"Article image fullscreen\" data-track-name=\"ImageFullscreen\" fetchpriority=\"high\" decoding=\"sync\" loading=\"eager\" height=\"4826\" itemprop=\"image\"  src=\"https:\/\/www.europesays.com\/no\/wp-content\/uploads\/2025\/12\/c62dd3bd-789c-4436-a5e3-8df363e1e273\"  style=\"object-position:0% 0%\" width=\"7239\"\/>Deltagerne fra venstre: Anette Trettebergstuen, Morten Hegseth, Margrete R\u00f8ed, Sofie Karlstad, Frode Grod\u00e5s, Kasper Kvello, Tim Kristian, Benedicte Adrian, Emil W\u00e6raas, Tuva Billing, Jon Ludvig Hammer, Tomine Harket og Erik Follestad. Foto: Matti Bernitz\/TV 2<\/p>\n<ul aria-hidden=\"true\" class=\"_images_ntbth_112\">\n<li><a class=\"_link_ntbth_117\" href=\"https:\/\/www.vg.no\/forfatter\/elise-roennevig-andersen\" style=\"z-index:1\" title=\"Elise R\u00f8nnevig Andersen\" rel=\"nofollow noopener\" target=\"_blank\"><img alt=\"Bilde av Elise R\u00f8nnevig Andersen\" class=\"_image_ntbth_93\" fetchpriority=\"low\" loading=\"lazy\" decoding=\"async\" itemprop=\"image\"  src=\"https:\/\/www.europesays.com\/no\/wp-content\/uploads\/2025\/12\/1765178469_997_d4a69b78-dc9a-4021-89fd-0783e681325f\"  width=\"480\"\/><\/a><\/li>\n<\/ul>\n<p> Oppdatert mandag 8. desember kl. 07:59    <\/p>\n<ul class=\"_list_o9xde_3 _list_64s2r_85 _unordered_o9xde_106 text-sans-m\">\n<li class=\"_item_o9xde_30\">Realityserien \u00abBoksen\u00bb er tilbake med sesong 2 i februar.<\/li>\n<li class=\"_item_o9xde_30\">13 kjente personer deltar, inkludert Benedicte Adrian og Erik Follestad.<\/li>\n<li class=\"_item_o9xde_30\">Deltakerne plasseres i bokser uten \u00e5 vite utfordringene som venter.<\/li>\n<li class=\"_item_o9xde_30\">Sesongen introduserer et nytt stemmesystem hvor poeng fungerer som valuta.<\/li>\n<\/ul>\n<p>Vis mer <\/p>\n<p class=\"_paragraph_o9xde_4 _paragraph_xtcu6_10 layout-component text-serif-m layout-normal text-serif-m layout-padded\">Realityserien \u00abBoksen\u00bb er tilbake med sesong 2 i februar.<\/p>\n<p class=\"_paragraph_o9xde_4 _paragraph_xtcu6_10 layout-component text-serif-m layout-normal text-serif-m layout-padded\">I den nye sesongen plasseres 13 kjente mennesker i hver sin boks, uten \u00e5 vite hvor de skal eller hvilken utfordring som venter.<\/p>\n<p class=\"_paragraph_o9xde_4 _paragraph_xtcu6_10 layout-component text-serif-m layout-normal text-serif-m layout-padded\">Den st\u00f8rste endringen er innf\u00f8ringen av et unikt stemmesystem. Poengene deltagerne samler i oppgavene, brukes som valuta n\u00e5r gruppen skal stemme over hvem som m\u00e5 ut i utslagsduell.<\/p>\n<p class=\"_paragraph_o9xde_4 _paragraph_xtcu6_10 layout-component text-serif-m layout-normal text-serif-m layout-padded\"><strong class=\"_strong_o9xde_25\">Deltagerne i sesong 2 er:<\/strong><\/p>\n<ul class=\"_list_o9xde_3 _list_xtcu6_9 _unordered_o9xde_106 layout-component text-serif-m layout-normal text-serif-m layout-padded\">\n<li class=\"_item_o9xde_30\">Benedicte Adrian \u2013 artist<\/li>\n<li class=\"_item_o9xde_30\">Frode Grod\u00e5s \u2013 tidligere landslagskeeper<\/li>\n<li class=\"_item_o9xde_30\">Morten Hegseth \u2013 programleder<\/li>\n<li class=\"_item_o9xde_30\">Tuva Billing \u2013 skuespiller<\/li>\n<li class=\"_item_o9xde_30\">Anette Trettebergstuen \u2013 tidligere politiker<\/li>\n<li class=\"_item_o9xde_30\">Emil W\u00e6raas \u2013 komiker<\/li>\n<li class=\"_item_o9xde_30\">Kasper Kvello \u2013 treningsinfluenser<\/li>\n<li class=\"_item_o9xde_30\">Margrete R\u00f8ed \u2013 programleder<\/li>\n<li class=\"_item_o9xde_30\">Erik Follestad \u2013 tidligere ishockeyspiller<\/li>\n<li class=\"_item_o9xde_30\">Jon Ludvig Hammer \u2013 stormester i sjakk<\/li>\n<li class=\"_item_o9xde_30\">Tomine Harket \u2013 artist<\/li>\n<li class=\"_item_o9xde_30\">Sofie Karlstad \u2013 TV-personlighet<\/li>\n<li class=\"_item_o9xde_30\">Tim Kristian \u2013 skj\u00f8nnhetsinfluenser<\/li>\n<\/ul>\n<p class=\"_paragraph_o9xde_4 _paragraph_xtcu6_10 layout-component text-serif-m layout-normal text-serif-m layout-padded\">\u2013 Denne sesongen blir enda bedre enn jeg turte \u00e5 dr\u00f8mme om. Konkurransene er bedre, smartere og mer spennende, sier programleder Mads Hansen.<\/p>\n<p class=\"_paragraph_o9xde_4 _paragraph_xtcu6_10 layout-component text-serif-m layout-normal text-serif-m layout-padded\">P\u00e5 bare ett \u00e5r har \u00abBoksen\u00bb blitt en internasjonal suksess. Formatet er solgt til ni land, deriblant England. \u00abBoksen\u00bb sesong 2 har premiere p\u00e5 TV 2 i februar.<\/p>\n","protected":false},"excerpt":{"rendered":"Disse 13 skal kjempe i de gule boksene. Deltagerne fra venstre: Anette Trettebergstuen, Morten Hegseth, Margrete R\u00f8ed, Sofie&hellip;\n","protected":false},"author":2,"featured_media":107166,"comment_status":"","ping_status":"","sticky":false,"template":"","format":"standard","meta":{"footnotes":""},"categories":[58],"tags":[11443,4000,71,13336,13338,30,28,29,13335,13337,72],"class_list":{"0":"post-107165","1":"post","2":"type-post","3":"status-publish","4":"format-standard","5":"has-post-thumbnail","7":"category-underholdning","8":"tag-anette-trettebergstuen","9":"tag-benedicte-adrian","10":"tag-entertainment","11":"tag-erik-follestad","12":"tag-frode-grodas","13":"tag-no","14":"tag-norge","15":"tag-norway","16":"tag-sofie-karlstad","17":"tag-tomine-harket","18":"tag-underholdning"},"share_on_mastodon":{"url":"https:\/\/pubeurope.com\/@no\/115682743658237211","error":""},"_links":{"self":[{"href":"https:\/\/www.europesays.com\/no\/wp-json\/wp\/v2\/posts\/107165","targetHints":{"allow":["GET"]}}],"collection":[{"href":"https:\/\/www.europesays.com\/no\/wp-json\/wp\/v2\/posts"}],"about":[{"href":"https:\/\/www.europesays.com\/no\/wp-json\/wp\/v2\/types\/post"}],"author":[{"embeddable":true,"href":"https:\/\/www.europesays.com\/no\/wp-json\/wp\/v2\/users\/2"}],"replies":[{"embeddable":true,"href":"https:\/\/www.europesays.com\/no\/wp-json\/wp\/v2\/comments?post=107165"}],"version-history":[{"count":0,"href":"https:\/\/www.europesays.com\/no\/wp-json\/wp\/v2\/posts\/107165\/revisions"}],"wp:featuredmedia":[{"embeddable":true,"href":"https:\/\/www.europesays.com\/no\/wp-json\/wp\/v2\/media\/107166"}],"wp:attachment":[{"href":"https:\/\/www.europesays.com\/no\/wp-json\/wp\/v2\/media?parent=107165"}],"wp:term":[{"taxonomy":"category","embeddable":true,"href":"https:\/\/www.europesays.com\/no\/wp-json\/wp\/v2\/categories?post=107165"},{"taxonomy":"post_tag","embeddable":true,"href":"https:\/\/www.europesays.com\/no\/wp-json\/wp\/v2\/tags?post=107165"}],"curies":[{"name":"wp","href":"https:\/\/api.w.org\/{rel}","templated":true}]}}