{"id":107167,"date":"2025-12-08T07:29:09","date_gmt":"2025-12-08T07:29:09","guid":{"rendered":"https:\/\/www.europesays.com\/no\/107167\/"},"modified":"2025-12-08T07:29:09","modified_gmt":"2025-12-08T07:29:09","slug":"norsk-politikk-avisrunden-politikk-de-viktigste-sakene-om-politikk-i-norske-aviser-mandag-8-desember-2025","status":"publish","type":"post","link":"https:\/\/www.europesays.com\/no\/107167\/","title":{"rendered":"Norsk politikk, Avisrunden politikk | De viktigste sakene om politikk i norske aviser mandag 8. desember 2025"},"content":{"rendered":"\n<p><b>Landbruksministeren raser mot S\u00f8reide etter l\u00f8kdrama<\/b> (NTB)<br \/>Sju partier p\u00e5 Stortinget satte en stopper for innf\u00f8ringen av nye regler mot milj\u00f8gifter i matvarer. Landbruksministeren mener opptredenen deres var uryddig.<\/p>\n<p>Det er s\u00e6rlig H\u00f8yre som f\u00e5r gjennomg\u00e5 fra landbruks- og matminister Nils Kristen Sandtr\u00f8en (Ap).<\/p>\n<p>\u2013 Det at H\u00f8yre bidrar til \u00e5 skape usikkerhet for n\u00e6ringslivet, og p\u00e5 toppen av det hele gj\u00f8r det i en sak der de tillater mer tungmetall og forurensing i barnemat, er en s\u00e5 spesiell kombinasjon at det er krevende \u00e5 finne en parallell sak i nyere tid i norsk politikk, sier statsr\u00e5den til NTB.<\/p>\n<p>Selv om l\u00f8ken havnet i fokus, er det en rekke andre varer som p\u00e5virkes, understreker landbruksminister Sandtr\u00f8en. Grenseverdier for kadmium i blant annet frokostblanding, sjokolade og barnemat skulle ogs\u00e5 endres. Det var ogs\u00e5 snakk om nye regler mot forurensing i prosessert barnemat.<\/p>\n<p>\u2013 Ved \u00e5 f\u00e5 i seg for mye av tungmetallet kan det blant annet g\u00e5 ut over nyrene ved at cellene i organet blir \u00f8delagt. Tungmetallet hoper seg opp i kroppen, og skilles sv\u00e6rt langsomt ut. Halveringstiden i kroppen er s\u00e5 lang som fra 10 til 30 \u00e5r, sier Sandtr\u00f8en.<\/p>\n<p><b>H\u00f8yre-ordf\u00f8rer om ledelsesvalg: \u2013 Vi blir aldri \u00e5 akseptere tre fra Oslo<\/b> (NTB)<br \/>B\u00f8-ordf\u00f8rer Sture Pedersen er sterkt kritisk til ledertrio fra Oslo og \u00f8stlandsomr\u00e5det. Han og flere H\u00f8yre-politikere tar til orde for mer geografisk spredning.<\/p>\n<p>\u2013 Vi blir aldri \u00e5 akseptere tre fra Oslo, sier Pedersen til <a rel=\"noopener nofollow\" href=\"https:\/\/www.vg.no\/nyheter\/i\/n1g1MB\/hoeyre-politikere-kritiserer-ledelse-med-kun-oslo-politikere\" target=\"_blank\">VG.<\/a><\/p>\n<p>\u2013 Jeg kan love deg \u00e9n ting: Vi blir ikke sittende i ro og se p\u00e5 at H\u00f8yre velger tre personer fra \u00f8stlandsomr\u00e5det til H\u00f8yres ledelse. Glem det. Tre stykk som tr\u00f8r skot\u00f8yet sitt p\u00e5 Karl Johan? Ikke aktuelt, sier han.<\/p>\n<p>Han garanterer at det i et s\u00e5nt tilfelle vil bli kamp p\u00e5 landsm\u00f8tet i februar, hvor partiet skal velge Erna Solbergs erstatter og to nestledere.<\/p>\n<p>VG og flere andre medier har skrevet at Henrik Asheim ligger an til \u00e5 fortsette som nestleder, mens Unge H\u00f8yre-leder Ola Svenneby trolig blir nestleder.<\/p>\n<p><b>Fr\u00f8lich sier nei til \u00e5 bli nestleder i H\u00f8yre<\/b> (TV 2)<br \/>Peter Fr\u00f8lich (38) og Henrik Asheim (42) l\u00e5 an til \u00e5 bli foresl\u00e5tt som H\u00f8yres nestledere under Ine Eriksen S\u00f8reide (49). N\u00e5 ber Fr\u00f8lich partiet velge Ola Svenneby (28) i stedet.<\/p>\n<p>\u2013 Jeg ber valgkomiteen velge noen andre nestledere enn meg, sier Peter Fr\u00f8lich til TV 2.<\/p>\n<p>\u2013 At mitt valg ogs\u00e5 gir rom for et s\u00e5 ekstraordin\u00e6rt politisk talent som Ola Svenneby som nestleder er personlig viktig for meg. Og Henrik har gjort en enorm innsats som nestleder.<\/p>\n<p>If\u00f8lge TV 2s kilder ligger det n\u00e5 an til at valgkomiteen vil innstille Ola Svenneby og Henrik Asheim som partiets nestledere. <b><a href=\"https:\/\/www.tv2.no\/nyheter\/innenriks\/frolich-sier-nei-til-a-bli-nestleder-i-hoyre\/18359576\/\" rel=\"Follow nofollow noopener\" target=\"_blank\">Les mer<\/a><\/b><\/p>\n<p><b>Krever syvmilssteg for skatteforlik<\/b> (Finansavisen)<br \/>Mens Fremskrittspartiet nektet \u00e5 delta i en skattekommisjon for skatteforlik p\u00e5 Stortinget valgte H\u00f8yre det motsatte.<\/p>\n<p>Men n\u00e5r H\u00f8yre blir kritisert for i praksis \u00e5 st\u00f8tte en prosess mot det som kritiseres for i praksis handler om uendret skatteniv\u00e5 fra 2028 rykker sl\u00e5r H\u00f8yres Nikolai Astrup tilbake.<\/p>\n<p>\u00abHvis det skal bli et forlik som H\u00f8yre kan stille seg bak, m\u00e5 regjeringen bevege seg sv\u00e6rt langt i v\u00e5r retning\u00bb, skriver Astrup p\u00e5 LinkedIn f\u00f8r han \u00e5pner for at hele prosessen kan bli en fiasko.<\/p>\n<p>\u00abDet er derfor slett ikke sikkert det blir noe forlik, men alternativet til \u00e5 delta i en kommisjon er ingen endring.\u00bb, skriver han. <b><a href=\"https:\/\/www.finansavisen.no\/skatt\/2025\/12\/07\/8312898\/nikolai-astrup-regjeringen-ma-svaert-langt-i-var-retning\" rel=\"Follow nofollow noopener\" target=\"_blank\">Les mer<\/a><\/b><\/p>\n<p><b>Kraftsluket p\u00e5 Melk\u00f8ya: Frykter dyr str\u00f8m og fortsatte utslipp<\/b> (E24)<br \/>Fra 2030 skal Equinor \u00e5rlig bruke 3\u20134 terawattimer (TWh) kraft p\u00e5 gassanlegget p\u00e5 Melk\u00f8ya i Hammerfest, som skal hentes fra kraftsystemet i Nord-Norge.<\/p>\n<p>Naturvernere frykter imidlertid at det ikke vil v\u00e6re nok kraft i Finnmark. Da m\u00e5 kanskje gasskraftverket fortsette driften og klimautslippene ogs\u00e5 i \u00e5rene etter 2030.<\/p>\n<p>\u2013 Det blir tydeligere og tydeligere at elektrifiseringen av Melk\u00f8ya, med det enorme kraftbehovet, ikke g\u00e5r opp, sier leder Truls Gulowsen i Naturvernforbundet.<\/p>\n<p>R\u00f8dt foresl\u00e5r \u00e5 stanse den videre elektrifiseringen av Melk\u00f8ya-anlegget og satse p\u00e5 alternativer som gasskraft med CO\u2082-rensing. Ogs\u00e5 SV \u00f8nsker \u00e5 p\u00e5legge oljebransjen utslippskutt via gasskraft med CO\u2082-rensing eller havvind. <b><a href=\"https:\/\/e24.no\/energi-og-klima\/i\/6qwxzO\/kraftsluket-paa-melkoeya-frykter-dyr-stroem-og-fortsatte-utslipp\" rel=\"Follow nofollow noopener\" target=\"_blank\">Les mer<\/a><\/b><\/p>\n<p><b>Kan bli skjenkestopp under Norges nattkamper i VM \u2013 Frp vil ha unntak fra loven<\/b> (NTB)<br \/>To av fotballandslagets VM-kamper spilles p\u00e5 natten norsk tid. Det kan bety stengte \u00f8lkraner, men Frp ber n\u00e5 regjeringen om unntak fra loven.<\/p>\n<p>Natt til 23. juni kan Norge potensielt avansere til sluttspillet i VM klokken 4 om natten. Det kan bli en utfordring for utelivet.<\/p>\n<p>I en rundsp\u00f8rring <a rel=\"noopener nofollow\" href=\"https:\/\/www.nrk.no\/fotballvm2026\/uenighet-om-skjenking-under-vm_-_-hvilke-politikere-tor-a-si-nei_-1.17682411\" target=\"_blank\">NRK<\/a> har gjort til flere byer og kommuner er det delte meninger om skjenketid under VM.<\/p>\n<p>Trondheim vil se p\u00e5 muligheter for \u00e5 endre skjenketida under VM. Oslo mener det m\u00e5 gj\u00f8res noe med alkoholloven, eller unntak fra den, fra regjeringens side. Stavanger vil v\u00e6re restriktive med \u00e5 gi tillatelse til \u00e5 utvide skjenketidene. Bergen vil ha skjenking til 04 p\u00e5 natten, skriver <a rel=\"noopener nofollow\" href=\"https:\/\/www.bt.no\/sport\/i\/vrml7V\/skjenkebraak-foer-vm-problemer-for-dem-som-oensker-aa-ta-seg-en-oel-under-kampen\" target=\"_blank\">Bergens Tidende<\/a>.<\/p>\n<p>Fremskrittspartiet stiller n\u00e5 skriftlig sp\u00f8rsm\u00e5l til helseministeren om unntak for skjenking etter klokken 03.00.<\/p>\n<p>\u2013 N\u00e5 kommer vi til \u00e5 utfordre helseministeren p\u00e5 om det er muligheter for \u00e5 gj\u00f8re unntak innenfor dagens lovverk. Hvis det ikke er mulig \u00e5 gj\u00f8re den type unntak som vi ser veldig mange ettersp\u00f8r rundt omkring, m\u00e5 vi vurdere \u00e5 fremme forslag i Stortinget, sier helsepolitisk talsmann Kristian Eilertsen i Frp til NRK.<\/p>\n<p><b>Stort ja til skjermkutt for elevene i sm\u00e5skolen<\/b> (NTB)<br \/>L\u00e6rere, foreldre, skoler, kommuner og organisasjoner: Ni av ti sier ja i en h\u00f8ring om at bruken av skjerm skal v\u00e6re s\u00e6rskilt varsom i undervisningen av de yngste i skolen.<\/p>\n<p>Forslaget gjelder undervisningen p\u00e5 sm\u00e5skolen, fra f\u00f8rste til fjerde trinn. N\u00e5 har 1700 har svart p\u00e5 <a rel=\"noopener nofollow\" href=\"https:\/\/www.udir.no\/om-udir\/hoyringar\/#\/3586\/uttalelser\" target=\"_blank\">h\u00f8ringen <\/a>som gikk ut i slutten av august.<\/p>\n<p>\u2013 Engasjementet rundt h\u00f8ringen viser at vi er p\u00e5 rett vei. Det gleder meg at b\u00e5de l\u00e6rere, skoler og foreldre er enige i at skjermbruken skal v\u00e6re varsom de f\u00f8rste \u00e5rene p\u00e5 skolen. N\u00e5 skal Utdanningsdirektoratet g\u00e5 gjennom alle innspillene og komme tilbake med et forslag til endelig justering, sier kunnskapsminister Kari Nessa Nordtun (Ap).<\/p>\n<p>I h\u00f8ringen er det foresl\u00e5tt at man skal legge til en tekst i l\u00e6replanverket, om at digitale enheter skal brukes \u00abs\u00e6rskilt varsomt\u00bb og ikke dominere undervisningen for elever p\u00e5 1.\u20134. trinn. Dette uttrykkes ogs\u00e5 eksplisitt i teksten som handler om digitale ferdigheter, for \u00e5 tydeliggj\u00f8re dette.<\/p>\n<p><b>Les ogs\u00e5: <a href=\"https:\/\/www.nettavisen.no\/okonomi\/de-viktigste-sakene-om-norsk-okonomi-mandag-8-desember-2025\/s\/5-95-2767640\" rel=\"Follow nofollow noopener\" target=\"_blank\">Dette skriver avisene om norsk \u00f8konomi mandag 8. desember<\/a><\/b><\/p>\n","protected":false},"excerpt":{"rendered":"Landbruksministeren raser mot S\u00f8reide etter l\u00f8kdrama (NTB)Sju partier p\u00e5 Stortinget satte en stopper for innf\u00f8ringen av nye regler&hellip;\n","protected":false},"author":2,"featured_media":107168,"comment_status":"","ping_status":"","sticky":false,"template":"","format":"standard","meta":{"footnotes":""},"categories":[10],"tags":[20,21,24,25,15,22,23,13,30,28,29,14,16,26,27],"class_list":{"0":"post-107167","1":"post","2":"type-post","3":"status-publish","4":"format-standard","5":"has-post-thumbnail","7":"category-norge","8":"tag-breaking-news","9":"tag-breakingnews","10":"tag-featured-news","11":"tag-featurednews","12":"tag-headlines","13":"tag-latest-news","14":"tag-latestnews","15":"tag-news","16":"tag-no","17":"tag-norge","18":"tag-norway","19":"tag-nyheter","20":"tag-overskrifter","21":"tag-top-stories","22":"tag-topstories"},"share_on_mastodon":{"url":"https:\/\/pubeurope.com\/@no\/115682775293977081","error":""},"_links":{"self":[{"href":"https:\/\/www.europesays.com\/no\/wp-json\/wp\/v2\/posts\/107167","targetHints":{"allow":["GET"]}}],"collection":[{"href":"https:\/\/www.europesays.com\/no\/wp-json\/wp\/v2\/posts"}],"about":[{"href":"https:\/\/www.europesays.com\/no\/wp-json\/wp\/v2\/types\/post"}],"author":[{"embeddable":true,"href":"https:\/\/www.europesays.com\/no\/wp-json\/wp\/v2\/users\/2"}],"replies":[{"embeddable":true,"href":"https:\/\/www.europesays.com\/no\/wp-json\/wp\/v2\/comments?post=107167"}],"version-history":[{"count":0,"href":"https:\/\/www.europesays.com\/no\/wp-json\/wp\/v2\/posts\/107167\/revisions"}],"wp:featuredmedia":[{"embeddable":true,"href":"https:\/\/www.europesays.com\/no\/wp-json\/wp\/v2\/media\/107168"}],"wp:attachment":[{"href":"https:\/\/www.europesays.com\/no\/wp-json\/wp\/v2\/media?parent=107167"}],"wp:term":[{"taxonomy":"category","embeddable":true,"href":"https:\/\/www.europesays.com\/no\/wp-json\/wp\/v2\/categories?post=107167"},{"taxonomy":"post_tag","embeddable":true,"href":"https:\/\/www.europesays.com\/no\/wp-json\/wp\/v2\/tags?post=107167"}],"curies":[{"name":"wp","href":"https:\/\/api.w.org\/{rel}","templated":true}]}}