{"id":10717,"date":"2025-08-17T18:28:26","date_gmt":"2025-08-17T18:28:26","guid":{"rendered":"https:\/\/www.europesays.com\/no\/10717\/"},"modified":"2025-08-17T18:28:26","modified_gmt":"2025-08-17T18:28:26","slug":"hoyre-topp-ine-eriksen-soreide-raser-mot-frp-villedende","status":"publish","type":"post","link":"https:\/\/www.europesays.com\/no\/10717\/","title":{"rendered":"H\u00f8yre-topp\u00a0Ine Eriksen S\u00f8reide raser mot Frp: \u2013 Villedende"},"content":{"rendered":"<p>Fremskrittspartiet vil endre E\u00d8S-avtalen for \u00e5 hindre at velferdsytelser eksporteres ut av landet, men uten \u00e5 si opp avtalen. Det f\u00e5r H\u00f8yres Ine Eriksen S\u00f8reide til \u00e5 reagere kraftig.<\/p>\n<p><b>\u2013 \u00c5 reforhandle deler av E\u00d8S-avtalen er ikke mulig. F\u00f8rst m\u00e5 avtalen sies opp, og det ville v\u00e6rt dramatisk for \u00f8konomien og de over 400.000 jobbene som er avhengige av den, sier S\u00f8reide til <a href=\"https:\/\/www.dn.no\/politikk\/ine-eriksen-soreide\/eos\/sylvi-listhaug\/hoyre-anklager-listhaug-for-a-snakke-uarlig-om-eos-avtalen\/2-1-1857572\" target=\"_blank\" rel=\"nofollow noopener\">DN<\/a>.<\/b><\/p>\n<p>\u200a\u2013 De m\u00e5 avklare hva de faktisk mener om E\u00d8S-avtalen. Og de m\u00e5 snakke \u00e6rlig om konsekvensene av politikken sin. Det opplever jeg ikke at de gj\u00f8r. \u00c5 gi inntrykk av at E\u00d8S kan reforhandles, og at resultatet vil bli bedre, er villedende, fortsetter hun.<\/p>\n<p>Frp-leder Sylvi Listhaug stilte ikke til intervju, men nestleder Hans Andreas Limi st\u00e5r fast p\u00e5 at reforhandling er mulig, selv uten \u00e5 si opp avtalen.<\/p>\n<p>\u2013 Hvordan det formelt skal skje, gjenst\u00e5r \u00e5 se, den n\u00e5v\u00e6rende regjeringen har ikke fors\u00f8kt. Det er tydelig at S\u00f8reide ikke p\u00e5 noe omr\u00e5de \u00f8nsker, eller t\u00f8r, \u00e5 utfordre EU. S\u00f8reide viser til E\u00d8S-avtalen n\u00e6rmest som en naturlov som ikke kan endres p\u00e5. Vi tror det finnes et mulighetsrom p\u00e5 flere omr\u00e5der, skriver han i en e-post.<\/p>\n<p class=\"subhead\" data-element-type=\"subhead\" data-element-label=\"Mellomtittel\">H\u00f8yre advarer<\/p>\n<p>Det er ikke f\u00f8rste gang H\u00f8yre retter pekefingeren mot Fremskrittspartiet i E\u00d8S-sp\u00f8rsm\u00e5let. Allerede i mars gikk <a href=\"https:\/\/www.finansavisen.no\/politikk\/2025\/03\/25\/8252343\/listhaug-vil-ikke-love-a-la-eos-avtalen-ligge-i-bero\" target=\"_blank\" rel=\"nofollow noopener\">Erna Solberg ut med en tydelig oppfordring om \u00e5 \u00abikke rote\u00bb med E\u00d8S-avtalen<\/a> \u2013 s\u00e6rlig i den usikre situasjonen Europa befinner seg i n\u00e5.<\/p>\n<p>Responsen fra Frp-leder Sylvi Listhaug lot ikke vente p\u00e5 seg.<\/p>\n<p><b>\u00abI stedet for \u00e5 spinne historier som ikke stemmer om Frps forhold til E\u00d8S-avtalen, b\u00f8r Solberg heller utvise st\u00f8rre selvtillit i m\u00f8te med Europa\u00bb, svarte Listhaug den gang.<\/b><\/p>\n<p>Hun understreket samtidig at Frp fortsatt st\u00f8tter E\u00d8S-avtalen, men mener det er n\u00f8dvendig \u00e5 reforhandle enkelte deler for \u00e5 sikre norske interesser bedre.<\/p>\n<p data-is-last-node=\"\" data-is-only-node=\"\">\u00abVi b\u00f8r i st\u00f8rre grad si nei til \u00e5 knytte norsk industri enda tettere til EUs energimarked, som har utviklet seg i helt feil retning de siste \u00e5rene p\u00e5 grunn av feilsl\u00e5tt energi- og klimapolitikk\u00bb, sa Listhaug.<\/p>\n","protected":false},"excerpt":{"rendered":"Fremskrittspartiet vil endre E\u00d8S-avtalen for \u00e5 hindre at velferdsytelser eksporteres ut av landet, men uten \u00e5 si opp&hellip;\n","protected":false},"author":2,"featured_media":10718,"comment_status":"","ping_status":"","sticky":false,"template":"","format":"standard","meta":{"footnotes":""},"categories":[10],"tags":[20,21,24,25,680,1685,15,762,2218,22,23,13,30,28,29,14,16,26,27],"class_list":{"0":"post-10717","1":"post","2":"type-post","3":"status-publish","4":"format-standard","5":"has-post-thumbnail","7":"category-norge","8":"tag-breaking-news","9":"tag-breakingnews","10":"tag-featured-news","11":"tag-featurednews","12":"tag-frp","13":"tag-hans-andreas-limi","14":"tag-headlines","15":"tag-hoyre","16":"tag-ine-eriksen-soreide","17":"tag-latest-news","18":"tag-latestnews","19":"tag-news","20":"tag-no","21":"tag-norge","22":"tag-norway","23":"tag-nyheter","24":"tag-overskrifter","25":"tag-top-stories","26":"tag-topstories"},"share_on_mastodon":{"url":"","error":""},"_links":{"self":[{"href":"https:\/\/www.europesays.com\/no\/wp-json\/wp\/v2\/posts\/10717","targetHints":{"allow":["GET"]}}],"collection":[{"href":"https:\/\/www.europesays.com\/no\/wp-json\/wp\/v2\/posts"}],"about":[{"href":"https:\/\/www.europesays.com\/no\/wp-json\/wp\/v2\/types\/post"}],"author":[{"embeddable":true,"href":"https:\/\/www.europesays.com\/no\/wp-json\/wp\/v2\/users\/2"}],"replies":[{"embeddable":true,"href":"https:\/\/www.europesays.com\/no\/wp-json\/wp\/v2\/comments?post=10717"}],"version-history":[{"count":0,"href":"https:\/\/www.europesays.com\/no\/wp-json\/wp\/v2\/posts\/10717\/revisions"}],"wp:featuredmedia":[{"embeddable":true,"href":"https:\/\/www.europesays.com\/no\/wp-json\/wp\/v2\/media\/10718"}],"wp:attachment":[{"href":"https:\/\/www.europesays.com\/no\/wp-json\/wp\/v2\/media?parent=10717"}],"wp:term":[{"taxonomy":"category","embeddable":true,"href":"https:\/\/www.europesays.com\/no\/wp-json\/wp\/v2\/categories?post=10717"},{"taxonomy":"post_tag","embeddable":true,"href":"https:\/\/www.europesays.com\/no\/wp-json\/wp\/v2\/tags?post=10717"}],"curies":[{"name":"wp","href":"https:\/\/api.w.org\/{rel}","templated":true}]}}