{"id":107171,"date":"2025-12-08T07:31:14","date_gmt":"2025-12-08T07:31:14","guid":{"rendered":"https:\/\/www.europesays.com\/no\/107171\/"},"modified":"2025-12-08T07:31:14","modified_gmt":"2025-12-08T07:31:14","slug":"kometen-einar-hedegart-kan-ufrivillig-havne-i-ol-skvis-etter-superrennet-i-trondheim-surrealistisk","status":"publish","type":"post","link":"https:\/\/www.europesays.com\/no\/107171\/","title":{"rendered":"Kometen Einar Hedegart kan ufrivillig havne i OL-skvis etter superrennet i Trondheim: \u2013 Surrealistisk"},"content":{"rendered":"\n<p class=\"_lead_o9xde_2 _lead_xtcu6_50 layout-component text-serif-m layout-normal text-serif-l layout-component layout-wide layout-padded _wide_17hqh_1 layout-padded\">Norge har knapt plasser til OL sammenlignet med VM. Selv etter enorm suksess, forst\u00e5r \u00abspesialisten\u00bb Einar Hedegart (24) at det kan bety tr\u00f8bbel for ham.<\/p>\n<p><img alt=\"Einar Hedegart fikk en bot for denne man\u00f8veren da han livestreamet p\u00e5 Instagram fra m\u00e5lomr\u00e5det i Gran\u00e5sen, Trondheim, etter seieren p\u00e5 10 kilometer fristil Foto: MAXIM THORE \/ Bildbyr\u00e5n\" class=\"_image_qp4xg_65 layout-component layout-wide\" data-fullscreen- data-track-element-type=\"Article image fullscreen\" data-track-name=\"ImageFullscreen\" fetchpriority=\"high\" decoding=\"sync\" loading=\"eager\" height=\"4000\" itemprop=\"image\"  src=\"https:\/\/www.europesays.com\/no\/wp-content\/uploads\/2025\/12\/3384652f-b510-4d7b-b5fd-e6ed1eaf6cfb\"  style=\"object-position:0% 0%\" width=\"6000\"\/>Einar Hedegart fikk en bot for denne man\u00f8veren da han livestreamet p\u00e5 Instagram fra m\u00e5lomr\u00e5det i Gran\u00e5sen, Trondheim, etter seieren p\u00e5 10 kilometer fristil Foto: MAXIM THORE \/ Bildbyr\u00e5n<\/p>\n<ul aria-hidden=\"true\" class=\"_images_ntbth_112\">\n<li><a class=\"_link_ntbth_117\" href=\"https:\/\/www.vg.no\/forfatter\/mikal-aaserud\" style=\"z-index:1\" title=\"Mikal Emil Aaserud\" rel=\"nofollow noopener\" target=\"_blank\"><img alt=\"Bilde av Mikal Emil Aaserud\" class=\"_image_ntbth_93\" fetchpriority=\"low\" loading=\"lazy\" decoding=\"async\" itemprop=\"image\"  src=\"https:\/\/www.europesays.com\/no\/wp-content\/uploads\/2025\/12\/1765179072_837_1f4bb18c-b7b1-46ba-9b49-79ae6afd7bbd\"  width=\"480\"\/><\/a><\/li>\n<\/ul>\n<p> Oppdatert mandag 8. desember kl. 08:27    <\/p>\n<ul class=\"_list_o9xde_3 _list_64s2r_85 _unordered_o9xde_106 text-sans-m\">\n<li class=\"_item_o9xde_30\">Einar Hedegart vant sesongens f\u00f8rste uttaksrenn p\u00e5 10 km fristil, men det er ingen automatikk at han f\u00e5r OL-billett med en gang.<\/li>\n<li class=\"_item_o9xde_30\">Norge f\u00e5r trolig \u00e5tte plasser til OL og flere OL-uttatte l\u00f8pere m\u00e5 trolig h\u00e5ndtere flere stilarter og distanser.<\/li>\n<li class=\"_item_o9xde_30\">Hedegart h\u00e5per uansett at hans prestasjoner i 10 km fristil vil sikre ham en plass.<\/li>\n<\/ul>\n<p>Vis mer <\/p>\n<p class=\"_paragraph_o9xde_4 _paragraph_xtcu6_10 layout-component text-serif-m layout-normal text-serif-m layout-padded\">\u2013 Ja, definitivt, det taler mot meg, sier han \u2013 da VG sp\u00f8r om han f\u00f8ler han er \u00abfor smal\u00bb som langrennsl\u00f8per.<\/p>\n<p class=\"_paragraph_o9xde_4 _paragraph_xtcu6_10 layout-component text-serif-m layout-normal text-serif-m layout-padded\">S\u00f8ndag vant han \u2013 som i alle \u00e5r egentlig har v\u00e6rt skiskytter \u2013 sesongens f\u00f8rste uttaksrenn i 10 kilometer fristil, <a href=\"https:\/\/www.vg.no\/sport\/i\/V6RgJl\/norsk-thriller-i-granaasen-einar-hedegart-tideler-foran-andreas-ree\" data-track-element-type=\"Link\" data-track-id=\"link:V6RgJl\" class=\"_link_o9xde_39\" rel=\"nofollow noopener\" target=\"_blank\">da han satte hele landslagseliten p\u00e5 plass <\/a>i Gran\u00e5sen i Trondheim.<\/p>\n<p class=\"_paragraph_o9xde_4 _paragraph_xtcu6_10 layout-component text-serif-m layout-normal text-serif-m layout-padded\">Men n\u00e5r det gjelder OL i Italia i februar, er det ikke rett frem og enkelt at s\u00e5kalte spesialisterspesialisterEn spesialist i dette tilfellet er en ut\u00f8ver som for eksempel bare kan g\u00e5 en stilart, eller bare en kort eller lang distanse, for eksempel. kommer seg rett dit.<\/p>\n<p class=\"_paragraph_o9xde_4 _paragraph_xtcu6_10 layout-component text-serif-m layout-normal text-serif-m layout-padded\">Ettersom Norge trolig f\u00e5r \u00e5tte plasser til lekene i Italia, er landslagsmilj\u00f8et smertelig klar over at ledelsen \u00f8nsker ut\u00f8vere som kan g\u00e5 flere \u00f8velser.<\/p>\n<p class=\"_paragraph_o9xde_4 _paragraph_xtcu6_10 layout-component text-serif-m layout-normal text-serif-m layout-padded\">Med andre ord at de kan h\u00e5ndtere enten kortere og lengre distanser og\/eller begge stilarter.<\/p>\n<p class=\"_paragraph_o9xde_4 _paragraph_xtcu6_10 layout-component text-serif-m layout-normal text-serif-m layout-padded\"><strong class=\"_strong_o9xde_25\"> \u2013 Hedegart&#8230; Det vet jeg ikke. Det er den beryktede kabalen. Hvor mange spesialister skal vi sende til OL n\u00e5r vi bare blir \u00e5tte? Det er kanskje plass til ham, sier Jan Thomas Jenssen.<\/strong><\/p>\n<p class=\"_paragraph_o9xde_4 _paragraph_xtcu6_10 layout-component text-serif-m layout-normal text-serif-m layout-padded\">Johannes H\u00f8sflot Kl\u00e6bo sier til VG at han ogs\u00e5 skj\u00f8nner at puslespillet er komplisert og at noe av l\u00f8sninger ligger i hvor mange rene sprintere ledelsen velger \u00e5 ta ut.<\/p>\n<p class=\"_paragraph_o9xde_4 _paragraph_xtcu6_10 layout-component text-serif-m layout-normal text-serif-m layout-padded\">En som var langt nede etter s\u00f8ndagens 10 kilometer fristil var denne Iver Tildheim Andersen, som gir opp OL-dr\u00f8mmen:<\/p>\n<p class=\"_paragraph_o9xde_4 _paragraph_xtcu6_10 layout-component text-serif-m layout-normal text-serif-m layout-padded\">For dette er nok utgangspunktet:<\/p>\n<ul class=\"_list_o9xde_3 _list_xtcu6_9 _unordered_o9xde_106 layout-component text-serif-m layout-normal text-serif-m layout-padded\">\n<li class=\"_item_o9xde_30\">Fra f\u00f8r fremst\u00e5r fire ut\u00f8vere relativt sikre p\u00e5 OL-plass fire ut\u00f8vere relativt sikre p\u00e5 OL-plassDe fire er Johannes H\u00f8sflot Kl\u00e6bo, Harald \u00d8stberg Amundsen, Martin L\u00f8wstr\u00f8m Nyenget og Erik Valnes. basert p\u00e5 resultater det siste \u00e5ret.<\/li>\n<li class=\"_item_o9xde_30\">Dermed skal det ytterligere fire innskal det ytterligere fire innAv disse er Einar Hedegart, Andreas Fjorden Ree, Emil Iversen, Ansgar Evensen, Even Northug, Oskar Opstad Vike, Simen Hegstad Kr\u00fcger, Mattis Stenshagen alle aktuelle. for \u00e5 dekke opp Norges fire plasser p\u00e5 hver av de individuelle OL-\u00f8velsene.OL-\u00f8velsene.I OL skal det g\u00e5s fire individuelle \u00f8velser: 20 kilometer med skibytte (10 kilometer i begge stilarter), 10 kilometer fristil intervallstart, klassisk sprint, 50 kilometer klassisk stil. I tillegg skal det g\u00e5s en lagsprint i fristil og stafett (de to f\u00f8rste etappene i klassisk, de to siste i fristil).<\/li>\n<li class=\"_item_o9xde_30\">Hedegart er enn s\u00e5 lenge Norges beste ut\u00f8ver p\u00e5 OL-\u00f8velsen 10 kilometer fristil.<\/li>\n<\/ul>\n<p>Slik kan en OL-tropp og lag se ut:<\/p>\n<p class=\"_paragraph_o9xde_4 _paragraph_xtcu6_10 _paragraph_16v91_10 layout-component text-serif-m layout-normal text-sans-m layout-padded\">Dette er bare et tenkt eksempel, men maks \u00e5tte ut\u00f8vere kan bli tatt ut til OL. Norge har fire ut\u00f8vere per \u00f8velse:<\/p>\n<p class=\"_paragraph_o9xde_4 _paragraph_xtcu6_10 _paragraph_16v91_10 layout-component text-serif-m layout-normal text-sans-m layout-padded\"><strong class=\"_strong_o9xde_25\">Klassisk sprint-laget:<\/strong><\/p>\n<p class=\"_paragraph_o9xde_4 _paragraph_xtcu6_10 _paragraph_16v91_10 layout-component text-serif-m layout-normal text-sans-m layout-padded\">Johannes H\u00f8sflot Kl\u00e6bo, Erik Valnes.<\/p>\n<p class=\"_paragraph_o9xde_4 _paragraph_xtcu6_10 _paragraph_16v91_10 layout-component text-serif-m layout-normal text-sans-m layout-padded\">Utfordrere for \u00e5 fylle opp de(n) siste plassen(e): Oskar Opstad Vike, Harald \u00d8stberg Amundsen, Ansgar Evensen, Even Northug.<\/p>\n<p class=\"_paragraph_o9xde_4 _paragraph_xtcu6_10 _paragraph_16v91_10 layout-component text-serif-m layout-normal text-sans-m layout-padded\"><strong class=\"_strong_o9xde_25\">20 kilometer med skibytte-laget:<\/strong><\/p>\n<p class=\"_paragraph_o9xde_4 _paragraph_xtcu6_10 _paragraph_16v91_10 layout-component text-serif-m layout-normal text-sans-m layout-padded\">Johannes H\u00f8sflot Kl\u00e6bo, Harald \u00d8stberg Amundsen, Martin L\u00f8wstr\u00f8m Nyenget.<\/p>\n<p class=\"_paragraph_o9xde_4 _paragraph_xtcu6_10 _paragraph_16v91_10 layout-component text-serif-m layout-normal text-sans-m layout-padded\">Utfordrere for \u00e5 fylle opp de(n) siste plassen(e): Erik Valnes, Emil Iversen, Simen Hegstad Kr\u00fcger, Andreas Fjorden Ree, Mattis Stenshagen.<\/p>\n<p class=\"_paragraph_o9xde_4 _paragraph_xtcu6_10 _paragraph_16v91_10 layout-component text-serif-m layout-normal text-sans-m layout-padded\"><strong class=\"_strong_o9xde_25\">10 kilometer fristil-laget:<\/strong><\/p>\n<p class=\"_paragraph_o9xde_4 _paragraph_xtcu6_10 _paragraph_16v91_10 layout-component text-serif-m layout-normal text-sans-m layout-padded\">Johannes H\u00f8sflot Kl\u00e6bo, Harald \u00d8stberg Amundsen, Martin L\u00f8wstr\u00f8m Nyenget.<\/p>\n<p class=\"_paragraph_o9xde_4 _paragraph_xtcu6_10 _paragraph_16v91_10 layout-component text-serif-m layout-normal text-sans-m layout-padded\">Utfordrere for \u00e5 fylle opp de(n) siste plassen(e): Einar Hedegart, Andreas Fjorden Ree, Emil Iversen.<\/p>\n<p class=\"_paragraph_o9xde_4 _paragraph_xtcu6_10 _paragraph_16v91_10 layout-component text-serif-m layout-normal text-sans-m layout-padded\"><strong class=\"_strong_o9xde_25\">50 kilometer-laget:<\/strong><\/p>\n<p class=\"_paragraph_o9xde_4 _paragraph_xtcu6_10 _paragraph_16v91_10 layout-component text-serif-m layout-normal text-sans-m layout-padded\">Er den avsluttende mesterskaps\u00f8velsen. Pleier \u00e5 bli tatt ut basert p\u00e5 prestasjonene tidligere i mesterskapet.<\/p>\n<p>Vis mer<\/p>\n<p class=\"_paragraph_o9xde_4 _paragraph_xtcu6_10 layout-component text-serif-m layout-normal text-serif-m layout-padded\">Men det er bare fristil han kan g\u00e5, sier han selv:<\/p>\n<p class=\"_paragraph_o9xde_4 _paragraph_xtcu6_10 layout-component text-serif-m layout-normal text-serif-m layout-padded\"><strong class=\"_strong_o9xde_25\">\u2013 Kan du karakterisere deg selv i klassisk stil?<\/strong><\/p>\n<p class=\"_paragraph_o9xde_4 _paragraph_xtcu6_10 layout-component text-serif-m layout-normal text-serif-m layout-padded\">\u2013 Nei.<\/p>\n<p class=\"_paragraph_o9xde_4 _paragraph_xtcu6_10 layout-component text-serif-m layout-normal text-serif-m layout-padded\"><strong class=\"_strong_o9xde_25\">\u2013 Har du ikke et annet ord enn \u00abnei\u00bb, sp\u00f8r VG.<\/strong><\/p>\n<p class=\"_paragraph_o9xde_4 _paragraph_xtcu6_10 layout-component text-serif-m layout-normal text-serif-m layout-padded\">\u2013 Nei, jeg har ikke noe der \u00e5 gj\u00f8re, sier Hedegart og smiler.<\/p>\n<p class=\"_paragraph_o9xde_4 _paragraph_xtcu6_10 layout-component text-serif-m layout-normal text-serif-m layout-padded\">24-\u00e5ringen p\u00e5peker overfor VG at han kan v\u00e6re aktuell for tre OL-\u00f8velser.<\/p>\n<p class=\"_paragraph_o9xde_4 _paragraph_xtcu6_10 layout-component text-serif-m layout-normal text-serif-m layout-padded\">Det var ikke alle norske ut\u00f8vere som var like forn\u00f8yde p\u00e5 kvinnesiden, heller:<\/p>\n<p class=\"_paragraph_o9xde_4 _paragraph_xtcu6_10 layout-component text-serif-m layout-normal text-serif-m layout-padded\">Han h\u00e5per for eksempel \u00e5 v\u00e6re aktuell i teamsprint som g\u00e5r i fristil.<\/p>\n<p class=\"_paragraph_o9xde_4 _paragraph_xtcu6_10 layout-component text-serif-m layout-normal text-serif-m layout-padded\">Han mener ogs\u00e5 han er et kort ledelsen kan bruke p\u00e5 den tredje etappen p\u00e5 en stafett.<\/p>\n<p class=\"_paragraph_o9xde_4 _paragraph_xtcu6_10 layout-component text-serif-m layout-normal text-serif-m layout-padded\">\u2013 Men akkurat n\u00e5 har jeg i hvert fall bevist at jeg ikke er for d\u00e5rlig. Det er en god f\u00f8lelse i seg selv. Men faktum er at det er f\u00e5 plasser. Ledelsen f\u00e5r ta de valgene de mener er riktig, sier han.<\/p>\n<p class=\"_paragraph_o9xde_4 _paragraph_xtcu6_10 layout-component text-serif-m layout-normal text-serif-m layout-padded\">Litt mindre diplomatisk var han bare noen sekunder f\u00f8r.<\/p>\n<p class=\"_paragraph_o9xde_4 _paragraph_xtcu6_10 layout-component text-serif-m layout-normal text-serif-m layout-padded\"><strong class=\"_strong_o9xde_25\">\u2013 Er du i OL n\u00e5?<\/strong><\/p>\n<p class=\"_paragraph_o9xde_4 _paragraph_xtcu6_10 layout-component text-serif-m layout-normal text-serif-m layout-padded\">\u2013 Jeg tar ut meg selv, sier tr\u00f8nderen.<\/p>\n<p class=\"_paragraph_o9xde_4 _paragraph_xtcu6_10 layout-component text-serif-m layout-normal text-serif-m layout-padded\">Frida Karlsson hadde ingen optimal oppladning mot verdenscupen i Trondheim.<\/p>\n<p class=\"_paragraph_o9xde_4 _paragraph_xtcu6_10 layout-component text-serif-m layout-normal text-serif-m layout-padded\"><strong class=\"_strong_o9xde_25\">\u2013 S\u00e5 du f\u00f8ler denne seieren var nok?<\/strong><\/p>\n<p class=\"_paragraph_o9xde_4 _paragraph_xtcu6_10 layout-component text-serif-m layout-normal text-serif-m layout-padded\">\u2013 Jeg sier det litt p\u00e5 tull. Men jeg har en bra statistikk det siste \u00e5ret. Jeg har ikke noen d\u00e5rlige distanserenn over et helt \u00e5r i b\u00e5de verdenscup og norgescupet helt \u00e5r i b\u00e5de verdenscup og norgescupHedegart har blitt tatt ut til fire verdenscuprenn i langrenn i karrieren siden desember 2024. Alt er i fristil. Han har blitt nummer \u00e5tte, men tatt sm\u00e5tt utrolige tre pallplasser. P\u00e5 samme tid har han vunnet fire fristilsrenn i enten norgescup eller nasjonal \u00e5pning p\u00e5 Beitost\u00f8len., sier han.<\/p>\n<p class=\"_paragraph_o9xde_4 _paragraph_xtcu6_10 layout-component text-serif-m layout-normal text-serif-m layout-padded\">\u2013 Jeg har festet et grep om det. Men jeg er ikke tatt ut f\u00f8r jeg er tatt ut. Frem til n\u00e5 har verdenscup v\u00e6rt m\u00e5let.<\/p>\n<p class=\"_paragraph_o9xde_4 _paragraph_xtcu6_10 layout-component text-serif-m layout-normal text-serif-m layout-padded\">\u2013 OL blir en konsekvens av prestasjoner. Jeg tar renn for renn. Men det hadde v\u00e6rt ekstremt kult med et OL p\u00e5 toppen av kaken, sier han.<\/p>\n<p><img alt=\"Einar Hedegart, her sammen med landslagstrener Eirik Myhr Nossum  Foto: Geir Olsen \/ NTB\" class=\"_image_qp4xg_65 layout-component layout-normal\" data-fullscreen- data-track-element-type=\"Article image fullscreen\" data-track-name=\"ImageFullscreen\" decoding=\"async\" loading=\"lazy\" height=\"4931\" itemprop=\"image\"  src=\"https:\/\/www.europesays.com\/no\/wp-content\/uploads\/2025\/12\/989a88ff-311b-4000-b380-710db1d196f1\"  style=\"object-position:0% 0%\" width=\"7392\"\/>Einar Hedegart, her sammen med landslagstrener Eirik Myhr Nossum  Foto: Geir Olsen \/ NTB<\/p>\n<p class=\"_paragraph_o9xde_4 _paragraph_xtcu6_10 layout-component text-serif-m layout-normal text-serif-m layout-padded\">NRK-ekspert <a href=\"https:\/\/www.vg.no\/tag\/fredrik-aukland?utm_source=vg-article&amp;utm_medium=auto-tagger&amp;utm_campaign=8pwPp1\" class=\"_link_o9xde_39\" rel=\"nofollow noopener\" target=\"_blank\">Fredrik Aukland<\/a> gj\u00f8r f\u00f8lgende vurdering om Hedegart b\u00f8r med p\u00e5 det norske OL-laget p\u00e5 10 kilometer fristil:<\/p>\n<p class=\"_paragraph_o9xde_4 _paragraph_xtcu6_10 layout-component text-serif-m layout-normal text-serif-m layout-padded\">\u2013 Det er helt surrealistisk at vi i det hele tatt diskuterer det. Vi har verdens beste p\u00e5 10 kilometer fristil individuell start. At vi engang vurderer om han skal v\u00e6re med i den norske OL-troppen, det sier noe om niv\u00e5et p\u00e5 herrene.<\/p>\n<p class=\"_paragraph_o9xde_4 _paragraph_xtcu6_10 layout-component text-serif-m layout-normal text-serif-m layout-padded\">\u2013 Men han har vist at han kan vinne. OL handler om medaljer. Da er du god nok til \u00e5 v\u00e6re med. Han har bevist det n\u00e5. Hva mer skal til? Det er sp\u00f8rsm\u00e5let jeg stiller meg da, sier Aukland.<\/p>\n<p><img decoding=\"async\" alt=\"Bilde av Fredrik Aukland\" class=\"_image_ygndg_42\" height=\"27\" itemprop=\"image\" loading=\"lazy\"  src=\"https:\/\/www.europesays.com\/no\/wp-content\/uploads\/2025\/12\/250b7088-49e4-4309-9317-f1a4bdcc8a9f\"  width=\"40\"\/><strong class=\"_name_ygndg_51 title-serif-xs\">Fredrik Aukland<\/strong><\/p>\n<p class=\"_paragraph_o9xde_4 text-sans-m _description_ygndg_56\">Langrennsekspert<\/p>\n<p class=\"_paragraph_o9xde_4 _paragraph_xtcu6_10 layout-component text-serif-m layout-normal text-serif-m layout-padded\">Han mener langrennsledelsen i Norges Skiforbund m\u00e5 vurdere \u00e5 ikke la Hedegart sitte for lenge p\u00e5 pinebenken.<\/p>\n<p class=\"_paragraph_o9xde_4 _paragraph_xtcu6_10 layout-component text-serif-m layout-normal text-serif-m layout-padded\">\u2013 Jeg hadde gitt ham beskjeden og muligheten n\u00e5. Slik at han kan forberede seg til OL p\u00e5 best mulige m\u00e5te. Det er snakk om marginer ned til de andre, men han har vist han kan vinne, gjentar Aukland.<\/p>\n<p class=\"_paragraph_o9xde_4 _paragraph_xtcu6_10 layout-component text-serif-m layout-normal text-serif-m layout-padded\">PS: Neste helg venter nok en 10 kilometer fristil i verdenscupen i Davos. Der er nok Hedegart p\u00e5 startstreken igjen.<\/p>\n","protected":false},"excerpt":{"rendered":"Norge har knapt plasser til OL sammenlignet med VM. Selv etter enorm suksess, forst\u00e5r \u00abspesialisten\u00bb Einar Hedegart (24)&hellip;\n","protected":false},"author":2,"featured_media":107172,"comment_status":"","ping_status":"","sticky":false,"template":"","format":"standard","meta":{"footnotes":""},"categories":[59],"tags":[11507,13297,398,30,28,29,83,82,399],"class_list":{"0":"post-107171","1":"post","2":"type-post","3":"status-publish","4":"format-standard","5":"has-post-thumbnail","7":"category-sport","8":"tag-einar-hedegart","9":"tag-fredrik-aukland","10":"tag-langrenn","11":"tag-no","12":"tag-norge","13":"tag-norway","14":"tag-sport","15":"tag-sports","16":"tag-vintersport"},"share_on_mastodon":{"url":"https:\/\/pubeurope.com\/@no\/115682783150041135","error":""},"_links":{"self":[{"href":"https:\/\/www.europesays.com\/no\/wp-json\/wp\/v2\/posts\/107171","targetHints":{"allow":["GET"]}}],"collection":[{"href":"https:\/\/www.europesays.com\/no\/wp-json\/wp\/v2\/posts"}],"about":[{"href":"https:\/\/www.europesays.com\/no\/wp-json\/wp\/v2\/types\/post"}],"author":[{"embeddable":true,"href":"https:\/\/www.europesays.com\/no\/wp-json\/wp\/v2\/users\/2"}],"replies":[{"embeddable":true,"href":"https:\/\/www.europesays.com\/no\/wp-json\/wp\/v2\/comments?post=107171"}],"version-history":[{"count":0,"href":"https:\/\/www.europesays.com\/no\/wp-json\/wp\/v2\/posts\/107171\/revisions"}],"wp:featuredmedia":[{"embeddable":true,"href":"https:\/\/www.europesays.com\/no\/wp-json\/wp\/v2\/media\/107172"}],"wp:attachment":[{"href":"https:\/\/www.europesays.com\/no\/wp-json\/wp\/v2\/media?parent=107171"}],"wp:term":[{"taxonomy":"category","embeddable":true,"href":"https:\/\/www.europesays.com\/no\/wp-json\/wp\/v2\/categories?post=107171"},{"taxonomy":"post_tag","embeddable":true,"href":"https:\/\/www.europesays.com\/no\/wp-json\/wp\/v2\/tags?post=107171"}],"curies":[{"name":"wp","href":"https:\/\/api.w.org\/{rel}","templated":true}]}}