{"id":107173,"date":"2025-12-08T07:32:13","date_gmt":"2025-12-08T07:32:13","guid":{"rendered":"https:\/\/www.europesays.com\/no\/107173\/"},"modified":"2025-12-08T07:32:13","modified_gmt":"2025-12-08T07:32:13","slug":"nytt-stemmesystem-og-spennende-utfordringer","status":"publish","type":"post","link":"https:\/\/www.europesays.com\/no\/107173\/","title":{"rendered":"Nytt stemmesystem og spennende utfordringer"},"content":{"rendered":"<p class=\"kicker \" style=\"\">Sesong to av \u00abBoksen\u00bb<\/p>\n<p>  I februar er realitysuksessen \u00abBoksen\u00bb tilbake i kjent format &#8211; med unntak av et splitter nytt stemmesystem.\u00a0<\/p>\n<p>\n    TILBAKE: \u00abBoksen\u00bb er tilbake og disse 13 kjente menneskene skal plasseres i hver sin boks. Foto: Matti Bernitz\/TV 2\n  <\/p>\n<p>\u00abBoksen\u00bb er tilbake i helt ny utgave, og i sesong to skal\u00a0deltakerne ikke bare bryne seg p\u00e5 spektakul\u00e6re utfordringer, men m\u00e5 ogs\u00e5 bevise at de behersker strategi og alliansebygging. <\/p>\n<p>    <a itemprop=\"url\" href=\"https:\/\/www.dagbladet.no\/kjendis\/deler-aerlig-jeg-ble-lei-meg\/83951482\" rel=\"nofollow noopener\" target=\"_blank\"><\/p>\n<p>      <img loading=\"lazy\" decoding=\"async\" src=\"https:\/\/www.europesays.com\/no\/wp-content\/uploads\/2025\/12\/83951412.webp\" width=\"980\" height=\"441\" title=\"Deler \u00e6rlig: - Jeg ble lei meg\" alt=\"\" class=\"lazyload\" style=\"--aspect-ratio-image: 2.22; \"\/><\/p>\n<p>        Deler \u00e6rlig: &#8211; Jeg ble lei meg<\/p>\n<p>    <\/a><\/p>\n<p>&#8211; Sesong to er noe av det beste jeg har v\u00e6rt med p\u00e5 \u00e5 lage, sier programleder Mads Hansen i en pressemelding.<\/p>\n<p>I \u00abBoksen\u00bb plasseres 13 kjente mennesker i hver sin boks. De vet verken hvor de skal, hvilken utfordring som venter, eller hva de m\u00e5 mestre for \u00e5 komme videre.\u00a0<\/p>\n<p>    Deltakere i sesong to:<\/p>\n<ul>\n<li>Benedicte Adrian &#8211; artist<\/li>\n<li>Frode Grod\u00e5s &#8211; tidligere landslagskeeper<\/li>\n<li>Morten Hegseth &#8211; programleder<\/li>\n<li>Tuva Billing &#8211; skuespiller<\/li>\n<li>Anette Trettebergstuen &#8211; politiker<\/li>\n<li>Emil W\u00e6raas &#8211; komiker<\/li>\n<li>Kasper Kvello &#8211; treningsinfluenser<\/li>\n<li>Margrete R\u00f8ed &#8211; programleder<\/li>\n<li>Erik Follestad &#8211; tidligere ishockeyspiller<\/li>\n<li>Jon Ludvig Hammer &#8211; stormester i sjakk<\/li>\n<li>Tomine Harket &#8211; artist<\/li>\n<li>Sofie Karlstad &#8211; tv-personlighet<\/li>\n<li>Tim Kristian &#8211; skj\u00f8nnhetsinfluenser<\/li>\n<\/ul>\n<p>      Vis mer<br \/>\n      Vis mindre<\/p>\n<p>N\u00e5r d\u00f8ren \u00e5pnes, er konkurransen i gang. Deltakerne m\u00e5 dermed takle alt fra det skumle og uventede, til det morsomme og grensel\u00f8se.<\/p>\n<p>Gjennom ti episoder og over 30 oppgaver m\u00e5 deltakerne fortsatt kjempe mot frykten for det ukjente, men denne gangen med helt nye vrier som vil forandre spillet totalt.<\/p>\n<p>        \u00abDRA-TIL\u00bb-TRYNET: Emil Gukild blir flau da han f\u00e5r vite hvilket inntrykk skuespillerkollega Jakob Oftebro hadde av TV-profilen f\u00f8r de m\u00f8ttes. Reporter: Sanne Holt\/ Celine N\u00e6ss Andreassen. Video: \u00abFlukten fra Bolivia\u00bb\/ TV 2\/ R\u00f8d L\u00f8per<\/p>\n<p>Nytt for denne sesongen er innf\u00f8ringen av et helt unikt stemmesystem &#8211; ulikt alt annet man tidligere har sett p\u00e5 norsk TV, if\u00f8lge pressemeldingen.\u00a0<\/p>\n<p>Poengene deltakerne samler i oppgavene brukes som valuta n\u00e5r gruppen skal stemme over hvem som m\u00e5 ut i utslagsduell. Med andre ord m\u00e5\u00a0man b\u00e5de mestre utfordringene og spillet for \u00e5 kunne n\u00e5 langt i konkurransen.\u00a0<\/p>\n<p>    <a itemprop=\"url\" href=\"https:\/\/www.dagbladet.no\/kjendis\/har-omsider-fatt-svar\/83950557\" rel=\"nofollow noopener\" target=\"_blank\"><\/p>\n<p>      <img loading=\"lazy\" decoding=\"async\" src=\"https:\/\/www.europesays.com\/no\/wp-content\/uploads\/2025\/12\/1765179132_108_82449161.webp\" width=\"980\" height=\"441\" title=\"Har omsider f\u00e5tt svar\" alt=\"\" class=\"lazyload\" style=\"--aspect-ratio-image: 2.22; \"\/><\/p>\n<p>        Har omsider f\u00e5tt svar<\/p>\n<p>    <\/a><\/p>\n<p>Programleder Mads Hansen er full av lovord om den nye sesongen:\u00a0<\/p>\n<p>&#8211; Denne sesongen blir enda bedre enn jeg turte \u00e5 dr\u00f8mme om. Konkurransene er bedre, smartere og mer spennende. Det nyinnf\u00f8rte stemmesystemet gir akkurat den temperaturen og det dramaet vi h\u00e5pet p\u00e5, sier han.<\/p>\n<p>          <img loading=\"lazy\" decoding=\"async\" src=\"https:\/\/www.europesays.com\/no\/wp-content\/uploads\/2025\/12\/83951228.webp\" width=\"686\" height=\"460\" title=\"PROGRAMLEDER: Mads Hansen er programleder for \u00abBoksen\u00bb og lover at konkurransene er bedre, smartere og mer spennende denne sesongen.\" alt=\"\" class=\"\" style=\"--aspect-ratio-image: 1.49; \"\/><\/p>\n<p>\n          PROGRAMLEDER: Mads Hansen er programleder for \u00abBoksen\u00bb og lover at konkurransene er bedre, smartere og mer spennende denne sesongen.\n      <\/p>\n<p>Hansen sier videre at det, etter hans mening, er en del ting de kunne l\u00f8st annerledes i sesong en.<\/p>\n<p>&#8211; Det har vi l\u00e6rt av, og det har resultert i endringer som jeg mener gj\u00f8r sesong to til noe av det beste jeg noen gang har v\u00e6rt med p\u00e5 \u00e5 lage, sier Hansen i pressemeldingen.\u00a0<\/p>\n<p class=\"italic m-italic\" data-lab-italic=\"italic\">\u00abBoksen\u00bb sesong 2 har premiere p\u00e5 TV 2 Play og TV 2 Direkte i februar.\u00a0<\/p>\n","protected":false},"excerpt":{"rendered":"Sesong to av \u00abBoksen\u00bb I februar er realitysuksessen \u00abBoksen\u00bb tilbake i kjent format &#8211; med unntak av et&hellip;\n","protected":false},"author":2,"featured_media":107174,"comment_status":"","ping_status":"","sticky":false,"template":"","format":"standard","meta":{"footnotes":""},"categories":[58],"tags":[13339,71,479,5164,30,28,29,72],"class_list":{"0":"post-107173","1":"post","2":"type-post","3":"status-publish","4":"format-standard","5":"has-post-thumbnail","7":"category-underholdning","8":"tag-boksen","9":"tag-entertainment","10":"tag-kjendis","11":"tag-mads-hansen","12":"tag-no","13":"tag-norge","14":"tag-norway","15":"tag-underholdning"},"share_on_mastodon":{"url":"https:\/\/pubeurope.com\/@no\/115682787185632784","error":""},"_links":{"self":[{"href":"https:\/\/www.europesays.com\/no\/wp-json\/wp\/v2\/posts\/107173","targetHints":{"allow":["GET"]}}],"collection":[{"href":"https:\/\/www.europesays.com\/no\/wp-json\/wp\/v2\/posts"}],"about":[{"href":"https:\/\/www.europesays.com\/no\/wp-json\/wp\/v2\/types\/post"}],"author":[{"embeddable":true,"href":"https:\/\/www.europesays.com\/no\/wp-json\/wp\/v2\/users\/2"}],"replies":[{"embeddable":true,"href":"https:\/\/www.europesays.com\/no\/wp-json\/wp\/v2\/comments?post=107173"}],"version-history":[{"count":0,"href":"https:\/\/www.europesays.com\/no\/wp-json\/wp\/v2\/posts\/107173\/revisions"}],"wp:featuredmedia":[{"embeddable":true,"href":"https:\/\/www.europesays.com\/no\/wp-json\/wp\/v2\/media\/107174"}],"wp:attachment":[{"href":"https:\/\/www.europesays.com\/no\/wp-json\/wp\/v2\/media?parent=107173"}],"wp:term":[{"taxonomy":"category","embeddable":true,"href":"https:\/\/www.europesays.com\/no\/wp-json\/wp\/v2\/categories?post=107173"},{"taxonomy":"post_tag","embeddable":true,"href":"https:\/\/www.europesays.com\/no\/wp-json\/wp\/v2\/tags?post=107173"}],"curies":[{"name":"wp","href":"https:\/\/api.w.org\/{rel}","templated":true}]}}